{"id":92060,"date":"2023-12-16T09:04:12","date_gmt":"2023-12-16T12:04:12","guid":{"rendered":"https:\/\/grandepremio.com\/br\/noticias\/ex-f1-giedo-van-der-garde-aposentadoria-esporte-4o-lugar-classe-lmp2-imsa\/"},"modified":"2023-12-16T11:42:03","modified_gmt":"2023-12-16T14:42:03","slug":"ex-f1-giedo-van-der-garde-aposentadoria-esporte-4o-lugar-classe-lmp2-imsa","status":"publish","type":"post","link":"https:\/\/grandepremio.com\/br\/f1\/ex-f1-giedo-van-der-garde-aposentadoria-esporte-4o-lugar-classe-lmp2-imsa\/","title":{"rendered":"Ex-F1, Van der Garde anuncia aposentadoria do esporte ap\u00f3s 4\u00ba lugar na classe LMP2 do IMSA"},"content":{"rendered":"\n<p class=\"wp-block-paragraph\">Quarto colocado na classe <strong>LMP2 <\/strong>do <strong>IMSA <\/strong>em 2023, <strong>Giedo van der Garde<\/strong>, ex-piloto da <strong>F\u00f3rmula 1<\/strong>, anunciou sua aposentadoria neste s\u00e1bado (16), aos <strong>38 <\/strong>anos. Em v\u00eddeo postado em suas redes sociais, o neerland\u00eas relembrou momentos importantes da carreira, a parceria com o pai nos tempos de kart e confirmou que vai se ausentar das pistas para passar mais tempo com a fam\u00edlia.<\/p>\n\n\n\n<p class=\"wp-block-paragraph\">Al\u00e9m disso, o agora ex-piloto se tornou comentarista do servi\u00e7o de streaming sueco <em>Viaplay <\/em>no ano passado, algo que passar\u00e1 a ser o foco principal de sua carreira daqui em diante.<\/p>\n\n\n\n<p class=\"wp-block-paragraph\">&#8220;Hoje, digo adeus ao automobilismo&#8221;, disse Van der Garde em v\u00eddeo postado nas redes sociais. &#8220;Um pouco triste? Talvez, mas orgulhoso e feliz ao mesmo tempo. Foi uma grande jornada. Obrigado a todos que fizeram isso acontecer. Os anos se passaram como um flash, mas irei lembr\u00e1-los para sempre&#8221;, anunciou.<\/p>\n\n\n\n<p class=\"wp-block-paragraph\">Campe\u00e3o mundial de kart em 2002, Van der Garde teve um in\u00edcio complicado nos monopostos, sem t\u00edtulos at\u00e9 2008. Naquele ano, se sagrou campe\u00e3o da <strong>F\u00f3rmula Renault 3.5<\/strong> e partiu em dire\u00e7\u00e3o \u00e0 <strong>GP2 <\/strong>\u2014 atual F\u00f3rmula 2 \u2014, na qual permaneceu por quatro temporadas.<\/p>\n\n\n\n<figure class=\"wp-block-image size-large\"><img decoding=\"async\" src=\"https:\/\/www.grandepremio.com\/br\/wp-content\/uploads\/2023\/12\/F1-2013-CATERHAM-GIEDO-VAN-DER-GARDE-1024x683.jpg\" alt=\"\" class=\"wp-image-764271\"\/><figcaption class=\"wp-element-caption\">Em 2013, Van der Garde foi piloto da Caterham na F1 (Foto: Caterham)<\/figcaption><\/figure>\n\n\n\n<p class=\"wp-block-paragraph\">Com um <strong>quinto <\/strong>lugar na classifica\u00e7\u00e3o final como melhor resultado, Giedo foi promovido \u00e0 F\u00f3rmula 1 pela <strong>Caterham <\/strong>em 2013, mas lidou com um carro absolutamente sem competitividade e n\u00e3o somou um ponto sequer em <strong>19 <\/strong>largadas.<\/p>\n\n\n\n<p class=\"wp-block-paragraph\">Depois de sua \u00fanica participa\u00e7\u00e3o na F1, Van der Garde se tornou piloto de testes da <strong>Sauber <\/strong>e passou a se aventurar no endurance, inclusive com o t\u00edtulo da <strong>Le Mans Europeia<\/strong> na classe LMP2 em 2016. Desde ent\u00e3o, o neerland\u00eas acumulou disputas no <strong>WEC <\/strong>e no IMSA e correu as <strong>24 Horas de Le Mans<\/strong> quatro vezes, sempre na LMP2 \u2014 com um <strong>s\u00e9timo <\/strong>lugar em 2018 como melhor posi\u00e7\u00e3o de chegada.<\/p>\n\n\n\n<p class=\"wp-block-paragraph\"><strong>\u25b6\ufe0f&nbsp;Inscreva-se nos dois canais do GRANDE PR\u00caMIO no YouTube:&nbsp;<a href=\"https:\/\/www.youtube.com\/channel\/UC9OlHEgxoaY6QY6nWPoiqQg?sub_confirmation=1\" target=\"_blank\" rel=\"noreferrer noopener\">GP<\/a>&nbsp;|&nbsp;<a href=\"https:\/\/www.youtube.com\/channel\/UC9csiS6q_C3C0FYhyr1rnFA?sub_confirmation=1\" target=\"_blank\" rel=\"noreferrer noopener\">GP2<\/a><\/strong><br><strong>\u25b6\ufe0f&nbsp;<a href=\"https:\/\/www.twitch.tv\/grandepremio\" target=\"_blank\" rel=\"noreferrer noopener\">Conhe\u00e7a o canal do GRANDE PR\u00caMIO na Twitch clicando aqui!<\/a><\/strong><\/p>\n\n\n\n<figure class=\"wp-block-embed is-type-video is-provider-youtube wp-block-embed-youtube wp-embed-aspect-16-9 wp-has-aspect-ratio\"><div class=\"wp-block-embed__wrapper\">\n<iframe loading=\"lazy\" title=\"RED BULL vai repetir DOM\u00cdNIO na F1 2024? Tudo indica QUE SIM! | GP \u00e0s 10\" width=\"500\" height=\"281\" src=\"https:\/\/www.youtube.com\/embed\/wLXn4Er0mus?feature=oembed\" frameborder=\"0\" allow=\"accelerometer; autoplay; clipboard-write; encrypted-media; gyroscope; picture-in-picture; web-share\" referrerpolicy=\"strict-origin-when-cross-origin\" allowfullscreen><\/iframe>\n<\/div><\/figure>\n","protected":false},"excerpt":{"rendered":"<p>Depois de completar mais uma temporada no endurance em 2023, Giedo van der Garde, ex-piloto da Caterham na F\u00f3rmula 1, anunciou aposentadoria do automobilismo aos 38 anos<\/p>\n","protected":false},"author":0,"featured_media":1000764270,"comment_status":"closed","ping_status":"closed","sticky":false,"template":"","format":"standard","meta":{"42wp_featured_image_caption":"","42wp_featured_image_credits":"","42wp_featured_video":"","42wp_featured_image_hidden":false,"42wp_authors_list":[],"footnotes":""},"categories":[2],"tags":[27776,34186,27487,32017,33847,1118,8235,33526,6533,642,11958,33890,32218,1491,32667,1249,37468],"42wp_author":[47142],"class_list":["post-92060","post","type-post","status-publish","format-standard","has-post-thumbnail","hentry","category-f1","tag-assistir-f1-ao-vivo","tag-assistir-f1-gratis","tag-assistir-f1-online","tag-calendario-f1-2023","tag-calendario-f1-2023-horarios","tag-caterham","tag-classificacao-da-f1","tag-classificacao-f1-2023","tag-f1-2023","tag-f1-ao-vivo","tag-f1-live","tag-f1-tv-2023","tag-giedo-van-der-garde","tag-grande-premio","tag-grandepremio-f1","tag-retrospectiva","tag-retrospectiva-f1-2023","42wp_author-jp-nascimento"],"_links":{"self":[{"href":"https:\/\/grandepremio.com\/br\/wp-json\/wp\/v2\/posts\/92060","targetHints":{"allow":["GET"]}}],"collection":[{"href":"https:\/\/grandepremio.com\/br\/wp-json\/wp\/v2\/posts"}],"about":[{"href":"https:\/\/grandepremio.com\/br\/wp-json\/wp\/v2\/types\/post"}],"replies":[{"embeddable":true,"href":"https:\/\/grandepremio.com\/br\/wp-json\/wp\/v2\/comments?post=92060"}],"version-history":[{"count":0,"href":"https:\/\/grandepremio.com\/br\/wp-json\/wp\/v2\/posts\/92060\/revisions"}],"wp:featuredmedia":[{"embeddable":true,"href":"https:\/\/grandepremio.com\/br\/wp-json\/wp\/v2\/media\/1000764270"}],"wp:attachment":[{"href":"https:\/\/grandepremio.com\/br\/wp-json\/wp\/v2\/media?parent=92060"}],"wp:term":[{"taxonomy":"category","embeddable":true,"href":"https:\/\/grandepremio.com\/br\/wp-json\/wp\/v2\/categories?post=92060"},{"taxonomy":"post_tag","embeddable":true,"href":"https:\/\/grandepremio.com\/br\/wp-json\/wp\/v2\/tags?post=92060"},{"taxonomy":"42wp_author","embeddable":true,"href":"https:\/\/grandepremio.com\/br\/wp-json\/wp\/v2\/42wp_author?post=92060"}],"curies":[{"name":"wp","href":"https:\/\/api.w.org\/{rel}","templated":true}]}}