{"id":9214,"date":"2026-05-09T05:00:00","date_gmt":"2026-05-09T08:00:00","guid":{"rendered":"https:\/\/grandepremio.com\/br\/noticias\/assista-ao-vivo-etapa-gtwc-america-sebring-grande-premio\/"},"modified":"2026-05-07T16:58:18","modified_gmt":"2026-05-07T19:58:18","slug":"assista-ao-vivo-etapa-gtwc-america-sebring-grande-premio","status":"publish","type":"post","link":"https:\/\/grandepremio.com\/br\/endurance\/assista-ao-vivo-etapa-gtwc-america-sebring-grande-premio\/","title":{"rendered":"Assista ao vivo \u00e0 etapa do GTWC Am\u00e9rica em Sebring no GRANDE PR\u00caMIO"},"content":{"rendered":"\n<p class=\"wp-block-paragraph\">O\u00a0<strong>GT World Challenge Am\u00e9rica<\/strong>\u00a0volta \u00e0 pista neste s\u00e1bado (9) para disputar a etapa de <strong>Sebring<\/strong>. A corrida na Fl\u00f3rida \u00e9 a terceira da temporada 2026, e voc\u00ea confere toda a a\u00e7\u00e3o que acontece no\u00a0<strong><strong>Sebring International Raceway<\/strong><\/strong>\u00a0no\u00a0<strong>GRANDE PR\u00caMIO<\/strong>.<\/p>\n\n\n\n<p class=\"wp-block-paragraph\">A classifica\u00e7\u00e3o e corrida deste fim de fim de semana ter\u00e3o transmiss\u00e3o&nbsp;<strong>AO VIVO e COM IMAGENS<\/strong>&nbsp;nos canais do&nbsp;<strong>GRANDE PR\u00caMIO<\/strong>&nbsp;no&nbsp;<strong>YouTube&nbsp;<\/strong>e na&nbsp;<strong>GPTV<\/strong>.<\/p>\n\n\n\n<h2 class=\"wp-block-heading\" id=\"h-assista-a-etapa-de-sebring-do-gtwc-america-no-grande-premio\"><strong>Assista \u00e0 etapa de Sebring do GTWC Am\u00e9rica no GRANDE PR\u00caMIO:<\/strong><\/h2>\n\n\n\n<figure class=\"wp-block-embed is-type-video is-provider-youtube wp-block-embed-youtube wp-embed-aspect-4-3 wp-has-aspect-ratio\"><div class=\"wp-block-embed__wrapper\">\n<iframe loading=\"lazy\" title=\"GTWC AM\u00c9RICA 2026 COM IMAGENS | CORRIDA EM SEBRING | 3\u00aa ETAPA\" width=\"500\" height=\"281\" src=\"https:\/\/www.youtube.com\/embed\/LBzUmcqTGJY?feature=oembed\" frameborder=\"0\" allow=\"accelerometer; autoplay; clipboard-write; encrypted-media; gyroscope; picture-in-picture; web-share\" referrerpolicy=\"strict-origin-when-cross-origin\" allowfullscreen><\/iframe>\n<\/div><\/figure>\n\n\n\n<h3 class=\"wp-block-heading\" id=\"h-gp-experience-o-novo-produto-do-grande-premio-conecta-voce-aos-maiores-eventos-de-esporte-a-motor-do-mundo-va-para-indianapolis-com-a-gente-nbsp-saiba-aqui-todos-os-detalhes\"><strong><mark style=\"background-color:rgba(0, 0, 0, 0)\" class=\"has-inline-color has-vivid-red-color\">+ GP EXPERIENCE: o novo produto do GRANDE PR\u00caMIO conecta voc\u00ea aos maiores eventos de esporte a motor do mundo. V\u00e1 para Indian\u00e1polis com a gente:&nbsp;<a href=\"https:\/\/gpexperience.tur.br\/\" target=\"_blank\" rel=\"noreferrer noopener\">saiba aqui todos os detalhes<\/a>.<\/mark><\/strong><\/h3>\n\n\n\n<p class=\"wp-block-paragraph\">No s\u00e1bado (9), \u00e0s 15h30 (hor\u00e1rio de Bras\u00edlia, GMT-3), os pilotos v\u00e3o \u00e0 pista do\u00a0<strong>Sebring International Raceway<\/strong>\u00a0para disputar a classifica\u00e7\u00e3o. A \u00fanica corrida deste fim de semana ser\u00e1 no mesmo dia, com largada a partir das 18h10. A equipe de transmiss\u00e3o conta com narra\u00e7\u00e3o de\u00a0<strong>Matheus Pinheiro<\/strong>, enquanto os coment\u00e1rios ficam por conta de\u00a0<strong>Gustavo Almeida<\/strong>.<\/p>\n\n\n\n<p class=\"wp-block-paragraph\">O GTWC Am\u00e9rica j\u00e1 passou por <strong>Sonoma <\/strong>e <strong>Austin <\/strong>antes da etapa deste fim de semana. Na classe <strong>Pro<\/strong>, as duas etapas foram vencidas pelo <strong>#34<\/strong> da <strong>JMF Motorsport<\/strong>, com <strong>Mika\u00ebl Grenier<\/strong> e <strong>Michai Stephens<\/strong> a bordo de um <strong>Mercedes GT3 Evo<\/strong>.<\/p>\n\n\n\n<figure class=\"wp-block-image size-full\"><img decoding=\"async\" src=\"https:\/\/www.grandepremio.com\/br\/wp-content\/uploads\/2026\/05\/timthumb-5.jpeg\" alt=\"\" class=\"wp-image-1084319\"\/><figcaption class=\"wp-element-caption\">Brasileiro Oswaldo Negri Jr. e Jay Schreibman venceram duas etapas da temporada na classe Am (Foto: GTWC Am\u00e9rica)<\/figcaption><\/figure>\n\n\n\n<p class=\"wp-block-paragraph\">\u25b6\ufe0f&nbsp;<strong>Inscreva-se nos dois canais do GRANDE PR\u00caMIO no YouTube:&nbsp;<a href=\"https:\/\/www.youtube.com\/channel\/UC9OlHEgxoaY6QY6nWPoiqQg?sub_confirmation=1\">GP<\/a>&nbsp;|&nbsp;<a href=\"https:\/\/www.youtube.com\/channel\/UC9csiS6q_C3C0FYhyr1rnFA?sub_confirmation=1\">GPTV<\/a><\/strong><\/p>\n\n\n\n<p class=\"wp-block-paragraph\">Na <strong>Pro\/Am<\/strong>, <strong>Tom Sargent<\/strong> e <strong>Kyle Washington<\/strong> levaram a <strong>Porsche 911 #32<\/strong> da <strong>GMG Racing<\/strong> \u00e0 vit\u00f3ria na etapa de abertura do campeonato. No <strong>Circuito das Am\u00e9ricas<\/strong>, <strong>Dave Musial Jr.<\/strong> e <strong>Ryan Yardley<\/strong> deram o triunfo \u00e0 <strong>Wright Motorsports<\/strong>, com a <strong>Porsche 911 #31<\/strong>.<\/p>\n\n\n\n<p class=\"wp-block-paragraph\">Na classe <strong>Am<\/strong>, o brasileiro <strong>Oswaldo Negri Jr.<\/strong> venceu as duas etapas, ao lado de <strong>Jay Schreibman<\/strong>. Ambos defendem a <strong>AF Corse<\/strong> e dividem a <strong>Ferrari 296 GT3 #163<\/strong>.<\/p>\n","protected":false},"excerpt":{"rendered":"<p>O GT World Challenge Am\u00e9rica volta \u00e0 pista neste s\u00e1bado (9) para disputar a etapa de Sebring, com transmiss\u00e3o AO VIVO e COM IMAGENS do GRANDE PR\u00caMIO<\/p>\n","protected":false},"author":0,"featured_media":1001084026,"comment_status":"closed","ping_status":"closed","sticky":false,"template":"","format":"standard","meta":{"42wp_featured_image_caption":"","42wp_featured_image_credits":"","42wp_featured_video":"","42wp_featured_image_hidden":false,"42wp_authors_list":[],"footnotes":""},"categories":[18],"tags":[46403,1491,28285,30855,46400,46406,45643,46399,46405,46402,46404,2441,46401],"42wp_author":[47164],"class_list":["post-9214","post","type-post","status-publish","format-standard","has-post-thumbnail","hentry","category-endurance","tag-calendario-gtwc","tag-grande-premio","tag-grandepremio","tag-gt-world-challenge","tag-gt-world-challenge-2026","tag-gt-world-challenge-hoje","tag-gtwc","tag-gtwc-2026","tag-gtwc-hoje","tag-horarios-gtwc","tag-onde-assistir-gtwc","tag-sebring","tag-temporada-2026-gtwc","42wp_author-marcos-gil-ribeiro"],"_links":{"self":[{"href":"https:\/\/grandepremio.com\/br\/wp-json\/wp\/v2\/posts\/9214","targetHints":{"allow":["GET"]}}],"collection":[{"href":"https:\/\/grandepremio.com\/br\/wp-json\/wp\/v2\/posts"}],"about":[{"href":"https:\/\/grandepremio.com\/br\/wp-json\/wp\/v2\/types\/post"}],"replies":[{"embeddable":true,"href":"https:\/\/grandepremio.com\/br\/wp-json\/wp\/v2\/comments?post=9214"}],"version-history":[{"count":0,"href":"https:\/\/grandepremio.com\/br\/wp-json\/wp\/v2\/posts\/9214\/revisions"}],"wp:featuredmedia":[{"embeddable":true,"href":"https:\/\/grandepremio.com\/br\/wp-json\/wp\/v2\/media\/1001084026"}],"wp:attachment":[{"href":"https:\/\/grandepremio.com\/br\/wp-json\/wp\/v2\/media?parent=9214"}],"wp:term":[{"taxonomy":"category","embeddable":true,"href":"https:\/\/grandepremio.com\/br\/wp-json\/wp\/v2\/categories?post=9214"},{"taxonomy":"post_tag","embeddable":true,"href":"https:\/\/grandepremio.com\/br\/wp-json\/wp\/v2\/tags?post=9214"},{"taxonomy":"42wp_author","embeddable":true,"href":"https:\/\/grandepremio.com\/br\/wp-json\/wp\/v2\/42wp_author?post=9214"}],"curies":[{"name":"wp","href":"https:\/\/api.w.org\/{rel}","templated":true}]}}