{"id":92226,"date":"2023-12-14T05:00:00","date_gmt":"2023-12-14T08:00:00","guid":{"rendered":"https:\/\/grandepremio.com\/br\/noticias\/retrospectiva-2023-tony-kanaan-despede-indy-500-ganha-novo-status-mclaren\/"},"modified":"2023-12-15T09:23:44","modified_gmt":"2023-12-15T12:23:44","slug":"retrospectiva-2023-tony-kanaan-despede-indy-500-ganha-novo-status-mclaren","status":"publish","type":"post","link":"https:\/\/grandepremio.com\/br\/indy\/retrospectiva-2023-tony-kanaan-despede-indy-500-ganha-novo-status-mclaren\/","title":{"rendered":"Retrospectiva 2023: Kanaan se despede da Indy 500 e ganha novo status na McLaren"},"content":{"rendered":"\n<p class=\"wp-block-paragraph\">Foram 22 participa\u00e7\u00f5es, e 2023 marcou a \u00faltima presen\u00e7a de <strong>Tony Kanaan <\/strong>no grid das 500 Milhas de Indian\u00e1polis. Aos 48 anos de idade, o piloto brasileiro \u2014 que j\u00e1 n\u00e3o guia de forma full-time no campeonato desde 2019 \u2014 fechou um contrato com a McLaren para participar da prova no Brickyard pela \u00faltima vez, buscando uma repeti\u00e7\u00e3o do feito de 2013.<\/p>\n\n\n\n<p class=\"wp-block-paragraph\">Depois de<strong> Fernando Alonso e Juan Pablo Montoya<\/strong>, Tony foi o escolhido da McLaren para ser o piloto &#8216;de peso&#8217; no carro extra da equipe. J\u00e1 nos treinos, o desempenho indicava que o brasileiro estaria na briga. Conseguiu se classificar para o top-12 junto de Pato O&#8217;Ward, Alexander Rossi e Felix Rosenqvist, que tamb\u00e9m representavam o time. Ao fim da classifica\u00e7\u00e3o, conseguiu alinhar no nono lugar.<\/p>\n\n\n\n<p class=\"wp-block-paragraph\">O andamento da prova n\u00e3o foi necessariamente o dos sonhos para Tony. O brasileiro n\u00e3o conseguiu manter o ritmo dos companheiros de equipe, especialmente Rosenqvist e O&#8217;Ward, que estiveram mais firmes na briga pela vit\u00f3ria. No fim, cruzou a linha de chegada na 16\u00aa posi\u00e7\u00e3o, com destaque para a batalha nas voltas finais com o eterno amigo <strong>Helio Castroneves<\/strong>.<\/p>\n\n\n\n<p class=\"wp-block-paragraph\"><strong>\u25b6\ufe0f\u00a0Inscreva-se nos dois canais do GRANDE PR\u00caMIO no YouTube:\u00a0<a href=\"https:\/\/www.youtube.com\/channel\/UC9OlHEgxoaY6QY6nWPoiqQg?sub_confirmation=1\" target=\"_blank\" rel=\"noreferrer noopener\">GP<\/a>\u00a0|\u00a0<a href=\"https:\/\/www.youtube.com\/channel\/UC9csiS6q_C3C0FYhyr1rnFA?sub_confirmation=1\" target=\"_blank\" rel=\"noreferrer noopener\">GP2<\/a><\/strong><br><strong>\u25b6\ufe0f\u00a0<a href=\"https:\/\/www.twitch.tv\/grandepremio\" target=\"_blank\" rel=\"noreferrer noopener\">Conhe\u00e7a o canal do GRANDE PR\u00caMIO na Twitch clicando aqui!<\/a><\/strong><\/p>\n\n\n\n<figure class=\"wp-block-image size-large\"><img decoding=\"async\" src=\"https:\/\/www.grandepremio.com\/br\/wp-content\/uploads\/2023\/05\/Tony-Kanaan-Indianapolis-500-Qualifying-Day-1-By_-Matt-Fraver_Large-Image-Without-Watermark_m80753-1024x683.jpg\" alt=\"\" class=\"wp-image-684850\"\/><figcaption class=\"wp-element-caption\">Tony Kanaan ficou de fora do Fast Six da classifica\u00e7\u00e3o da Indy 500 (Foto: Indy)<\/figcaption><\/figure>\n\n\n\n<p class=\"wp-block-paragraph\">\u201cEu e o H\u00e9lio [Castroneves] brigando pela 15\u00aa e 16\u00aa posi\u00e7\u00e3o na \u00faltima volta como se estiv\u00e9ssemos buscando a lideran\u00e7a! Foi inacredit\u00e1vel. Ficamos lado a lado na reta oposta ap\u00f3s a bandeira quadriculada e nos cumprimentamos, e eu apenas disse a ele que, na verdade, deixei cair uma l\u00e1grima por causa disso, e ele disse: \u2018Eu tamb\u00e9m&#8217;\u201d.<\/p>\n\n\n\n<p class=\"wp-block-paragraph\">Se a hist\u00f3ria de Kanaan terminou nas pistas da Indy, fora delas, ele inicia uma nova fase. Em junho, a McLaren anunciou que o brasileiro vai seguir no time como conselheiro especial. Ele vai viajar com a equipe nas corridas e tamb\u00e9m nos testes, servindo como um mentor dos pilotos, al\u00e9m de trabalhar tamb\u00e9m junto das parcerias comerciais e desenvolvimento de neg\u00f3cios. Meses depois, o posto mudou. Passa a ser <a href=\"https:\/\/www.grandepremio.com\/br\/indy\/noticias\/mclaren-muda-cargos-chefia-indy-transforma-tony-kanaan-diretor-esportivo\/\" class=\"ek-link\">diretor-esportivo.<\/a><\/p>\n\n\n\n<p class=\"wp-block-paragraph\">Enquanto divide a\u00e7\u00f5es com a Stock Car no automobilismo brasileiro, Kanaan ganha uma oportunidade valiosa e se manter no c\u00edrculo da Indy e com a oportunidade de repassar sua long\u00ednqua experi\u00eancia e conhecimento \u00e0 frente, em um time que ousa muito e quer ser maior na categoria.<\/p>\n","protected":false},"excerpt":{"rendered":"<p>A vit\u00f3ria na despedida das 500 Milhas de Indian\u00e1polis n\u00e3o aconteceu, mas Tony Kanaan segue na McLaren em um novo ciclo e buscando repassar a experi\u00eancia ao ousado time<\/p>\n","protected":false},"author":0,"featured_media":1000684973,"comment_status":"closed","ping_status":"closed","sticky":false,"template":"","format":"standard","meta":{"42wp_featured_image_caption":"","42wp_featured_image_credits":"","42wp_featured_video":"","42wp_featured_image_hidden":false,"42wp_authors_list":[],"footnotes":""},"categories":[3],"tags":[2980,28552,6133,1491,28285,35361,93,25977,232,1555,90,29784,265,35164,321],"42wp_author":[47119],"class_list":["post-92226","post","type-post","status-publish","format-standard","has-post-thumbnail","hentry","category-indy","tag-500-milhas-indianapolis","tag-calendario-indy","tag-classificacao-indy","tag-grande-premio","tag-grandepremio","tag-horarios-indy","tag-indy","tag-indy-2023","tag-indy-500","tag-josef-newgarden","tag-mclaren","tag-onde-assistir-indy","tag-penske","tag-temporada-2023-da-indy","tag-tony-kanaan","42wp_author-gabriel-carvalho"],"_links":{"self":[{"href":"https:\/\/grandepremio.com\/br\/wp-json\/wp\/v2\/posts\/92226","targetHints":{"allow":["GET"]}}],"collection":[{"href":"https:\/\/grandepremio.com\/br\/wp-json\/wp\/v2\/posts"}],"about":[{"href":"https:\/\/grandepremio.com\/br\/wp-json\/wp\/v2\/types\/post"}],"replies":[{"embeddable":true,"href":"https:\/\/grandepremio.com\/br\/wp-json\/wp\/v2\/comments?post=92226"}],"version-history":[{"count":0,"href":"https:\/\/grandepremio.com\/br\/wp-json\/wp\/v2\/posts\/92226\/revisions"}],"wp:featuredmedia":[{"embeddable":true,"href":"https:\/\/grandepremio.com\/br\/wp-json\/wp\/v2\/media\/1000684973"}],"wp:attachment":[{"href":"https:\/\/grandepremio.com\/br\/wp-json\/wp\/v2\/media?parent=92226"}],"wp:term":[{"taxonomy":"category","embeddable":true,"href":"https:\/\/grandepremio.com\/br\/wp-json\/wp\/v2\/categories?post=92226"},{"taxonomy":"post_tag","embeddable":true,"href":"https:\/\/grandepremio.com\/br\/wp-json\/wp\/v2\/tags?post=92226"},{"taxonomy":"42wp_author","embeddable":true,"href":"https:\/\/grandepremio.com\/br\/wp-json\/wp\/v2\/42wp_author?post=92226"}],"curies":[{"name":"wp","href":"https:\/\/api.w.org\/{rel}","templated":true}]}}