{"id":92311,"date":"2023-12-13T04:15:00","date_gmt":"2023-12-13T07:15:00","guid":{"rendered":"https:\/\/grandepremio.com\/br\/noticias\/retrospectiva-2023-alfa-romeo-passa-despercebida-adeus-gosto-amargo\/"},"modified":"2023-12-12T19:00:48","modified_gmt":"2023-12-12T22:00:48","slug":"retrospectiva-2023-alfa-romeo-passa-despercebida-adeus-gosto-amargo","status":"publish","type":"post","link":"https:\/\/grandepremio.com\/br\/f1\/retrospectiva-2023-alfa-romeo-passa-despercebida-adeus-gosto-amargo\/","title":{"rendered":"Retrospectiva 2023: Alfa Romeo passa despercebida e d\u00e1 &#8216;adeus&#8217; com gosto amargo"},"content":{"rendered":"\n<p class=\"wp-block-paragraph\">Passou e ningu\u00e9m viu. No universo da<strong> F\u00f3rmula 1<\/strong>, essa express\u00e3o poderia ser usada para<strong> Max Verstappen<\/strong> ou <strong>Red Bull<\/strong>, mas tamb\u00e9m serve para a <strong>Alfa Romeo.<\/strong> Como assim? Explicamos j\u00e1 perguntando: algu\u00e9m viu o time de <strong>Hinwil <\/strong>temporada 2023?<\/p>\n\n\n\n<p class=\"wp-block-paragraph\">A equipe terminou na pen\u00faltima posi\u00e7\u00e3o no <strong>Mundial de Construtores<\/strong>, com apenas 16 pontos \u2014 s\u00f3 4 a mais que a <strong>Haas<\/strong>, \u00faltima colocada. A melhor posi\u00e7\u00e3o final num GP foi de<strong> Valtteri Bottas, <\/strong>com o oitavo lugar nos GPs do Bahrein e do Catar. O finland\u00eas terminou o ano em 15\u00ba lugar na tabela, <strong>Guanyu Zhou<\/strong> foi 18\u00ba.<\/p>\n\n\n\n<p class=\"wp-block-paragraph\">Uma temporada amarga da Alfa Romeo e bem diferente da passada, quando terminou em sexto lugar, com 55 pontos. O time come\u00e7ou o ano esperan\u00e7oso, por\u00e9m. Modificaram as cores para a <strong>C43<\/strong>, adotando uma pintura rubro-negra \u2014 al\u00e9m, claro, das especiais ao longo do campeonato.<\/p>\n\n\n\n<p class=\"wp-block-paragraph\">Fez tamb\u00e9m algo diferente de todas as equipes que ficaram atr\u00e1s do quarto lugar nos Construtores em 2022: manteve a dupla de pilotos. J\u00e1 na chefia da equipe, <strong>Andreas Seidl<\/strong> no lugar de <strong>Fr\u00e9d\u00e9ric Vasseur,<\/strong> que partiu para a Ferrari. Seidl \u00e9 um engenheiro consagrado que fez \u00f3timo trabalho na <strong>McLaren <\/strong>e assumiu o cargo para comandar a transi\u00e7\u00e3o de equipes at\u00e9 a <strong>Audi <\/strong>assumir de vez, em 2026. S\u00f3 que, em 2023, o alem\u00e3o basicamente atuou em bastidores, com um ent\u00e3o quase desconhecido <strong>Alessandro Alunni Bravi<\/strong> \u00e0 frente do time.<\/p>\n\n\n\n<figure class=\"wp-block-image size-large\"><img decoding=\"async\" src=\"https:\/\/www.grandepremio.com\/br\/wp-content\/uploads\/2023\/11\/sao-paulo-2023-f1-corrida-alfa-romeo-guanyu-zhou-03-1-1024x683.jpg\" alt=\"\" class=\"wp-image-751427\"\/><figcaption class=\"wp-element-caption\">Alfa Romeo teve ano bastante apagado (Foto: Rodrigo Berton\/Warm Up)<\/figcaption><\/figure>\n\n\n\n<p class=\"wp-block-paragraph\">A posi\u00e7\u00e3o <a href=\"https:\/\/www.grandepremio.com\/br\/f1\/noticias\/alfa-romeo-se-transforma-equipe-zumbi-deixa-terra-arrasada-para-chegada-audi\/\" class=\"ek-link\">relevante da &#8216;zumbi&#8217;<\/a> Alfa Romeo em classifica\u00e7\u00e3o s\u00f3 aconteceu no <strong>GP da Hungria<\/strong>, onde alinhou os carros em quinto e s\u00e9timo lugares. Na corrida, todavia, n\u00e3o conseguiram pontuar. A \u00fanica etapa em que Bottas e Zhou pontuaram juntos foi justamente na ca\u00f3tica etapa em <strong>Lusail<\/strong>.<\/p>\n\n\n\n<p class=\"wp-block-paragraph\">Em contrapartida, os problemas foram algo bem corriqueiros. Seis abandonos, no total. N\u00e3o justificam a falta de resultados, \u00e9 verdade, mas mostram parte do &#8216;apag\u00e3o&#8217; da escuderia: faltou performance, faltou confiabilidade.<\/p>\n\n\n\n<p class=\"wp-block-paragraph\">Para 2024, a situa\u00e7\u00e3o muda por completo. A Alfa Romeo encerrou seu acordo com a Sauber \u2014 que ter\u00e1 um per\u00edodo de transi\u00e7\u00e3o nos pr\u00f3ximos dois anos at\u00e9 a chegada da Audi \u2014 <a href=\"https:\/\/www.grandepremio.com\/br\/f1\/noticias\/alfa-romeo-afasta-haas-apos-longa-negociacao-fica-perto-baixa-f1-2024\/\" class=\"ek-link\">e n\u00e3o deve seguir na <\/a>F\u00f3rmula 1 na temporada 2024. Isso porque a marca italiana, que tinha algumas conversas com a Haas, n\u00e3o obteve sucesso nas negocia\u00e7\u00f5es e acabou vendo as portas da categoria se fecharem. A mesma dupla de pilotos, contudo, permanece.<\/p>\n\n\n\n<p class=\"wp-block-paragraph\">2023 marcou a 14\u00aa temporada da Alfa Romeo na F1, em tr\u00eas per\u00edodos bem diferentes da hist\u00f3ria da categoria: anos 1950, anos 80 e as \u00faltimas quatro temporadas, al\u00e9m de 2023, claro. Uma despedida bastante complicada. A ver, agora, qual rumo a Sauber tomar\u00e1 para receber a Audi muito em breve. O cen\u00e1rio \u00e9 tremendamente pessimista at\u00e9, pelo menos, 2026.<\/p>\n\n\n\n<p class=\"wp-block-paragraph\"><strong><img decoding=\"async\" src=\"https:\/\/a.slack-edge.com\/production-standard-emoji-assets\/14.0\/google-medium\/25b6-fe0f.png\" alt=\":seta_para_frente:\"><\/strong><strong>&nbsp;Inscreva-se nos dois canais do GRANDE PR\u00caMIO no YouTube:&nbsp;<\/strong><strong><a target=\"_blank\" href=\"https:\/\/www.youtube.com\/channel\/UC9OlHEgxoaY6QY6nWPoiqQg?sub_confirmation=1\" rel=\"noreferrer noopener\">GP<\/a><\/strong><strong>&nbsp;|&nbsp;<\/strong><strong><a target=\"_blank\" href=\"https:\/\/www.youtube.com\/channel\/UC9csiS6q_C3C0FYhyr1rnFA?sub_confirmation=1\" rel=\"noreferrer noopener\">GP2<\/a><\/strong><br><strong><img decoding=\"async\" src=\"https:\/\/a.slack-edge.com\/production-standard-emoji-assets\/14.0\/google-medium\/25b6-fe0f.png\" alt=\":seta_para_frente:\"><\/strong><strong><a target=\"_blank\" href=\"https:\/\/www.twitch.tv\/grandepremio\" rel=\"noreferrer noopener\">Conhe\u00e7a o canal do GRANDE PR\u00caMIO na Twitch clicando aqui!<\/a><\/strong><\/p>\n\n\n\n<figure class=\"wp-block-embed is-type-video is-provider-youtube wp-block-embed-youtube wp-embed-aspect-16-9 wp-has-aspect-ratio\"><div class=\"wp-block-embed__wrapper\">\n<iframe loading=\"lazy\" title=\"Gest\u00e3o BEN SULAYEM na FIA tem marca: a do CAOS! | Paddock Sprint\" width=\"500\" height=\"281\" src=\"https:\/\/www.youtube.com\/embed\/MugCA44-nAc?feature=oembed\" frameborder=\"0\" allow=\"accelerometer; autoplay; clipboard-write; encrypted-media; gyroscope; picture-in-picture; web-share\" referrerpolicy=\"strict-origin-when-cross-origin\" allowfullscreen><\/iframe>\n<\/div><\/figure>\n","protected":false},"excerpt":{"rendered":"<p>Passou e ningu\u00e9m viu. Essa foi a (falta de) impress\u00e3o que a Alfa Romeo deixou na F1 2023. Vice-lanterna nos Construtores, Valtteri Bottas e Guanyu Zhou conquistaram m\u00edseros 16 pontos. Uma performance bastante ap\u00e1tica para a despedida da marca italiana, que deixa a Sauber e o grid para 2024<\/p>\n","protected":false},"author":0,"featured_media":1000754992,"comment_status":"closed","ping_status":"closed","sticky":false,"template":"","format":"standard","meta":{"42wp_featured_image_caption":"","42wp_featured_image_credits":"","42wp_featured_video":"","42wp_featured_image_hidden":false,"42wp_authors_list":[],"footnotes":""},"categories":[2],"tags":[457,27776,34186,27487,2031,32017,33847,5660,8235,33526,969,147,6533,3230,642,11958,160,33890,180,30722,30909,1491,30103,28285,25978,30974],"42wp_author":[47139],"class_list":["post-92311","post","type-post","status-publish","format-standard","has-post-thumbnail","hentry","category-f1","tag-alfa-romeo","tag-assistir-f1-ao-vivo","tag-assistir-f1-gratis","tag-assistir-f1-online","tag-bottas","tag-calendario-f1-2023","tag-calendario-f1-2023-horarios","tag-classificacao","tag-classificacao-da-f1","tag-classificacao-f1-2023","tag-corrida","tag-f1","tag-f1-2023","tag-f1-2024","tag-f1-ao-vivo","tag-f1-live","tag-f1-tv","tag-f1-tv-2023","tag-formula-1","tag-formula-1-2023","tag-formula-1-2024","tag-grande-premio","tag-grande-premio-f1","tag-grandepremio","tag-temporada-2023","tag-zhou","42wp_author-ana-cerveira"],"_links":{"self":[{"href":"https:\/\/grandepremio.com\/br\/wp-json\/wp\/v2\/posts\/92311","targetHints":{"allow":["GET"]}}],"collection":[{"href":"https:\/\/grandepremio.com\/br\/wp-json\/wp\/v2\/posts"}],"about":[{"href":"https:\/\/grandepremio.com\/br\/wp-json\/wp\/v2\/types\/post"}],"replies":[{"embeddable":true,"href":"https:\/\/grandepremio.com\/br\/wp-json\/wp\/v2\/comments?post=92311"}],"version-history":[{"count":0,"href":"https:\/\/grandepremio.com\/br\/wp-json\/wp\/v2\/posts\/92311\/revisions"}],"wp:featuredmedia":[{"embeddable":true,"href":"https:\/\/grandepremio.com\/br\/wp-json\/wp\/v2\/media\/1000754992"}],"wp:attachment":[{"href":"https:\/\/grandepremio.com\/br\/wp-json\/wp\/v2\/media?parent=92311"}],"wp:term":[{"taxonomy":"category","embeddable":true,"href":"https:\/\/grandepremio.com\/br\/wp-json\/wp\/v2\/categories?post=92311"},{"taxonomy":"post_tag","embeddable":true,"href":"https:\/\/grandepremio.com\/br\/wp-json\/wp\/v2\/tags?post=92311"},{"taxonomy":"42wp_author","embeddable":true,"href":"https:\/\/grandepremio.com\/br\/wp-json\/wp\/v2\/42wp_author?post=92311"}],"curies":[{"name":"wp","href":"https:\/\/api.w.org\/{rel}","templated":true}]}}