{"id":92382,"date":"2023-12-12T05:15:00","date_gmt":"2023-12-12T08:15:00","guid":{"rendered":"https:\/\/grandepremio.com\/br\/noticias\/retrospectiva-2023-scott-dixon-brilha-vice-mostra-ainda-tem-gas-indy\/"},"modified":"2023-12-11T20:00:44","modified_gmt":"2023-12-11T23:00:44","slug":"retrospectiva-2023-scott-dixon-brilha-vice-mostra-ainda-tem-gas-indy","status":"publish","type":"post","link":"https:\/\/grandepremio.com\/br\/indy\/retrospectiva-2023-scott-dixon-brilha-vice-mostra-ainda-tem-gas-indy\/","title":{"rendered":"Retrospectiva 2023:\u00a0Dixon\u00a0brilha com vice e mostra que ainda tem g\u00e1s na Indy"},"content":{"rendered":"\n<p class=\"wp-block-paragraph\">Aos 43 anos de idade, <strong>Scott Dixon<\/strong> parece mais em forma do que nunca. O neozeland\u00eas hexacampe\u00e3o mant\u00e9m as esperan\u00e7as de igualar <strong>A.J. Foyt<\/strong> com sete t\u00edtulos na <strong>Indy.<\/strong> N\u00e3o d\u00e1 para dizer que passou perto em 2023 com tanto dom\u00ednio de <strong>\u00c1lex Palou<\/strong>, mas \u00e9 dif\u00edcil ver uma temporada de vice-campe\u00e3o t\u00e3o boa quanto a de Scott nos \u00faltimos anos.<\/p>\n\n\n\n<p class=\"wp-block-paragraph\">E a temporada brilhante do neozeland\u00eas passou por um fator muito caracter\u00edstico de toda a sua carreira: a regularidade. Se Palou fez um ano com 100% de presen\u00e7as no top-10, Dixon ficou com 94%. A \u00fanica aus\u00eancia foi no <strong>GP de Long Beach<\/strong>, quando se envolveu em acidente com <strong>Pato O&#8217;Ward.<\/strong><\/p>\n\n\n\n<p class=\"wp-block-paragraph\">Fora isso, uma temporada de elite. Iniciou o ano com uma recupera\u00e7\u00e3o e p\u00f3dio no maluco <strong>GP de St. Pete, <\/strong>fechando em terceiro. No oval do Texas, at\u00e9 largou da primeira fila, mas n\u00e3o teve o mesmo ritmo dos advers\u00e1rios e precisou se contentar com o quinto lugar.<\/p>\n\n\n\n<p class=\"wp-block-paragraph\"><strong>\u25b6\ufe0f&nbsp;Inscreva-se nos dois canais do GRANDE PR\u00caMIO no YouTube:&nbsp;<a href=\"https:\/\/www.youtube.com\/channel\/UC9OlHEgxoaY6QY6nWPoiqQg?sub_confirmation=1\" target=\"_blank\" rel=\"noreferrer noopener\">GP<\/a>&nbsp;|&nbsp;<a href=\"https:\/\/www.youtube.com\/channel\/UC9csiS6q_C3C0FYhyr1rnFA?sub_confirmation=1\" target=\"_blank\" rel=\"noreferrer noopener\">GP2<\/a><\/strong><br><strong>\u25b6\ufe0f&nbsp;<a href=\"https:\/\/www.twitch.tv\/grandepremio\" target=\"_blank\" rel=\"noreferrer noopener\">Conhe\u00e7a o canal do GRANDE PR\u00caMIO na Twitch clicando aqui!<\/a><\/strong><\/p>\n\n\n\n<figure class=\"wp-block-image size-large\"><img decoding=\"async\" src=\"https:\/\/www.grandepremio.com\/br\/wp-content\/uploads\/2023\/08\/DRG_2353_Dixon-1024x682.jpg\" alt=\"\" class=\"wp-image-717346\"\/><figcaption class=\"wp-element-caption\">Scott Dixon (Foto: IndyCar)<\/figcaption><\/figure>\n\n\n\n<p class=\"wp-block-paragraph\">Ap\u00f3s o abandono em Long Beach, foi modesto no Alabama, mas ainda segurou um s\u00e9timo lugar. No misto de Indian\u00e1polis, quando Palou come\u00e7ou a disparar de vez no campeonato, o neozeland\u00eas foi sexto, posi\u00e7\u00e3o que repetiu nas 500 Milhas de Indian\u00e1polis, onde viu o companheiro de equipe <strong>Marcus Ericsson <\/strong>ficar no segundo lugar.<\/p>\n\n\n\n<p class=\"wp-block-paragraph\">Em Detroit, foi o quarto colocado, resultado que foi repetido na corrida seguinte, em Road America, mas com um adicional importante: teve p\u00e9ssima classifica\u00e7\u00e3o e largou de 23\u00ba, registrando uma das recupera\u00e7\u00f5es mais incr\u00edveis da temporada. A regularidade foi premiada com um retorno ao p\u00f3dio em Mid-Ohio, em dobradinha com Palou. Naquele est\u00e1gio, Scott j\u00e1 era o segundo colocado do campeonato, e manteria a sequ\u00eancia de bons resultados com um novo quarto posto em Toronto.<\/p>\n\n\n\n<p class=\"wp-block-paragraph\">No oval de Iowa, o cen\u00e1rio era muito complicado com o dom\u00ednio da Penske. Logo, sair com um par de sextos lugares em Newton ficou de bom tamanho, assim como o quinto posto no <strong>GP de Nashville<\/strong>, depois de largar de 12\u00ba. <\/p>\n\n\n\n<p class=\"wp-block-paragraph\">Com desvantagem imensa para Palou, que j\u00e1 tinha o t\u00edtulo encaminhado, come\u00e7ou de vez o brilho de Scott na temporada. No <strong>GP de Indian\u00e1polis 2<\/strong>, largou em 15\u00ba e rodou ainda na primeira volta. Com uma estrat\u00e9gia perfeita e uma pilotagem absurda, conseguiu dar o bote na concorr\u00eancia para sair com uma surpreendente vit\u00f3ria.<\/p>\n\n\n\n<figure class=\"wp-block-image size-large\"><img decoding=\"async\" src=\"https:\/\/www.grandepremio.com\/br\/wp-content\/uploads\/2020\/05\/Gallagher-Grand-Prix-Saturday_-August-12_-2023_Large-Image-Without-Watermark_m90306-1024x819.jpg\" alt=\"Indy 2023, GP de Indian\u00e1polis, Ganassi, Scott Dixon\" class=\"wp-image-717510\"\/><figcaption class=\"wp-element-caption\">Scott Dixon teve recupera\u00e7\u00f5es fant\u00e1sticas na Indy 2023 (Foto: IndyCar)<\/figcaption><\/figure>\n\n\n\n<p class=\"wp-block-paragraph\">No oval de Gateway, sofreu uma puni\u00e7\u00e3o por troca de motor e largou apenas em 16\u00ba. Fazendo dois pit-stops a menos que os concorrentes, se valeu da batida do ent\u00e3o favorito <strong>Josef Newgarden<\/strong>, da Penske, para sair com mais uma vit\u00f3ria incr\u00edvel, tamb\u00e9m com base em uma pilotagem inteligente e sabendo se valer muito bem da economia de equipamento.<\/p>\n\n\n\n<p class=\"wp-block-paragraph\">Em Portland, chegou a liderar parte da corrida, mas foi o terceiro colocado e viu Palou levantar o t\u00edtulo com anteced\u00eancia ap\u00f3s mais uma vit\u00f3ria. Por\u00e9m, ainda tinha tempo de mais brilho do neozeland\u00eas. Tamb\u00e9m com estrat\u00e9gia ousada, deu um bote geral no <strong>GP de Laguna Seca<\/strong>, saindo<a href=\"https:\/\/www.grandepremio.com\/br\/indy\/noticias\/scott-dixon-cresce-insano-gp-laguna-seca-fecha-temporada-vitoria\/\" class=\"ek-link\"> de 11\u00ba ap\u00f3s uma troca<\/a> de motor para o terceiro triunfo da temporada, fechando o vice-campeonato com 90 pontos de dist\u00e2ncia para <strong>Scott McLaughlin.<\/strong><\/p>\n\n\n\n<p class=\"wp-block-paragraph\">Palou foi absolutamente impar\u00e1vel em 2023 e n\u00e3o teve concorr\u00eancia, mas o ano de Dixon merece muitos elogios e \u00e9 uma das temporadas de vice mais marcantes dos \u00faltimos tempos na Indy. Mesmo perto dos 44 anos, o g\u00e1s de Scott ainda n\u00e3o acabou, e a lenda da categoria demonstra que, com um pouco mais de assertividade no come\u00e7o dos campeonatos, tem condi\u00e7\u00e3o de chegar ao hepta.<\/p>\n\n\n\n<figure class=\"wp-block-embed is-type-video is-provider-youtube wp-block-embed-youtube wp-embed-aspect-16-9 wp-has-aspect-ratio\"><div class=\"wp-block-embed__wrapper\">\n<iframe loading=\"lazy\" title=\"Melhores do Ano 2023 + GRANDE AN\u00daNCIO | Paddock GP #359\" width=\"500\" height=\"281\" src=\"https:\/\/www.youtube.com\/embed\/6wa88cncF-I?feature=oembed\" frameborder=\"0\" allow=\"accelerometer; autoplay; clipboard-write; encrypted-media; gyroscope; picture-in-picture; web-share\" referrerpolicy=\"strict-origin-when-cross-origin\" allowfullscreen><\/iframe>\n<\/div><\/figure>\n","protected":false},"excerpt":{"rendered":"<p>Com um fim de temporada m\u00e1gico, Scott Dixon n\u00e3o foi necessariamente uma amea\u00e7a ao bi de \u00c1lex Palou, mas mostrou que tem g\u00e1s o suficiente para manter o sonho do hepta vivo<\/p>\n","protected":false},"author":0,"featured_media":1000727687,"comment_status":"closed","ping_status":"closed","sticky":false,"template":"","format":"standard","meta":{"42wp_featured_image_caption":"","42wp_featured_image_credits":"","42wp_featured_video":"","42wp_featured_image_hidden":false,"42wp_authors_list":[],"footnotes":""},"categories":[3],"tags":[9828,417,28552,6133,1595,1491,28285,35361,93,25977,1555,29784,265,1249,1778,732,35164],"42wp_author":[47119],"class_list":["post-92382","post","type-post","status-publish","format-standard","has-post-thumbnail","hentry","category-indy","tag-alex-palou","tag-andretti","tag-calendario-indy","tag-classificacao-indy","tag-ganassi","tag-grande-premio","tag-grandepremio","tag-horarios-indy","tag-indy","tag-indy-2023","tag-josef-newgarden","tag-onde-assistir-indy","tag-penske","tag-retrospectiva","tag-retrospectiva-indy","tag-scott-dixon","tag-temporada-2023-da-indy","42wp_author-gabriel-carvalho"],"_links":{"self":[{"href":"https:\/\/grandepremio.com\/br\/wp-json\/wp\/v2\/posts\/92382","targetHints":{"allow":["GET"]}}],"collection":[{"href":"https:\/\/grandepremio.com\/br\/wp-json\/wp\/v2\/posts"}],"about":[{"href":"https:\/\/grandepremio.com\/br\/wp-json\/wp\/v2\/types\/post"}],"replies":[{"embeddable":true,"href":"https:\/\/grandepremio.com\/br\/wp-json\/wp\/v2\/comments?post=92382"}],"version-history":[{"count":0,"href":"https:\/\/grandepremio.com\/br\/wp-json\/wp\/v2\/posts\/92382\/revisions"}],"wp:featuredmedia":[{"embeddable":true,"href":"https:\/\/grandepremio.com\/br\/wp-json\/wp\/v2\/media\/1000727687"}],"wp:attachment":[{"href":"https:\/\/grandepremio.com\/br\/wp-json\/wp\/v2\/media?parent=92382"}],"wp:term":[{"taxonomy":"category","embeddable":true,"href":"https:\/\/grandepremio.com\/br\/wp-json\/wp\/v2\/categories?post=92382"},{"taxonomy":"post_tag","embeddable":true,"href":"https:\/\/grandepremio.com\/br\/wp-json\/wp\/v2\/tags?post=92382"},{"taxonomy":"42wp_author","embeddable":true,"href":"https:\/\/grandepremio.com\/br\/wp-json\/wp\/v2\/42wp_author?post=92382"}],"curies":[{"name":"wp","href":"https:\/\/api.w.org\/{rel}","templated":true}]}}