{"id":92497,"date":"2023-12-11T10:30:34","date_gmt":"2023-12-11T13:30:34","guid":{"rendered":"https:\/\/grandepremio.com\/br\/noticias\/callum-ilott-deixa-indy-lado-acerta-jota-disputar-wec-2024\/"},"modified":"2023-12-13T14:21:22","modified_gmt":"2023-12-13T17:21:22","slug":"callum-ilott-deixa-indy-lado-acerta-jota-disputar-wec-2024","status":"publish","type":"post","link":"https:\/\/grandepremio.com\/br\/endurance\/callum-ilott-deixa-indy-lado-acerta-jota-disputar-wec-2024\/","title":{"rendered":"Ilott deixa Indy de lado e acerta com Jota para disputar WEC em 2024"},"content":{"rendered":"\n<p class=\"wp-block-paragraph\">O ingl\u00eas <strong>Callum Ilott <\/strong>\u00e9 o novo piloto da <strong>Jota <\/strong>para a temporada 2024 do <strong>Mundial de Endurance<\/strong>. O vice-campe\u00e3o da F2 em 2020 e ex-Indy formar\u00e1 um trio com <strong>Will Stevens e Norman Nato<\/strong> no Porsche 963 #12 da equipe inglesa, na classe dos hipercarros. O an\u00fancio aconteceu nesta segunda-feira (11).<\/p>\n\n\n\n<p class=\"wp-block-paragraph\">Ser\u00e1 a estreia de Ilott na principal categoria do endurance. O piloto ingl\u00eas disputou as 24 Horas de Le Mans, em 2021, pela equipe Iron Lynx, na classe GTE-Am. Inclusive, registrou um p\u00f3dio em La Sarthe no trio com os italianos<strong> Matteo Cressoni e Rino Mastronardi.<\/strong><\/p>\n\n\n\n<p class=\"wp-block-paragraph\">Vice-campe\u00e3o da F\u00f3rmula 2 em 2020 e ex-membro da academia de jovens pilotos da Ferrari, Ilott passou as <a href=\"https:\/\/www.grandepremio.com\/br\/indy\/noticias\/juncos-surpreende-anuncia-saida-callum-ilott-comum-acordo-indy\/\" class=\"ek-link\">\u00faltimas duas temporadas<\/a> na Indy, pela equipe <strong>Juncos<\/strong>. Em 2023, o ingl\u00eas foi um dos grandes destaques do campeonato, registrando dois top-5 com a modesta equipe, mas as partes optaram por romper o contrato, abrindo espa\u00e7o para a chegada de <strong>Romain Grosjean.<\/strong><\/p>\n\n\n\n<p class=\"wp-block-paragraph\"><strong>\u25b6\ufe0f\u00a0Inscreva-se nos dois canais do GRANDE PR\u00caMIO no YouTube:\u00a0<a href=\"https:\/\/www.youtube.com\/channel\/UC9OlHEgxoaY6QY6nWPoiqQg?sub_confirmation=1\" target=\"_blank\" rel=\"noreferrer noopener\">GP<\/a>\u00a0|\u00a0<a href=\"https:\/\/www.youtube.com\/channel\/UC9csiS6q_C3C0FYhyr1rnFA?sub_confirmation=1\" target=\"_blank\" rel=\"noreferrer noopener\">GP2<\/a><\/strong><br><strong>\u25b6\ufe0f\u00a0<a href=\"https:\/\/www.twitch.tv\/grandepremio\" target=\"_blank\" rel=\"noreferrer noopener\">Conhe\u00e7a o canal do GRANDE PR\u00caMIO na Twitch clicando aqui!<\/a><\/strong><\/p>\n\n\n\n<figure class=\"wp-block-image size-large\"><img decoding=\"async\" src=\"https:\/\/www.grandepremio.com\/br\/wp-content\/uploads\/2023\/05\/INDY-2023-INDY-500-CLASSIFICACAO-JUNCOS-CALLUM-ILOTT-1024x683.jpg\" alt=\"\" class=\"wp-image-687647\"\/><figcaption class=\"wp-element-caption\">Callum Ilott troca a Indy pelo WEC (Foto: IndyCar)<\/figcaption><\/figure>\n\n\n\n<p class=\"wp-block-paragraph\">A temporada 2024 marca a expans\u00e3o do programa da Jota no WEC. Ap\u00f3s um bom per\u00edodo disputando apenas a classe LMP2, o time alinhou nos hipercarros em tr\u00eas corridas com o trio formado por Ant\u00f3nio F\u00e9lix da Costa, Will Stevens e Ye Yifei. Para o pr\u00f3ximo ano, ter\u00e3o dois carros, com o trio do #38 ainda a ser completado, j\u00e1 que apenas<strong> Oliver Rasmussen<\/strong> e <strong>Phillip Hanson<\/strong> foram confirmados at\u00e9 aqui.<\/p>\n\n\n\n<p class=\"wp-block-paragraph\">A temporada 2024 do Mundial de Endurance tem in\u00edcio no dia 2 de mar\u00e7o com os 1812 km do Catar, no circuito de Lusail. O calend\u00e1rio conta com 8 etapas, incluindo as 24 Horas de Le Mans, entre 15 e 16 de junho, al\u00e9m do retorno das 6 Horas de S\u00e3o Paulo, no dia 14 de julho.<\/p>\n","protected":false},"excerpt":{"rendered":"<p>Ap\u00f3s duas temporadas completas na Indy, Callum Ilott fechou com a Jota e vai disputar o Mundial de Endurance em 2024 na classe dos hipercarros. Piloto faz parceria com Will Stevens e Norman Nato<\/p>\n","protected":false},"author":0,"featured_media":1000672154,"comment_status":"closed","ping_status":"closed","sticky":false,"template":"","format":"standard","meta":{"42wp_featured_image_caption":"","42wp_featured_image_credits":"","42wp_featured_video":"","42wp_featured_image_hidden":false,"42wp_authors_list":[],"footnotes":""},"categories":[18],"tags":[1848,1491,28285,93,9048,357,356,29560],"42wp_author":[47119],"class_list":["post-92497","post","type-post","status-publish","format-standard","has-post-thumbnail","hentry","category-endurance","tag-callum-ilott","tag-grande-premio","tag-grandepremio","tag-indy","tag-jota","tag-mundial-de-endurance","tag-wec","tag-wec-2024","42wp_author-gabriel-carvalho"],"_links":{"self":[{"href":"https:\/\/grandepremio.com\/br\/wp-json\/wp\/v2\/posts\/92497","targetHints":{"allow":["GET"]}}],"collection":[{"href":"https:\/\/grandepremio.com\/br\/wp-json\/wp\/v2\/posts"}],"about":[{"href":"https:\/\/grandepremio.com\/br\/wp-json\/wp\/v2\/types\/post"}],"replies":[{"embeddable":true,"href":"https:\/\/grandepremio.com\/br\/wp-json\/wp\/v2\/comments?post=92497"}],"version-history":[{"count":0,"href":"https:\/\/grandepremio.com\/br\/wp-json\/wp\/v2\/posts\/92497\/revisions"}],"wp:featuredmedia":[{"embeddable":true,"href":"https:\/\/grandepremio.com\/br\/wp-json\/wp\/v2\/media\/1000672154"}],"wp:attachment":[{"href":"https:\/\/grandepremio.com\/br\/wp-json\/wp\/v2\/media?parent=92497"}],"wp:term":[{"taxonomy":"category","embeddable":true,"href":"https:\/\/grandepremio.com\/br\/wp-json\/wp\/v2\/categories?post=92497"},{"taxonomy":"post_tag","embeddable":true,"href":"https:\/\/grandepremio.com\/br\/wp-json\/wp\/v2\/tags?post=92497"},{"taxonomy":"42wp_author","embeddable":true,"href":"https:\/\/grandepremio.com\/br\/wp-json\/wp\/v2\/42wp_author?post=92497"}],"curies":[{"name":"wp","href":"https:\/\/api.w.org\/{rel}","templated":true}]}}