{"id":92504,"date":"2023-12-11T08:50:08","date_gmt":"2023-12-11T11:50:08","guid":{"rendered":"https:\/\/grandepremio.com\/br\/noticias\/fia-esfria-rumores-sobre-corrida-f1-madri-ninguem-recebeu-projeto\/"},"modified":"2023-12-11T08:52:31","modified_gmt":"2023-12-11T11:52:31","slug":"fia-esfria-rumores-sobre-corrida-f1-madri-ninguem-recebeu-projeto","status":"publish","type":"post","link":"https:\/\/grandepremio.com\/br\/f1\/fia-esfria-rumores-sobre-corrida-f1-madri-ninguem-recebeu-projeto\/","title":{"rendered":"FIA esfria rumores sobre corrida da F1 em Madri e diz que &#8220;ningu\u00e9m recebeu projeto&#8221;"},"content":{"rendered":"\n<p class=\"wp-block-paragraph\">Na \u00faltima semana, <a href=\"https:\/\/www.grandepremio.com\/br\/f1\/noticias\/madri-acordo-f1-substituir-barcelona-casa-gp-da-espanha-2026\/\" class=\"ek-link\">os rumores de uma nova etapa<\/a> da <strong>F\u00f3rmula 1<\/strong> em solo espanhol, dessa vez na capital <strong>Madri<\/strong>, ganharam for\u00e7a na imprensa local. De acordo com o di\u00e1rio espanhol <em>El Mundo<\/em>, a etapa do pa\u00eds, a tradicional pista de <strong>Barcelona<\/strong>, que recebe o <strong>GP da Espanha<\/strong> todos os anos e j\u00e1 foi palco da pr\u00e9-temporada da F1, est\u00e1 com seus dias contados na categoria.<\/p>\n\n\n\n<p class=\"wp-block-paragraph\">Mais de 40 anos depois de receber uma etapa da F1 pela \u00faltima vez, em <strong>Jarama<\/strong>, a capital espanhola se prepara para realizar a corrida nas ruas situadas ao redor do <strong>Centro de Conven\u00e7\u00f5es IFEMA [Institui\u00e7\u00e3o de Feiras de Madri]<\/strong> e de <strong>Valdebebas<\/strong>, um empreendimento urbano situado nas proximidades do Aeroporto de Barajas \u2014 e que hospeda tamb\u00e9m o centro de treinamento do <strong>Real Madrid<\/strong>.<\/p>\n\n\n\n<p class=\"wp-block-paragraph\">A empreitada foi capitaneada por <strong>Jos\u00e9 Vicente de los Mozos<\/strong>, presidente do Comit\u00ea Executivo do IFEMA, em conjunto com a Presidente da Comunidade de Madri, <strong>Isabel D\u00edaz Ayuso<\/strong>, e o prefeito da cidade, <strong>Jos\u00e9 Luis Mart\u00ednez-Almeida<\/strong>. A expectativa \u00e9 de que todo o investimento na corrida seja feito com capital privado, ou seja, sem uso de dinheiro p\u00fablico.<\/p>\n\n\n\n<p class=\"wp-block-paragraph\">A certeza, por\u00e9m, ainda est\u00e1 longe. <strong>Carmelo Sanz de Barros<\/strong>, presidente da <strong>Federa\u00e7\u00e3o Espanhola de Automoblismo (RACE)<\/strong> e integrante da <strong>Federa\u00e7\u00e3o Internacional de Automobilismo (FIA)<\/strong>, declarou que adoraria ver uma corrida da F1 na capital do pa\u00eds, mas que muita coisa deve ser feita antes de qualquer mudan\u00e7a.<\/p>\n\n\n\n<figure class=\"wp-block-image size-large\"><img decoding=\"async\" src=\"https:\/\/www.grandepremio.com\/br\/wp-content\/uploads\/2023\/06\/GPF2-1024x768.jpg\" alt=\"\" class=\"wp-image-689145\"\/><figcaption class=\"wp-element-caption\">Barcelona \u00e9 o palco da F1 na Espanha desde 1991 (Foto: Eric Calduch\/GRANDE PR\u00caMIO)<\/figcaption><\/figure>\n\n\n\n<p class=\"wp-block-paragraph\">&#8220;H\u00e1 um claro processo de fazer a corrida em andamento, mas n\u00e3o acredito que devemos acompanhar baseados no que lemos. A federa\u00e7\u00e3o espanhola \u00e9 onde o processo come\u00e7a porque onde uma competi\u00e7\u00e3o quer acontecer em um pa\u00eds, precisa visit\u00e1-lo. Ent\u00e3o, a Federa\u00e7\u00e3o recebeu o projeto para ser analisado, estudado e trabalhado? N\u00e3o, n\u00e3o recebeu. Esse passo especial ainda n\u00e3o aconteceu&#8221;, afirmou o dirigente.<\/p>\n\n\n\n<p class=\"wp-block-paragraph\">&#8220;Ent\u00e3o, quando considerarem esse projeto e for v\u00e1lido, e se interessarem, levam para quem? Para a FIA, pois precisam homologar. Se est\u00e3o falando de uma pista com trechos urbanos, a primeira coisa a ser feita \u00e9 homologar e se certificar. Logo, ningu\u00e9m recebeu nada ainda, assim como a FIA. Ningu\u00e9m na entidade tem trabalhado nesse projeto que est\u00e1 na imprensa h\u00e1 alguns dias&#8221;, completou.<\/p>\n\n\n\n<p class=\"wp-block-paragraph\">Sanz de Barros ainda desmentiu qualquer tipo de sa\u00edda da pista de Barcelona do calend\u00e1rio e atribuiu esse rumor a quest\u00f5es pol\u00edticas.<\/p>\n\n\n\n<p class=\"wp-block-paragraph\">&#8220;Li muito sobre Madri roubar [a F1] de Barcelona e uma tentativa de destruir Montmelo ou coisas assim. Definitivamente, acho que n\u00e3o \u00e9 o correto. Provavelmente foi influenciado sobre uma situa\u00e7\u00e3o pol\u00edtica que vivemos, de escolher uma ou outra&#8221;, pontuou.<\/p>\n\n\n\n<p class=\"wp-block-paragraph\">Com a temporada encerrada, a&nbsp;<a href=\"https:\/\/www.grandepremio.com\/formula-1\/\" target=\"_blank\" rel=\"noreferrer noopener\">F\u00f3rmula 1<\/a>&nbsp;retorna apenas no ano que vem, no dia&nbsp;<strong>2 de mar\u00e7o<\/strong>, com a estreia do campeonato no&nbsp;<strong>GP do Bahrein<\/strong>.<\/p>\n\n\n\n<p class=\"wp-block-paragraph\"><strong>\u25b6\ufe0f\u00a0Inscreva-se nos dois canais do GRANDE PR\u00caMIO no YouTube:\u00a0<a href=\"https:\/\/www.youtube.com\/channel\/UC9OlHEgxoaY6QY6nWPoiqQg?sub_confirmation=1\" target=\"_blank\" rel=\"noreferrer noopener\">GP<\/a>\u00a0|\u00a0<a href=\"https:\/\/www.youtube.com\/channel\/UC9csiS6q_C3C0FYhyr1rnFA?sub_confirmation=1\" target=\"_blank\" rel=\"noreferrer noopener\">GP2<\/a><\/strong><br><strong>\u25b6\ufe0f\u00a0<a href=\"https:\/\/www.twitch.tv\/grandepremio\" target=\"_blank\" rel=\"noreferrer noopener\">Conhe\u00e7a o canal do GRANDE PR\u00caMIO na Twitch clicando aqui!<\/a><\/strong><\/p>\n\n\n\n<figure class=\"wp-block-embed is-type-video is-provider-youtube wp-block-embed-youtube wp-embed-aspect-16-9 wp-has-aspect-ratio\"><div class=\"wp-block-embed__wrapper\">\n<iframe loading=\"lazy\" title=\"Gest\u00e3o BEN SULAYEM na FIA tem marca: a do CAOS! | Paddock Sprint\" width=\"500\" height=\"281\" src=\"https:\/\/www.youtube.com\/embed\/MugCA44-nAc?feature=oembed\" frameborder=\"0\" allow=\"accelerometer; autoplay; clipboard-write; encrypted-media; gyroscope; picture-in-picture; web-share\" referrerpolicy=\"strict-origin-when-cross-origin\" allowfullscreen><\/iframe>\n<\/div><\/figure>\n","protected":false},"excerpt":{"rendered":"<p>Os rumores sobre uma corrida da F\u00f3rmula 1 em Madri levaram um golpe ap\u00f3s o presidente da Federa\u00e7\u00e3o Espanhola de Automoblismo, que tamb\u00e9m \u00e9 integrante da FIA, dizer que ainda n\u00e3o houve qualquer tipo de sinaliza\u00e7\u00e3o para uma corrida na cidade<\/p>\n","protected":false},"author":0,"featured_media":1000633876,"comment_status":"closed","ping_status":"closed","sticky":false,"template":"","format":"standard","meta":{"42wp_featured_image_caption":"","42wp_featured_image_credits":"","42wp_featured_video":"","42wp_featured_image_hidden":false,"42wp_authors_list":[],"footnotes":""},"categories":[2],"tags":[304,26271,5273,147,6533,103,180,30722,996,1491,28285,30840,7105,35129,31447],"42wp_author":[47135],"class_list":["post-92504","post","type-post","status-publish","format-standard","has-post-thumbnail","hentry","category-f1","tag-barcelona","tag-calendario-f1","tag-classificacao-f1","tag-f1","tag-f1-2023","tag-fia","tag-formula-1","tag-formula-1-2023","tag-gp-da-espanha","tag-grande-premio","tag-grandepremio","tag-horarios-f1","tag-madri","tag-onde-assistir-f1","tag-temporada-2023-f1","42wp_author-pedro-luis-cuenca"],"_links":{"self":[{"href":"https:\/\/grandepremio.com\/br\/wp-json\/wp\/v2\/posts\/92504","targetHints":{"allow":["GET"]}}],"collection":[{"href":"https:\/\/grandepremio.com\/br\/wp-json\/wp\/v2\/posts"}],"about":[{"href":"https:\/\/grandepremio.com\/br\/wp-json\/wp\/v2\/types\/post"}],"replies":[{"embeddable":true,"href":"https:\/\/grandepremio.com\/br\/wp-json\/wp\/v2\/comments?post=92504"}],"version-history":[{"count":0,"href":"https:\/\/grandepremio.com\/br\/wp-json\/wp\/v2\/posts\/92504\/revisions"}],"wp:featuredmedia":[{"embeddable":true,"href":"https:\/\/grandepremio.com\/br\/wp-json\/wp\/v2\/media\/1000633876"}],"wp:attachment":[{"href":"https:\/\/grandepremio.com\/br\/wp-json\/wp\/v2\/media?parent=92504"}],"wp:term":[{"taxonomy":"category","embeddable":true,"href":"https:\/\/grandepremio.com\/br\/wp-json\/wp\/v2\/categories?post=92504"},{"taxonomy":"post_tag","embeddable":true,"href":"https:\/\/grandepremio.com\/br\/wp-json\/wp\/v2\/tags?post=92504"},{"taxonomy":"42wp_author","embeddable":true,"href":"https:\/\/grandepremio.com\/br\/wp-json\/wp\/v2\/42wp_author?post=92504"}],"curies":[{"name":"wp","href":"https:\/\/api.w.org\/{rel}","templated":true}]}}