{"id":92563,"date":"2023-12-10T09:33:21","date_gmt":"2023-12-10T12:33:21","guid":{"rendered":"https:\/\/grandepremio.com\/br\/noticias\/lewis-hamilton-deixa-trofeu-premiacao-fia-mercedes-diz-vai-guardar\/"},"modified":"2023-12-10T15:32:13","modified_gmt":"2023-12-10T18:32:13","slug":"lewis-hamilton-deixa-trofeu-premiacao-fia-mercedes-diz-vai-guardar","status":"publish","type":"post","link":"https:\/\/grandepremio.com\/br\/f1\/lewis-hamilton-deixa-trofeu-premiacao-fia-mercedes-diz-vai-guardar\/","title":{"rendered":"Hamilton deixa trof\u00e9u em premia\u00e7\u00e3o da FIA. Mercedes diz que vai receber e guardar"},"content":{"rendered":"\n<p class=\"wp-block-paragraph\">A <strong>Federa\u00e7\u00e3o Internacional de Automobilismo (FIA)<\/strong> realizou sua tradicional premia\u00e7\u00e3o de fim de ano na \u00faltima sexta-feira (8), em <strong>Baku<\/strong>. Um dos pilotos presentes foi <strong>Lewis Hamilton<\/strong>, que recebeu um trof\u00e9u pelo terceiro lugar obtido na temporada da <strong>F\u00f3rmula 1<\/strong>.<\/p>\n\n\n\n<p class=\"wp-block-paragraph\">A cerim\u00f4nia aconteceu dias depois da investiga\u00e7\u00e3o lan\u00e7ada pela FIA contra <strong>Toto Wolff<\/strong>, chefe da <strong>Mercedes<\/strong>, e sua esposa <strong>Susie<\/strong>, diretor da da <strong>F1 Academy<\/strong>. Boa parte do paddock da categoria se uniu para defender a dupla das acusa\u00e7\u00f5es e <a href=\"https:\/\/www.grandepremio.com\/br\/f1\/noticias\/fia-ve-robusto-sistema-de-gestao-f1-encerra-investigacao-sobre-casal-toto-wolff\/\" class=\"ek-link\">logo depois o processo foi encerrado<\/a>.<\/p>\n\n\n\n<p class=\"wp-block-paragraph\">De acordo com o site <em>Motorsport-Magazin<\/em>, Hamilton deixou o trof\u00e9u no evento. Procurada pelo site <em>RacingNews365<\/em>, a Mercedes afirmou que o heptacampe\u00e3o mundial aceitou uma oferta da FIA para garantir que o objeto fosse &#8220;enviado para a equipe e, depois, deixado sob seus cuidados&#8221;.<\/p>\n\n\n\n<p class=\"wp-block-paragraph\">Antes da premia\u00e7\u00e3o, o piloto da Mercedes criticou a escolha de Baku como sede do evento e questionou a FIA sobre as decis\u00f5es de sustentabilidade.<\/p>\n\n\n\n<figure class=\"wp-block-image size-large\"><img decoding=\"async\" src=\"https:\/\/www.grandepremio.com\/br\/wp-content\/uploads\/2023\/12\/53383909512_9ceff4312c_k-1024x683.jpg\" alt=\"\" class=\"wp-image-762866\"\/><figcaption class=\"wp-element-caption\">Evento de gala da FIA aconteceu em Baku nesta temporada (Foto: FIA)<\/figcaption><\/figure>\n\n\n\n<p class=\"wp-block-paragraph\">&#8220;Apesar de gostar de Baku, \u00e9 um lugar lindo, as quest\u00f5es em minha mente sobre a FIA realmente pensar sobre sustentabilidade porque muitas pessoas voaram para c\u00e1 e a FIA fica em Paris, poderia ter sido l\u00e1&#8221;, afirmou.<\/p>\n\n\n\n<p class=\"wp-block-paragraph\">&#8220;\u00c9 uma linda arena, \u00e9 uma noite para nos juntarmos e celebrarmos todos os feitos de grandes pessoas do esporte, todos os grandes pilotos que conseguiram durante o ano&#8221;, completou o brit\u00e2nico.<\/p>\n\n\n\n<p class=\"wp-block-paragraph\"><strong>\u25b6\ufe0f&nbsp;Inscreva-se nos dois canais do GRANDE PR\u00caMIO no YouTube:&nbsp;<a href=\"https:\/\/www.youtube.com\/channel\/UC9OlHEgxoaY6QY6nWPoiqQg?sub_confirmation=1\" target=\"_blank\" rel=\"noreferrer noopener\">GP<\/a>&nbsp;|&nbsp;<a href=\"https:\/\/www.youtube.com\/channel\/UC9csiS6q_C3C0FYhyr1rnFA?sub_confirmation=1\" target=\"_blank\" rel=\"noreferrer noopener\">GP2<\/a><\/strong><br><strong>\u25b6\ufe0f&nbsp;<a href=\"https:\/\/www.twitch.tv\/grandepremio\" target=\"_blank\" rel=\"noreferrer noopener\">Conhe\u00e7a o canal do GRANDE PR\u00caMIO na Twitch clicando aqui!<\/a><\/strong><\/p>\n\n\n\n<figure class=\"wp-block-embed is-type-video is-provider-youtube wp-block-embed-youtube wp-embed-aspect-16-9 wp-has-aspect-ratio\"><div class=\"wp-block-embed__wrapper\">\n<iframe loading=\"lazy\" title=\"Gest\u00e3o BEN SULAYEM na FIA tem marca: a do CAOS! | Paddock Sprint\" width=\"500\" height=\"281\" src=\"https:\/\/www.youtube.com\/embed\/MugCA44-nAc?feature=oembed\" frameborder=\"0\" allow=\"accelerometer; autoplay; clipboard-write; encrypted-media; gyroscope; picture-in-picture; web-share\" referrerpolicy=\"strict-origin-when-cross-origin\" allowfullscreen><\/iframe>\n<\/div><\/figure>\n","protected":false},"excerpt":{"rendered":"<p>Ato falho ou proposital? Lewis Hamilton deixou o trof\u00e9u de terceiro lugar da temporada 2023 da F\u00f3rmula 1 que recebeu na premia\u00e7\u00e3o de gala da FIA. A Mercedes, por\u00e9m, disse que vai receber da entidade e guardar<\/p>\n","protected":false},"author":0,"featured_media":1000762902,"comment_status":"closed","ping_status":"closed","sticky":false,"template":"","format":"standard","meta":{"42wp_featured_image_caption":"","42wp_featured_image_credits":"","42wp_featured_video":"","42wp_featured_image_hidden":false,"42wp_authors_list":[],"footnotes":""},"categories":[2],"tags":[26271,5273,147,6533,103,180,30722,1491,28285,30840,87,82,35129,31447,25853],"42wp_author":[47135],"class_list":["post-92563","post","type-post","status-publish","format-standard","has-post-thumbnail","hentry","category-f1","tag-calendario-f1","tag-classificacao-f1","tag-f1","tag-f1-2023","tag-fia","tag-formula-1","tag-formula-1-2023","tag-grande-premio","tag-grandepremio","tag-horarios-f1","tag-lewis-hamilton","tag-mercedes","tag-onde-assistir-f1","tag-temporada-2023-f1","tag-trofeu","42wp_author-pedro-luis-cuenca"],"_links":{"self":[{"href":"https:\/\/grandepremio.com\/br\/wp-json\/wp\/v2\/posts\/92563","targetHints":{"allow":["GET"]}}],"collection":[{"href":"https:\/\/grandepremio.com\/br\/wp-json\/wp\/v2\/posts"}],"about":[{"href":"https:\/\/grandepremio.com\/br\/wp-json\/wp\/v2\/types\/post"}],"replies":[{"embeddable":true,"href":"https:\/\/grandepremio.com\/br\/wp-json\/wp\/v2\/comments?post=92563"}],"version-history":[{"count":0,"href":"https:\/\/grandepremio.com\/br\/wp-json\/wp\/v2\/posts\/92563\/revisions"}],"wp:featuredmedia":[{"embeddable":true,"href":"https:\/\/grandepremio.com\/br\/wp-json\/wp\/v2\/media\/1000762902"}],"wp:attachment":[{"href":"https:\/\/grandepremio.com\/br\/wp-json\/wp\/v2\/media?parent=92563"}],"wp:term":[{"taxonomy":"category","embeddable":true,"href":"https:\/\/grandepremio.com\/br\/wp-json\/wp\/v2\/categories?post=92563"},{"taxonomy":"post_tag","embeddable":true,"href":"https:\/\/grandepremio.com\/br\/wp-json\/wp\/v2\/tags?post=92563"},{"taxonomy":"42wp_author","embeddable":true,"href":"https:\/\/grandepremio.com\/br\/wp-json\/wp\/v2\/42wp_author?post=92563"}],"curies":[{"name":"wp","href":"https:\/\/api.w.org\/{rel}","templated":true}]}}