{"id":92641,"date":"2023-12-09T04:00:00","date_gmt":"2023-12-09T07:00:00","guid":{"rendered":"https:\/\/grandepremio.com\/br\/noticias\/retrospectiva-2023-formula-e-muda-filosofia-pistas-novo-estilo-correr\/"},"modified":"2023-12-07T12:53:27","modified_gmt":"2023-12-07T15:53:27","slug":"retrospectiva-2023-formula-e-muda-filosofia-pistas-novo-estilo-correr","status":"publish","type":"post","link":"https:\/\/grandepremio.com\/br\/formula-e\/retrospectiva-2023-formula-e-muda-filosofia-pistas-novo-estilo-correr\/","title":{"rendered":"Retrospectiva 2023: F\u00f3rmula E muda filosofia de pistas e forja novo estilo de correr"},"content":{"rendered":"\n<p class=\"wp-block-paragraph\">Com um novo carro pronto para estrear em 2023, o mais r\u00e1pido da hist\u00f3ria da categoria, a <strong>F\u00f3rmula E<\/strong> tinha um ponto de interroga\u00e7\u00e3o \u00e0 sua frente \u2014 algo que foi, inclusive, objeto de questionamento aos pilotos em v\u00e1rios momentos da temporada. As tradicionais pistas urbanas, marca fundamental da categoria com seus trechos estreitos, ondulados e at\u00e9 alguns pontos cegos, estariam com seus dias contados? A resposta, no fim das contas, foi <strong>n\u00e3o<\/strong>. Mas isso n\u00e3o impediu que um novo horizonte se abrisse \u00e0 modalidade na temporada de batismo dos <strong>Gen3<\/strong>.<\/p>\n\n\n\n<p class=\"wp-block-paragraph\">Depois de uma estreia bastante chata na <strong><a href=\"https:\/\/www.grandepremio.com\/br\/formula-e\/noticias\/jake-dennis-sobra-estreia-era-gen3-ep-da-cidade-do-mexico-lucas-di-grassi-3o\/\" target=\"_blank\" aria-label=\"Cidade do M\u00e9xico (opens in a new tab)\" rel=\"noreferrer noopener\" class=\"ek-link\">Cidade do M\u00e9xico<\/a><\/strong>, com momentos de emo\u00e7\u00e3o limitados \u00e0 luta de <strong>Lucas Di Grassi <\/strong>para se manter no p\u00f3dio \u2014 um resultado inacredit\u00e1vel, considerando o ano da <strong>Mahindra <\/strong>\u2014, o <a href=\"https:\/\/www.grandepremio.com\/br\/formula-e\/noticias\/pascal-wehrlein-sam-bird-ep-de-diriyah-1-vence-segunda-veza-formula-e\/\" target=\"_blank\" aria-label=\" (opens in a new tab)\" rel=\"noreferrer noopener\" class=\"ek-link\"><strong>eP de Diriyah<\/strong><\/a> trouxe a ligeira impress\u00e3o de que a temporada ainda tinha salva\u00e7\u00e3o. Por\u00e9m, nada havia preparado a F\u00f3rmula E para o que viria nas tr\u00eas etapas seguintes.<\/p>\n\n\n\n<p class=\"wp-block-paragraph\"><strong><a aria-label=\" (opens in a new tab)\" href=\"https:\/\/www.grandepremio.com\/br\/formula-e\/noticias\/jean-eric-vergne-nick-cassidy-final-espetacular-primeiro-ep-de-hyderabad-formula-e\/\" target=\"_blank\" rel=\"noreferrer noopener\" class=\"ek-link\">Hyderabad<\/a><\/strong>, <strong><a aria-label=\"Cidade do Cabo (opens in a new tab)\" href=\"https:\/\/www.youtube.com\/watch?v=TbgZbiyOTwU\" target=\"_blank\" rel=\"noreferrer noopener\" class=\"ek-link\">Cidade do Cabo<\/a><\/strong> e <strong><a aria-label=\"S\u00e3o Paulo (opens in a new tab)\" href=\"https:\/\/www.youtube.com\/watch?v=-WetJmHLGXY\" target=\"_blank\" rel=\"noreferrer noopener\" class=\"ek-link\">S\u00e3o Paulo<\/a><\/strong> apresentaram caracter\u00edsticas diferentes do que o p\u00fablico da categoria estava acostumado: pistas largas, com retas mais longas e menos pontos de frenagem intensa. O resultado trouxe provas alucinantes e, talvez sem querer, forjou um novo tipo de corrida \u2014 o suficiente para que uma pista como Berlim, que esteve em todas as temporadas da F\u00f3rmula E, <a href=\"https:\/\/www.grandepremio.com\/br\/formula-e\/noticias\/formula-e-retira-pontos-frenagem-alonga-retas-ep-de-berlim-2024\/\" target=\"_blank\" aria-label=\" (opens in a new tab)\" rel=\"noreferrer noopener\" class=\"ek-link\">tivesse seu tra\u00e7ado alterado para 2024<\/a>.<\/p>\n\n\n\n<p class=\"wp-block-paragraph\">Com as retas longas, o potencial do Gen3 \u2014 que ficou escondido em Cidade do M\u00e9xico e Diriyah \u2014 foi enfim desbloqueado, e o carro mais r\u00e1pido da hist\u00f3ria da F\u00f3rmula E p\u00f4de acelerar. Sem a turbul\u00eancia conhecida de categorias com mais carga aerodin\u00e2mica, os pilotos acumularam ultrapassagens. Para quem estava entre os ponteiros, sempre havia possibilidade de buscar a vit\u00f3ria \u2014 que o diga <strong>Jean-\u00c8ric Vergne<\/strong>, pelo bem e pelo mal.<\/p>\n\n\n\n<figure class=\"wp-block-image size-large\"><img decoding=\"async\" src=\"https:\/\/www.grandepremio.com\/br\/wp-content\/uploads\/2023\/02\/FosMsuKXoAYLCIE-819x1024.jpg\" alt=\"\" class=\"wp-image-652564\"\/><figcaption class=\"wp-element-caption\">eP de Hyderabad come\u00e7ou a mudar a hist\u00f3ria do campeonato em 2023 (Foto: Maserati)<\/figcaption><\/figure>\n\n\n\n<p class=\"wp-block-paragraph\">O franc\u00eas provou do doce sabor dos novos tra\u00e7ados em Hyderabad, com um triunfo absolutamente inesperado \u2014 o \u00fanico da <strong>DS Penske <\/strong>\u2014 e, na etapa seguinte, sentiu o amargor do veneno ao ser superado por <strong>Ant\u00f3nio F\u00e9lix da Costa <\/strong>na \u00faltima curva do eP da Cidade do Cabo, a pista mais veloz do calend\u00e1rio.<\/p>\n\n\n\n<p class=\"wp-block-paragraph\">As retas fizeram a diferen\u00e7a, sim, mas o alargamento das pistas instigou os pilotos a disputarem em tr\u00eas, \u00e0s vezes quatro carros lado a lado, enquanto a efici\u00eancia do Gen3 permitiu que v\u00e1rios pontos de frenagem fossem retirados. Como consequ\u00eancia, as corridas se tornaram mais velozes, e o gerenciamento de energia caracter\u00edstico da F\u00f3rmula E se manteve como quesito obrigat\u00f3rio para vencer. Nada de pensar em pisar fundo, ou a bateria acaba antes da linha de chegada.<\/p>\n\n\n\n<p class=\"wp-block-paragraph\"><a href=\"https:\/\/www.youtube.com\/watch?v=U9PVrv5WBgA\" target=\"_blank\" aria-label=\" (opens in a new tab)\" rel=\"noreferrer noopener\" class=\"ek-link\"><strong>Berlim<\/strong><\/a>, com um largo tra\u00e7ado no Aeroporto de Tempelhof, manteve a pegada sem problemas \u2014 e ter\u00e1 um desenho ainda mais pr\u00f3ximo das outras em 2024 \u2014, enquanto <strong><a href=\"https:\/\/www.youtube.com\/watch?v=jc8_1o2D2Yw\" target=\"_blank\" aria-label=\"Portland  (opens in a new tab)\" rel=\"noreferrer noopener\" class=\"ek-link\">Portland <\/a><\/strong>apresentou um pega insano, permitindo que os carros fossem levados at\u00e9 o limite. At\u00e9 <strong><a href=\"https:\/\/www.youtube.com\/watch?v=N9qMaxPLhes\" target=\"_blank\" aria-label=\"M\u00f4naco (opens in a new tab)\" rel=\"noreferrer noopener\" class=\"ek-link\">M\u00f4naco<\/a><\/strong>, que n\u00e3o \u00e9 t\u00e3o estreita assim para os monopostos da F\u00f3rmula E, foi empolgante. <\/p>\n\n\n\n<p class=\"wp-block-paragraph\">As exce\u00e7\u00f5es ficaram justamente para as pistas mais apertadas, <a href=\"https:\/\/www.youtube.com\/watch?v=X2WcpgkC-3Y\" class=\"ek-link\"><strong>Roma<\/strong><\/a> e <strong><a aria-label=\"Londres (opens in a new tab)\" href=\"https:\/\/www.youtube.com\/watch?v=rUSTUaV4dDk\" target=\"_blank\" rel=\"noreferrer noopener\" class=\"ek-link\">Londres<\/a><\/strong>, enquanto o <strong><a aria-label=\"eP de Jacarta (opens in a new tab)\" href=\"https:\/\/www.youtube.com\/watch?v=V6qb0bvoGKY\" target=\"_blank\" rel=\"noreferrer noopener\" class=\"ek-link\">eP de Jacarta<\/a><\/strong> foi brutalmente afetado pelo calor local \u2014 ainda assim, trouxe uma baita surpresa com um raro fim de semana de dom\u00ednio por parte de <strong>Maximilian G\u00fcnther<\/strong>, a primeira grande exibi\u00e7\u00e3o da <strong>Maserati <\/strong>na categoria.<\/p>\n\n\n\n<figure class=\"wp-block-image size-large\"><img decoding=\"async\" src=\"https:\/\/www.grandepremio.com\/br\/wp-content\/uploads\/2023\/02\/EPS905_160157_X4I8367-2048x2048-1-1024x683.jpg\" alt=\"\" class=\"wp-image-655942\"\/><figcaption class=\"wp-element-caption\">Na Cidade do Cabo, a F\u00f3rmula E experimentou uma das melhores corridas de sua hist\u00f3ria (Foto: F\u00f3rmula E)<\/figcaption><\/figure>\n\n\n\n<p class=\"wp-block-paragraph\">A li\u00e7\u00e3o causou impacto imediato na F\u00f3rmula E. O tra\u00e7ado para a estreia em <strong>T\u00f3quio <\/strong><a href=\"https:\/\/www.grandepremio.com\/br\/formula-e\/noticias\/formula-e-divulga-tracado-circuito-rua-para-inedito-ep-toquio-2024\/\" target=\"_blank\" aria-label=\"j\u00e1 re\u00fane v\u00e1rias das caracter\u00edsticas abordadas neste texto (opens in a new tab)\" rel=\"noreferrer noopener\" class=\"ek-link\">j\u00e1 re\u00fane v\u00e1rias das caracter\u00edsticas abordadas neste texto<\/a>, enquanto \u2014 vale mencionar novamente \u2014 Berlim vai passar por altera\u00e7\u00f5es. Roma deixa o calend\u00e1rio e ser\u00e1 substitu\u00edda por <strong>Misano<\/strong>, um circuito permanente, e <strong>Xangai <\/strong><a href=\"https:\/\/www.grandepremio.com\/br\/formula-e\/noticias\/formula-e-tira-asteriscos-confirma-misano-calendario-temporada-2023-24\/\" class=\"ek-link\">tamb\u00e9m entra para completar a quadra<\/a> ao lado de Portland e Cidade do M\u00e9xico.<\/p>\n\n\n\n<p class=\"wp-block-paragraph\">Evitando perder o DNA urbano, a F\u00f3rmula E j\u00e1 entendeu que colocar os poderosos Gen3 em tra\u00e7ados estreitos e apertados n\u00e3o vai funcionar. A temporada 2022\/23 mostrou isso do jeito mais positivo poss\u00edvel, com corridas emocionantes e decididas na \u00faltima curva, <a href=\"https:\/\/www.grandepremio.com\/br\/video\/formula-e\/sam-bird-causa-big-one-cinco-carros-paralisa-ep-de-roma-1-formula-e\/\" target=\"_blank\" aria-label=\"e um susto hist\u00f3rico (opens in a new tab)\" rel=\"noreferrer noopener\" class=\"ek-link\">e um susto hist\u00f3rico<\/a>, com o <a href=\"https:\/\/www.grandepremio.com\/br\/formula-e\/noticias\/lucas-di-grassi-destaca-proporcoes-acidente-sam-bird-roma-dos-mais-criticos-que-vi\/\" target=\"_blank\" aria-label=\" (opens in a new tab)\" rel=\"noreferrer noopener\" class=\"ek-link\">acidente quase catastr\u00f3fico<\/a> de Roma.<\/p>\n\n\n\n<p class=\"wp-block-paragraph\">Um ponto negativo, por\u00e9m, ainda precisa ser solucionado. A temporada foi tomada por &#8216;pack races&#8217;, as famosas corridas de pelot\u00e3o, porque n\u00e3o valia a pena para os l\u00edderes segurarem a ponta por muito tempo. A resist\u00eancia do ar impacta diretamente na regenera\u00e7\u00e3o de energia, e por um motivo simples: quem est\u00e1 atr\u00e1s aproveita o v\u00e1cuo para atingir alguns quil\u00f4metros por hora a mais, e cada um deles representa cerca de <strong>2%<\/strong> a <strong>3%<\/strong> de economia de bateria. Liderar a disputa inteira significaria ficar aberto a um ataque nas voltas finais, e feito por algu\u00e9m com muito mais capacidade energ\u00e9tica para acelerar.<\/p>\n\n\n\n<figure class=\"wp-block-image size-large\"><img decoding=\"async\" src=\"https:\/\/www.grandepremio.com\/br\/wp-content\/uploads\/2023\/06\/EPS912_160325_V6A0247-2048x2048-1-1024x683.jpg\" alt=\"\" class=\"wp-image-700546\"\/><figcaption class=\"wp-element-caption\">Portland apresentou um estilo completamente diferente de corrida na categoria (Foto: F\u00f3rmula E)<\/figcaption><\/figure>\n\n\n\n<p class=\"wp-block-paragraph\">\u00c9 preciso entender, ent\u00e3o, como aumentar a import\u00e2ncia de se ocupar a ponta, j\u00e1 que algumas disputas se resumem a primeiras voltas focadas em acumular bateria e um final alucinante, com todos acelerando ao m\u00e1ximo. Produz finais incr\u00edveis, mas a fase intermedi\u00e1ria corre risco de perder emo\u00e7\u00e3o \u00e0 medida em que todas as equipes entendem cada vez mais sobre o carro.<\/p>\n\n\n\n<p class=\"wp-block-paragraph\">A tecnologia evolui, a velocidade aumenta e a categoria cresce. Suas pistas, ent\u00e3o, precisam acompanhar o movimento \u2014 e cumpriram a miss\u00e3o em 2023. A temporada encerrada em julho trouxe uma nova maneira de correr na F\u00f3rmula E, e o Gen3 foi apenas parte disso. A mudan\u00e7a de filosofia dos tra\u00e7ados trouxe emo\u00e7\u00e3o, empolga\u00e7\u00e3o, entretenimento e uma veia esportiva que talvez seja in\u00e9dita na categoria. Que esse seja, ent\u00e3o, o caminho a seguir daqui em diante. O p\u00fablico agradece \u2014 e pede mais.<\/p>\n\n\n\n<p class=\"wp-block-paragraph\"><strong>\u25b6\ufe0f&nbsp;Inscreva-se nos dois canais do GRANDE PR\u00caMIO no YouTube:&nbsp;<a href=\"https:\/\/www.youtube.com\/channel\/UC9OlHEgxoaY6QY6nWPoiqQg?sub_confirmation=1\" target=\"_blank\" rel=\"noreferrer noopener\">GP<\/a>&nbsp;|&nbsp;<a href=\"https:\/\/www.youtube.com\/channel\/UC9csiS6q_C3C0FYhyr1rnFA?sub_confirmation=1\" target=\"_blank\" rel=\"noreferrer noopener\">GP2<\/a><\/strong><br><strong>\u25b6\ufe0f&nbsp;<a href=\"https:\/\/www.twitch.tv\/grandepremio\" target=\"_blank\" rel=\"noreferrer noopener\">Conhe\u00e7a o canal do GRANDE PR\u00caMIO na Twitch clicando aqui!<\/a><\/strong><\/p>\n\n\n\n<figure class=\"wp-block-embed is-type-video is-provider-youtube wp-block-embed-youtube wp-embed-aspect-16-9 wp-has-aspect-ratio\"><div class=\"wp-block-embed__wrapper\">\n<iframe loading=\"lazy\" title=\"QUER PISTA PERMANENTE? TOMA! F\u00f3rmula E bate recorde de circuitos em 2024. Por qu\u00ea? | GP \u00e0s 10\" width=\"500\" height=\"281\" src=\"https:\/\/www.youtube.com\/embed\/gzlfPrAROGc?feature=oembed\" frameborder=\"0\" allow=\"accelerometer; autoplay; clipboard-write; encrypted-media; gyroscope; picture-in-picture; web-share\" referrerpolicy=\"strict-origin-when-cross-origin\" allowfullscreen><\/iframe>\n<\/div><\/figure>\n","protected":false},"excerpt":{"rendered":"<p>F\u00f3rmula E desbloqueou potencial do Gen3 em pistas que n\u00e3o reuniam caracter\u00edsticas convencionais da categoria: mais largas, com retas mais longas e menos pontos cegos e de frenagem. O resultado? A temporada mais animada e de mais alto n\u00edvel t\u00e9cnico da hist\u00f3ria<\/p>\n","protected":false},"author":0,"featured_media":1000700512,"comment_status":"closed","ping_status":"closed","sticky":false,"template":"","format":"standard","meta":{"42wp_featured_image_caption":"","42wp_featured_image_credits":"","42wp_featured_video":"","42wp_featured_image_hidden":false,"42wp_authors_list":[],"footnotes":""},"categories":[19],"tags":[33214,28679,6853,31020,30836,4981,27360,33215,189,19052,5180,33229,5378,31468,379,30779,840,31435,1601,1491,30103,28285],"42wp_author":[47142],"class_list":["post-92641","post","type-post","status-publish","format-standard","has-post-thumbnail","hentry","category-formula-e","tag-calendario-fe","tag-calendario-formula-e","tag-classificacao-formula-e","tag-ep-da-cidade-do-cabo","tag-ep-da-cidade-do-mexico","tag-ep-de-berlim","tag-ep-de-diriyah","tag-ep-de-hyderabad","tag-ep-de-jacarta","tag-ep-de-londres","tag-ep-de-monaco","tag-ep-de-portland","tag-ep-de-roma","tag-ep-de-sao-paulo","tag-fe","tag-fe-2023","tag-formula-e","tag-formula-e-2023","tag-gen3","tag-grande-premio","tag-grande-premio-f1","tag-grandepremio","42wp_author-jp-nascimento"],"_links":{"self":[{"href":"https:\/\/grandepremio.com\/br\/wp-json\/wp\/v2\/posts\/92641","targetHints":{"allow":["GET"]}}],"collection":[{"href":"https:\/\/grandepremio.com\/br\/wp-json\/wp\/v2\/posts"}],"about":[{"href":"https:\/\/grandepremio.com\/br\/wp-json\/wp\/v2\/types\/post"}],"replies":[{"embeddable":true,"href":"https:\/\/grandepremio.com\/br\/wp-json\/wp\/v2\/comments?post=92641"}],"version-history":[{"count":0,"href":"https:\/\/grandepremio.com\/br\/wp-json\/wp\/v2\/posts\/92641\/revisions"}],"wp:featuredmedia":[{"embeddable":true,"href":"https:\/\/grandepremio.com\/br\/wp-json\/wp\/v2\/media\/1000700512"}],"wp:attachment":[{"href":"https:\/\/grandepremio.com\/br\/wp-json\/wp\/v2\/media?parent=92641"}],"wp:term":[{"taxonomy":"category","embeddable":true,"href":"https:\/\/grandepremio.com\/br\/wp-json\/wp\/v2\/categories?post=92641"},{"taxonomy":"post_tag","embeddable":true,"href":"https:\/\/grandepremio.com\/br\/wp-json\/wp\/v2\/tags?post=92641"},{"taxonomy":"42wp_author","embeddable":true,"href":"https:\/\/grandepremio.com\/br\/wp-json\/wp\/v2\/42wp_author?post=92641"}],"curies":[{"name":"wp","href":"https:\/\/api.w.org\/{rel}","templated":true}]}}