{"id":92659,"date":"2023-12-08T10:24:04","date_gmt":"2023-12-08T13:24:04","guid":{"rendered":"https:\/\/grandepremio.com\/br\/noticias\/fia-diz-mohammed-ben-sulayem-caiu-sofreu-concussao-confirma-presenca-premiacao\/"},"modified":"2023-12-08T10:42:16","modified_gmt":"2023-12-08T13:42:16","slug":"fia-diz-mohammed-ben-sulayem-caiu-sofreu-concussao-confirma-presenca-premiacao","status":"publish","type":"post","link":"https:\/\/grandepremio.com\/br\/f1\/fia-diz-mohammed-ben-sulayem-caiu-sofreu-concussao-confirma-presenca-premiacao\/","title":{"rendered":"FIA diz que Ben Sulayem caiu e teve concuss\u00e3o. Mas confirma presen\u00e7a em premia\u00e7\u00e3o"},"content":{"rendered":"\n<p class=\"wp-block-paragraph\">Em meio ao grande caos envolvendo <strong>FIA x F1<\/strong>, um cap\u00edtulo inesperado da novela surgiu. Segundo a entidade, h\u00e1 alguns dias, o presidente <strong>Mohammed Ben Sulayem<\/strong> sofreu uma queda e concuss\u00e3o, mas foi hospitalizado e est\u00e1 se recuperando. Isso, no entanto, n\u00e3o vai impedi-lo de comparecer na premia\u00e7\u00e3o da <strong>FIA <\/strong>nesta sexta-feira (8). <\/p>\n\n\n\n<p class=\"wp-block-paragraph\">A not\u00edcia chega num momento bastante conflituoso por causa da <a href=\"https:\/\/www.grandepremio.com\/br\/f1\/noticias\/caso-wolff-que-acontece-historia-coloca-susie-toto-mira-fia\/\" class=\"ek-link\">investiga\u00e7\u00e3o que a Federa\u00e7\u00e3o Internacional de Automobilismo tinha iniciado<\/a> em rela\u00e7\u00e3o \u00e0 <strong>F1 <\/strong>e o casal Woff, <strong>Toto e Susie<\/strong>. <a href=\"https:\/\/www.grandepremio.com\/br\/f1\/noticias\/fia-ve-robusto-sistema-de-gestao-f1-encerra-investigacao-sobre-casal-toto-wolff\/\" class=\"ek-link\">No entanto, o \u00f3rg\u00e3o regulador, ap\u00f3s manifesta\u00e7\u00f5es de todas as partes e tamb\u00e9m das equipes, abandonou a averigua\u00e7\u00e3o. <\/a><\/p>\n\n\n\n<p class=\"wp-block-paragraph\">O processo foi aberto ap\u00f3s supostas reclama\u00e7\u00f5es de outros chefes de equipe da\u00a0<strong><a href=\"https:\/\/www.grandepremio.com\/formula-1\/\" target=\"_blank\" rel=\"noreferrer noopener\">F\u00f3rmula 1<\/a><\/strong>\u00a0sobre as atividades da dupla. Toto \u00e9 chefe de equipe da\u00a0<strong>Mercedes<\/strong>, enquanto Susie \u00e9 diretora da\u00a0<strong><a href=\"https:\/\/www.grandepremio.com\/formula-1\/\" target=\"_blank\" rel=\"noreferrer noopener\">F1\u00a0<\/a>Academy<\/strong>, categoria exclusiva a pilotas e que est\u00e1 sob o guarda-chuva da\u00a0<strong>Formula One Management<\/strong>.<\/p>\n\n\n\n<p class=\"wp-block-paragraph\">A suspeita \u00e9 de que Toto tenha tido acesso a informa\u00e7\u00f5es confidenciais de atividades da FOM, algo que outros chefes de equipe n\u00e3o t\u00eam, enquanto Susie teria sido informada das principais discuss\u00f5es entre os chefes, o que pode ser de uso da categoria. Uma reportagem feita pela revista Business\u00a0<a href=\"https:\/\/www.grandepremio.com\/formula-1\/\" target=\"_blank\" rel=\"noreferrer noopener\">F1\u00a0<\/a>apontou que um coment\u00e1rio feito por Toto durante uma reuni\u00e3o de chefes virou alvo das reclama\u00e7\u00f5es dos advers\u00e1rios, por entenderem que a informa\u00e7\u00e3o dada s\u00f3 poderia ter vindo da Formula One Management.<\/p>\n\n\n\n<figure class=\"wp-block-image size-large\"><img decoding=\"async\" src=\"https:\/\/www.grandepremio.com\/br\/wp-content\/uploads\/2023\/07\/000_33N94Q3-1024x683.jpg\" alt=\"F1 2023, GP DA INGLATERRA, SILVERSTONE, MERCEDES, TOTO WOLFF, FIA, FEDERA\u00c7\u00c3O INTERNACIONAL DE AUTOMOBILISMO, MOHAMMED BEN SULAYEM, AFP\" class=\"wp-image-706833\"\/><figcaption class=\"wp-element-caption\">FIA x F1 ganhou mais um cap\u00edtulo (Foto: AFP)\n<\/figcaption><\/figure>\n\n\n\n<p class=\"wp-block-paragraph\">As outras nove equipes do grid, ent\u00e3o,&nbsp;<a href=\"https:\/\/www.grandepremio.com\/br\/f1\/noticias\/equipes-se-unem-em-movimento-inedito-e-saem-em-defesa-de-susie-wolff-e-da-formula-1\/\">decidiram se unir em defesa de Susie num movimento in\u00e9dito<\/a>: na&nbsp;quarta-feira (6),&nbsp;<strong>Red Bull<\/strong>,&nbsp;<strong>Ferrari<\/strong>,&nbsp;<strong>McLaren<\/strong>,&nbsp;<strong>Williams<\/strong>,&nbsp;<strong>Haas<\/strong>,&nbsp;<strong>AlphaTauri<\/strong>,&nbsp;<strong>Alpine<\/strong>,&nbsp;<strong>Alfa Romeo<\/strong>&nbsp;e&nbsp;<strong>Aston Martin<\/strong>&nbsp;lan\u00e7aram um comunicado em conjunto negando qualquer participa\u00e7\u00e3o na investiga\u00e7\u00e3o e garantindo confian\u00e7a total na categoria e nos Wolff. O texto ainda serviu para desmentir a informa\u00e7\u00e3o sobre a reclama\u00e7\u00e3o contra o casal.<\/p>\n\n\n\n<p class=\"wp-block-paragraph\">\u201cPodemos confirmar que n\u00e3o fizemos nenhuma reclama\u00e7\u00e3o \u00e0 FIA sobre a alega\u00e7\u00e3o de informa\u00e7\u00f5es confidenciais sendo compartilhadas entre um chefe de equipe da\u00a0<a href=\"https:\/\/www.grandepremio.com\/formula-1\/\" target=\"_blank\" rel=\"noreferrer noopener\">F1\u00a0<\/a>e uma membra da equipe da FOM. Estamos felizes e orgulhosos em apoiar a\u00a0<a href=\"https:\/\/www.grandepremio.com\/formula-1\/\" target=\"_blank\" rel=\"noreferrer noopener\">F1\u00a0<\/a>Academy e seu diretor administrativo atrav\u00e9s nosso compromisso em patrocinar um competidor com nossas cores a partir da pr\u00f3xima temporada\u201d, escreveram os times em comunicados publicados tamb\u00e9m nas redes sociais.<\/p>\n\n\n\n<p class=\"wp-block-paragraph\">Susie e Toto se manifestaram nesta sexta-feira. A<a href=\"https:\/\/www.grandepremio.com\/br\/f1\/noticias\/susie-wolff-cobra-fia-promete-descobrir-quem-instigou-investigacao\/\" class=\"ek-link\"> dirigente da F1 Academy acusou a FIA de falta de transpar\u00eancia durante todo o processo, al\u00e9m de incitar acusa\u00e7\u00f5es sem provas sobre qualquer falha de procedimento causada por ela ou pelo marido.<\/a><\/p>\n\n\n\n<p class=\"wp-block-paragraph\"><strong>Toto <\/strong><a href=\"https:\/\/www.grandepremio.com\/br\/f1\/noticias\/toto-wolff-pede-transparencia-total-indica-judicializacao-conflito-com-fia\/\" class=\"ek-link\">manteve o tom\u00a0de sua esposa Susie\u00a0e pediu transpar\u00eancia ap\u00f3s a acusa\u00e7\u00e3o da\u00a0<strong>FIA<\/strong>\u00a0de conflitos de interesse. Em nota publicada nesta sexta-feira (8), o chef\u00e3o da\u00a0<strong>Mercedes<\/strong>\u00a0se manifestou sobre a semana conturbada envolvendo seu nome.<\/a> Indicou tamb\u00e9m um poss\u00edvel processo \u00e0 FIA. <\/p>\n\n\n\n<p class=\"wp-block-paragraph\"><strong>\u25b6\ufe0f\u00a0Inscreva-se nos dois canais do GRANDE PR\u00caMIO no YouTube:\u00a0<a href=\"https:\/\/www.youtube.com\/channel\/UC9OlHEgxoaY6QY6nWPoiqQg?sub_confirmation=1\" target=\"_blank\" rel=\"noreferrer noopener\">GP<\/a>\u00a0|\u00a0<a href=\"https:\/\/www.youtube.com\/channel\/UC9csiS6q_C3C0FYhyr1rnFA?sub_confirmation=1\" target=\"_blank\" rel=\"noreferrer noopener\">GP2<\/a><\/strong><br><strong>\u25b6\ufe0f\u00a0<a href=\"https:\/\/www.twitch.tv\/grandepremio\" target=\"_blank\" rel=\"noreferrer noopener\">Conhe\u00e7a o canal do GRANDE PR\u00caMIO na Twitch clicando aqui!<\/a><\/strong><\/p>\n\n\n\n<figure class=\"wp-block-embed is-type-video is-provider-youtube wp-block-embed-youtube wp-embed-aspect-16-9 wp-has-aspect-ratio\"><div class=\"wp-block-embed__wrapper\">\n<iframe loading=\"lazy\" title=\"F1 ENGROSSA e j\u00e1 AMEA\u00c7A ABANDONAR FIA ap\u00f3s CASO WOLFF | PADDOCK SPRINT\" width=\"500\" height=\"281\" src=\"https:\/\/www.youtube.com\/embed\/VKUY9-d3lsY?feature=oembed\" frameborder=\"0\" allow=\"accelerometer; autoplay; clipboard-write; encrypted-media; gyroscope; picture-in-picture; web-share\" referrerpolicy=\"strict-origin-when-cross-origin\" allowfullscreen><\/iframe>\n<\/div><\/figure>\n","protected":false},"excerpt":{"rendered":"<p>A FIA informou que o presidente da entidade, Mohammed Ben Sulayem, sofreu uma queda e concuss\u00e3o h\u00e1 alguns dias, mas foi hospitalizado e est\u00e1 se recuperando<\/p>\n","protected":false},"author":0,"featured_media":1000762561,"comment_status":"closed","ping_status":"closed","sticky":false,"template":"","format":"standard","meta":{"42wp_featured_image_caption":"","42wp_featured_image_credits":"","42wp_featured_video":"","42wp_featured_image_hidden":false,"42wp_authors_list":[],"footnotes":""},"categories":[2],"tags":[5660,969,147,6533,3230,642,160,103,180,30722,30909,1491,30103,28285,25978],"42wp_author":[47139],"class_list":["post-92659","post","type-post","status-publish","format-standard","has-post-thumbnail","hentry","category-f1","tag-classificacao","tag-corrida","tag-f1","tag-f1-2023","tag-f1-2024","tag-f1-ao-vivo","tag-f1-tv","tag-fia","tag-formula-1","tag-formula-1-2023","tag-formula-1-2024","tag-grande-premio","tag-grande-premio-f1","tag-grandepremio","tag-temporada-2023","42wp_author-ana-cerveira"],"_links":{"self":[{"href":"https:\/\/grandepremio.com\/br\/wp-json\/wp\/v2\/posts\/92659","targetHints":{"allow":["GET"]}}],"collection":[{"href":"https:\/\/grandepremio.com\/br\/wp-json\/wp\/v2\/posts"}],"about":[{"href":"https:\/\/grandepremio.com\/br\/wp-json\/wp\/v2\/types\/post"}],"replies":[{"embeddable":true,"href":"https:\/\/grandepremio.com\/br\/wp-json\/wp\/v2\/comments?post=92659"}],"version-history":[{"count":0,"href":"https:\/\/grandepremio.com\/br\/wp-json\/wp\/v2\/posts\/92659\/revisions"}],"wp:featuredmedia":[{"embeddable":true,"href":"https:\/\/grandepremio.com\/br\/wp-json\/wp\/v2\/media\/1000762561"}],"wp:attachment":[{"href":"https:\/\/grandepremio.com\/br\/wp-json\/wp\/v2\/media?parent=92659"}],"wp:term":[{"taxonomy":"category","embeddable":true,"href":"https:\/\/grandepremio.com\/br\/wp-json\/wp\/v2\/categories?post=92659"},{"taxonomy":"post_tag","embeddable":true,"href":"https:\/\/grandepremio.com\/br\/wp-json\/wp\/v2\/tags?post=92659"},{"taxonomy":"42wp_author","embeddable":true,"href":"https:\/\/grandepremio.com\/br\/wp-json\/wp\/v2\/42wp_author?post=92659"}],"curies":[{"name":"wp","href":"https:\/\/api.w.org\/{rel}","templated":true}]}}