{"id":9271,"date":"2026-05-07T10:22:07","date_gmt":"2026-05-07T13:22:07","guid":{"rendered":"https:\/\/grandepremio.com\/br\/noticias\/fia-agenda-nova-reuniao-avaliar-ajustes-introduzidos-regulamento-gp-miami\/"},"modified":"2026-05-07T11:18:48","modified_gmt":"2026-05-07T14:18:48","slug":"fia-agenda-nova-reuniao-avaliar-ajustes-introduzidos-regulamento-gp-miami","status":"publish","type":"post","link":"https:\/\/grandepremio.com\/br\/f1\/fia-agenda-nova-reuniao-avaliar-ajustes-introduzidos-regulamento-gp-miami\/","title":{"rendered":"FIA agenda nova reuni\u00e3o para avaliar ajustes introduzidos no regulamento no GP de Miami"},"content":{"rendered":"\n<p class=\"wp-block-paragraph\">A<strong> F\u00f3rmula 1<\/strong> planeja mais uma reuni\u00e3o esta semana, agora para avaliar <a href=\"https:\/\/www.grandepremio.com\/br\/f1\/noticias\/fia-ajusta-energia-anuncia-mudancas-regulamento-f1-2026-gp-de-miami\/\">se as mudan\u00e7as no regulamento t\u00e9cnico<\/a> surtiram o efeito desejado no <strong>GP de Miami<\/strong>, realizado no \u00faltimo domingo. O encontro marcado para esta sexta-feira (8) contar\u00e1 com os chefes das equipes, al\u00e9m de representantes da <strong>Federa\u00e7\u00e3o Internacional de Automobilismo<\/strong> (<strong>FIA<\/strong>), F1 e montadoras.<\/p>\n\n\n\n<p class=\"wp-block-paragraph\">A informa\u00e7\u00e3o \u00e9 do portal neerland\u00eas R<em>acingNews365<\/em>. Em pauta, al\u00e9m dos ajustes j\u00e1 promovidos, o grupo espera discutir a abordagem a ser tomada caso sejam necess\u00e1rias novas altera\u00e7\u00f5es. N\u00e3o h\u00e1, no entanto, expectativa de mudan\u00e7as significativas a curto prazo.<\/p>\n\n\n\n<figure class=\"wp-block-embed is-type-video is-provider-youtube wp-block-embed-youtube wp-embed-aspect-16-9 wp-has-aspect-ratio\"><div class=\"wp-block-embed__wrapper\">\n<iframe loading=\"lazy\" title=\"FIA PROMETE MOTORES V8 NA F1 + HAMILTON SE DESESPERA COM FERRARI | TTGP #218\" width=\"500\" height=\"281\" src=\"https:\/\/www.youtube.com\/embed\/v0PRcF3ekDA?feature=oembed\" frameborder=\"0\" allow=\"accelerometer; autoplay; clipboard-write; encrypted-media; gyroscope; picture-in-picture; web-share\" referrerpolicy=\"strict-origin-when-cross-origin\" allowfullscreen><\/iframe>\n<\/div><\/figure>\n\n\n\n<p class=\"wp-block-paragraph\">Em abril, durante a pausa for\u00e7ada da temporada por conta das suspens\u00f5es das corridas do <strong>Bahrein <\/strong>e da <strong>Ar\u00e1bia Saudita<\/strong>, FIA, F1, montadoras e at\u00e9 pilotos realizaram uma s\u00e9rie de reuni\u00f5es em busca de solu\u00e7\u00f5es para atenuar os efeitos do aumento da eletrifica\u00e7\u00e3o da unidade de pot\u00eancia, sendo a pilotagem n\u00e3o intuitiva por causa do gerenciamento da energia a maior reclama\u00e7\u00e3o dos competidores. Mas as diferen\u00e7as de velocidade entre os carros decorrentes da perda de energia tamb\u00e9m expuseram risco para a seguran\u00e7a, ainda mais evidenciado no acidente de<strong> Oliver Bearman <\/strong>no <strong>GP do Jap\u00e3o<\/strong>.<\/p>\n\n\n\n<p class=\"wp-block-paragraph\">O desafio, por\u00e9m, foi achar um denominador comum, uma vez que alterar a propor\u00e7\u00e3o entre parte el\u00e9trica e motor de combust\u00e3o, hoje em 50\/50, n\u00e3o foi considerada por se tratar de uma mudan\u00e7a invi\u00e1vel para 2026. Ficou acordado, ent\u00e3o, tr\u00eas ajustes: a limita\u00e7\u00e3o do Boost a +150 kW, a redu\u00e7\u00e3o da recarga m\u00e1xima de 9 MJ para 7MJ na classifica\u00e7\u00e3o e o super clipping nas corridas gerando 350 kW em vez de 250 kW.<\/p>\n\n\n\n<p class=\"wp-block-paragraph\">Al\u00e9m disso, a FIA testou em Miami um sistema de largada que aciona automaticamente o MGH-K em carros perigosamente lentos para garantir que atinjam um m\u00ednimo de acelera\u00e7\u00e3o por quest\u00f5es de seguran\u00e7a, sem proporcionar vantagem competitiva. <\/p>\n\n\n\n<figure class=\"wp-block-image size-large\"><img decoding=\"async\" src=\"https:\/\/www.grandepremio.com\/br\/wp-content\/uploads\/2026\/05\/miami-corrida-f1-2026-largada-960x1200.jpeg\" alt=\"\" class=\"wp-image-1083039\"\/><figcaption class=\"wp-element-caption\">Largada em Miami: F1 vai discutir o pacote de ajustes promovidos no regulamento (Foto: F1 Miami Grand Prix)<\/figcaption><\/figure>\n\n\n\n<p class=\"wp-block-paragraph\">O aparato ainda emite luzes traseiras e laterais nos carros para alertar os pilotos que v\u00eam de tr\u00e1s. Caso aprovado, o sistema de largada ser\u00e1 incorporado ao regulamento a partir do GP do Canad\u00e1, o pr\u00f3ximo do calend\u00e1rio. <\/p>\n\n\n\n<p class=\"wp-block-paragraph\">Desde o come\u00e7o da temporada 2026, o novo regulamento tem causado pol\u00eamicas, tanto que a F1 j\u00e1 olha para o que pode ser feito no ano que vem. A redu\u00e7\u00e3o da bateria a uma propor\u00e7\u00e3o 40\/60 com o motor de combust\u00e3o, al\u00e9m da diminui\u00e7\u00e3o do downforce para melhorar a regenera\u00e7\u00e3o de energia em curvas, s\u00e3o algumas das discuss\u00f5es sobre a mesa.<\/p>\n\n\n\n<p class=\"wp-block-paragraph\">A&nbsp;<strong>F\u00f3rmula 1<\/strong>&nbsp;volta de&nbsp;<strong>22 a 24 de maio<\/strong>&nbsp;com o&nbsp;<strong>GP do Canad\u00e1<\/strong>, quinta etapa da&nbsp;<strong>temporada 2026<\/strong>.<\/p>\n\n\n\n<p class=\"wp-block-paragraph\">\u25b6\ufe0f\u00a0<strong>Inscreva-se nos dois canais do GRANDE PR\u00caMIO no YouTube:\u00a0<a href=\"https:\/\/www.youtube.com\/channel\/UC9OlHEgxoaY6QY6nWPoiqQg?sub_confirmation=1\">GP<\/a>\u00a0|\u00a0<a href=\"https:\/\/www.youtube.com\/channel\/UC9csiS6q_C3C0FYhyr1rnFA?sub_confirmation=1\">GPTV<\/a><\/strong><\/p>\n\n\n\n<h2 class=\"wp-block-heading\" id=\"h-f1-hoje-saiba-aqui-as-noticias-mais-importantes-do-dia-da-formula-1\"><strong>F1 hoje: saiba aqui as not\u00edcias mais importantes do dia da F\u00f3rmula 1<\/strong><\/h2>\n\n\n\n<p class=\"wp-block-paragraph\">A reda\u00e7\u00e3o do&nbsp;<strong>GRANDE PR\u00caMIO<\/strong>&nbsp;selecionou as not\u00edcias mais importantes das \u00faltimas horas para voc\u00ea ficar por dentro de tudo que acontece na F1.<\/p>\n\n\n\n<p class=\"wp-block-paragraph\">\u25b6\ufe0f\u00a0<strong><a href=\"https:\/\/www.grandepremio.com\/br\/f1\/noticias\/fia-estuda-transferir-bahrein-arabia-saudita-fim-2026-cogita-etapa-turquia\/\">FIA estuda transferir Bahrein e Ar\u00e1bia Saudita para fim de 2026 e cogita etapa na Turquia<\/a><\/strong><br>\u25b6\ufe0f\u00a0<strong><a href=\"https:\/\/www.grandepremio.com\/br\/f1\/noticias\/lewis-hamilton-analise-ferrari-atualizacoes-rivais-algo-diferente\/\">Hamilton pede an\u00e1lise da Ferrari sobre atualiza\u00e7\u00f5es de rivais: \u201cFazem algo diferente\u201d<\/a><\/strong><br>\u25b6\ufe0f\u00a0<strong><a href=\"https:\/\/www.grandepremio.com\/br\/f1\/noticias\/red-bull-minimiza-batida-isack-hadjar-gp-de-miami-nao-ajudamos\/\">Red Bull minimiza batida de Hadjar no GP de Miami: \u201cN\u00e3o ajudamos\u201d<\/a><br>\u25b6\ufe0f<\/strong> <strong><a href=\"https:\/\/www.grandepremio.com\/br\/f1\/noticias\/problemas-de-saude-ida-ao-hospital-por-que-adrian-newey-nao-foi-ao-gp-de-miami\/\">Problemas de sa\u00fade e ida ao hospital: por que Newey n\u00e3o foi ao GP de Miami<\/a><br><\/strong>\u25b6\ufe0f\u00a0<strong><a href=\"https:\/\/www.grandepremio.com\/br\/f1\/noticias\/mclaren-rebate-lewis-hamilton-diz-progresso-miami-foi-dentro-esperado\/\">McLaren rebate Hamilton e diz que progresso em Miami \u201cfoi dentro do esperado\u201d<\/a><br><\/strong>\u25b6\ufe0f\u00a0<strong><a href=\"https:\/\/www.grandepremio.com\/br\/grandepremium\/ranking-gp\/f1\/materias\/notas-gp-de-miami-formula-1-2026\/\">As notas do GP de Miami da F1 2026<\/a><\/strong><a href=\"https:\/\/www.grandepremio.com\/br\/chefao\/\" target=\"_blank\" rel=\"noreferrer noopener\"><\/a><\/p>\n","protected":false},"excerpt":{"rendered":"<p>FIA, F1, equipes e montadoras planejam nova reuni\u00e3o para esta sexta-feira (8) para discutir se houve, de fato, melhorias com o pacote de mudan\u00e7as no regulamento promovido em Miami<\/p>\n","protected":false},"author":0,"featured_media":1001083164,"comment_status":"closed","ping_status":"closed","sticky":false,"template":"","format":"standard","meta":{"42wp_featured_image_caption":"","42wp_featured_image_credits":"","42wp_featured_video":"","42wp_featured_image_hidden":false,"42wp_authors_list":[],"footnotes":""},"categories":[2],"tags":[970,26271,5273,147,29516,29148,207,103,180,31425,28995,873,1491,28285,130,30840,82,35129,31470],"42wp_author":[47147],"class_list":["post-9271","post","type-post","status-publish","format-standard","has-post-thumbnail","hentry","category-f1","tag-audi","tag-calendario-f1","tag-classificacao-f1","tag-f1","tag-f1-2026","tag-f1-hoje","tag-ferrari","tag-fia","tag-formula-1","tag-formula-1-2026","tag-formula-1-hoje","tag-gp-de-miami","tag-grande-premio","tag-grandepremio","tag-honda","tag-horarios-f1","tag-mercedes","tag-onde-assistir-f1","tag-temporada-2026-f1","42wp_author-luana-marino"],"_links":{"self":[{"href":"https:\/\/grandepremio.com\/br\/wp-json\/wp\/v2\/posts\/9271","targetHints":{"allow":["GET"]}}],"collection":[{"href":"https:\/\/grandepremio.com\/br\/wp-json\/wp\/v2\/posts"}],"about":[{"href":"https:\/\/grandepremio.com\/br\/wp-json\/wp\/v2\/types\/post"}],"replies":[{"embeddable":true,"href":"https:\/\/grandepremio.com\/br\/wp-json\/wp\/v2\/comments?post=9271"}],"version-history":[{"count":0,"href":"https:\/\/grandepremio.com\/br\/wp-json\/wp\/v2\/posts\/9271\/revisions"}],"wp:featuredmedia":[{"embeddable":true,"href":"https:\/\/grandepremio.com\/br\/wp-json\/wp\/v2\/media\/1001083164"}],"wp:attachment":[{"href":"https:\/\/grandepremio.com\/br\/wp-json\/wp\/v2\/media?parent=9271"}],"wp:term":[{"taxonomy":"category","embeddable":true,"href":"https:\/\/grandepremio.com\/br\/wp-json\/wp\/v2\/categories?post=9271"},{"taxonomy":"post_tag","embeddable":true,"href":"https:\/\/grandepremio.com\/br\/wp-json\/wp\/v2\/tags?post=9271"},{"taxonomy":"42wp_author","embeddable":true,"href":"https:\/\/grandepremio.com\/br\/wp-json\/wp\/v2\/42wp_author?post=9271"}],"curies":[{"name":"wp","href":"https:\/\/api.w.org\/{rel}","templated":true}]}}