{"id":92749,"date":"2023-12-07T10:00:00","date_gmt":"2023-12-07T13:00:00","guid":{"rendered":"https:\/\/grandepremio.com\/br\/noticias\/queda-braco-investigacao-casal-wolff-novo-capitulo-guerra-fia-x-f1\/"},"modified":"2023-12-07T09:53:08","modified_gmt":"2023-12-07T12:53:08","slug":"queda-braco-investigacao-casal-wolff-novo-capitulo-guerra-fia-x-f1","status":"publish","type":"post","link":"https:\/\/grandepremio.com\/br\/f1\/queda-braco-investigacao-casal-wolff-novo-capitulo-guerra-fia-x-f1\/","title":{"rendered":"Queda de bra\u00e7o: Investiga\u00e7\u00e3o sobre casal Wolff \u00e9 novo cap\u00edtulo da guerra FIA x F1"},"content":{"rendered":"\n<p class=\"wp-block-paragraph\">O dia seguinte&nbsp;<a href=\"https:\/\/www.grandepremio.com\/br\/f1\/noticias\/fia-abre-investigacao-conflito-interesses-toto-wolff-susie-wolff-f1\/\">ao an\u00fancio da abertura da investiga\u00e7\u00e3o do departamento de compliance<\/a>&nbsp;da <strong>FIA <\/strong>para averiguar uma suspeita de conflito de interesses entre&nbsp;<strong>Toto Wolff&nbsp;<\/strong>e<strong>&nbsp;Susie Wolff&nbsp;<\/strong>pegou fogo. Por volta das 14h30 da \u00faltima quarta-feira (6),&nbsp;<strong>Red Bull<\/strong>,&nbsp;<strong>Ferrari<\/strong>,&nbsp;<strong>McLaren<\/strong>,<strong>&nbsp;Williams<\/strong>,&nbsp;<strong>Haas<\/strong>,&nbsp;<strong>AlphaTauri<\/strong>,&nbsp;<strong>Alpine<\/strong>,&nbsp;<strong>Alfa Romeo<\/strong>&nbsp;e&nbsp;<strong>Aston Martin<\/strong>&nbsp;lan\u00e7aram um comunicado em conjunto negando qualquer participa\u00e7\u00e3o na investiga\u00e7\u00e3o e garantindo confian\u00e7a total na categoria e nos Wolff.<\/p>\n\n\n\n<p class=\"wp-block-paragraph\">Toto \u00e9 chefe e acionista da<strong>&nbsp;Mercedes<\/strong>, enquanto Susie tem rela\u00e7\u00f5es com a&nbsp;<strong>FOM<\/strong>, j\u00e1 que \u00e9 diretora da&nbsp;<strong><a href=\"https:\/\/www.grandepremio.com\/formula-1\/\" target=\"_blank\" rel=\"noreferrer noopener\">F1&nbsp;<\/a>Academy<\/strong>, categoria dedicada exclusivamente a mulheres e que est\u00e1 no guarda-chuva da&nbsp;<strong>Formula One Management<\/strong>. Toto e Susie s\u00e3o casados desde 2011.<\/p>\n\n\n\n<p class=\"wp-block-paragraph\">A&nbsp;<strong><a href=\"https:\/\/www.grandepremio.com\/formula-1\/\" target=\"_blank\" rel=\"noreferrer noopener\" class=\"ek-link\">F\u00f3rmula 1<\/a><\/strong><a href=\"https:\/\/www.grandepremio.com\/br\/f1\/noticias\/f1-rebate-fia-sai-defesa-toto-wolff-susie-wolff-conflito-interesses\/\">&nbsp;se posicionou sobre o caso imediatamente ontem, afirmando que o comunicado divulgado pela FIA n\u00e3o foi compartilhado com a categoria de forma antecipada,<\/a>&nbsp;e afirmou que tem confian\u00e7a de que as acusa\u00e7\u00f5es sobre o casal s\u00e3o falsas, al\u00e9m de ter protocolos intensos para impedir o compartilhamento de informa\u00e7\u00f5es sigilosas.<\/p>\n\n\n\n<p class=\"wp-block-paragraph\">A&nbsp;<strong>Mercedes<\/strong>, por sua vez, se defendeu e&nbsp;<a href=\"https:\/\/www.grandepremio.com\/br\/f1\/noticias\/mercedes-pronuncia-sobre-conflito-interesses-toto-wolff-susie-wolff-infundado\/\">tamb\u00e9m rebateu a Federa\u00e7\u00e3o<\/a>, afirmando que o comunicado \u00e9 \u201cgen\u00e9rico\u201d e que as acusa\u00e7\u00f5es s\u00e3o infundadas, al\u00e9m de citar a surpresa por serem informados da investiga\u00e7\u00e3o apenas pela imprensa.<\/p>\n\n\n\n<p class=\"wp-block-paragraph\">Susie foi ainda mais enf\u00e1tica e&nbsp;<a href=\"https:\/\/www.grandepremio.com\/br\/f1\/noticias\/susie-wolff-aponta-misoginia-detona-acusacoes-conflito-interesse-toto-wolff\/\" class=\"ek-link\">disse que n\u00e3o estava surpresa com o ato que classificou como \u201cmis\u00f3gino\u201d<\/a>. Dirigente da F1 Academy, Wolff ainda se queixou das suspeitas e falou em \u201cs\u00e9rie de obst\u00e1culos\u201d superados durante a carreira.<\/p>\n\n\n\n<p class=\"wp-block-paragraph\"><strong>\u25b6\ufe0f&nbsp;Inscreva-se nos dois canais do GRANDE PR\u00caMIO no YouTube:&nbsp;<a href=\"https:\/\/www.youtube.com\/channel\/UC9OlHEgxoaY6QY6nWPoiqQg?sub_confirmation=1\" target=\"_blank\" rel=\"noreferrer noopener\">GP<\/a>&nbsp;|&nbsp;<a href=\"https:\/\/www.youtube.com\/channel\/UC9csiS6q_C3C0FYhyr1rnFA?sub_confirmation=1\" target=\"_blank\" rel=\"noreferrer noopener\">GP2<\/a><\/strong><br><strong>\u25b6\ufe0f&nbsp;<a href=\"https:\/\/www.twitch.tv\/grandepremio\" target=\"_blank\" rel=\"noreferrer noopener\">Conhe\u00e7a o canal do GRANDE PR\u00caMIO na Twitch clicando aqui!<\/a><\/strong><\/p>\n\n\n\n<p class=\"wp-block-paragraph\"><strong>LINK DO V\u00cdDEO<\/strong><\/p>\n\n\n\n<figure class=\"wp-block-embed is-type-rich is-provider-incorporar-manipulador wp-block-embed-incorporar-manipulador wp-embed-aspect-16-9 wp-has-aspect-ratio\"><div class=\"wp-block-embed__wrapper\">\n<iframe loading=\"lazy\" title=\"QUEDA DE BRA\u00c7O: Investiga\u00e7\u00e3o sobre casal Wolff \u00e9 NOVO CAP\u00cdTULO da GUERRA FIA X F1 | GP \u00e0s 10\" width=\"500\" height=\"281\" src=\"https:\/\/www.youtube.com\/embed\/AuUebizBSug?feature=oembed\" frameborder=\"0\" allow=\"accelerometer; autoplay; clipboard-write; encrypted-media; gyroscope; picture-in-picture; web-share\" referrerpolicy=\"strict-origin-when-cross-origin\" allowfullscreen><\/iframe>\n<\/div><\/figure>\n","protected":false},"excerpt":{"rendered":"<p>Investiga\u00e7\u00e3o da FIA sobre Toto e Susie Wolff \u00e9 mais um cap\u00edtulo da queda de bra\u00e7o entre a entidade que rege o esporte e a F\u00f3rmula 1. JP Nascimento comenta no v\u00eddeo desta semana<\/p>\n","protected":false},"author":0,"featured_media":1000762408,"comment_status":"closed","ping_status":"closed","sticky":false,"template":"","format":"standard","meta":{"42wp_featured_image_caption":"","42wp_featured_image_credits":"","42wp_featured_video":"","42wp_featured_image_hidden":false,"42wp_authors_list":[],"footnotes":""},"categories":[2],"tags":[30238,147,6533,33060,103,4838,180,1491,30103,28285,82,33268,3189,150],"42wp_author":[47142],"class_list":["post-92749","post","type-post","status-publish","format-standard","has-post-thumbnail","hentry","category-f1","tag-corrida-sprint-f1","tag-f1","tag-f1-2023","tag-f1-academy","tag-fia","tag-fom","tag-formula-1","tag-grande-premio","tag-grande-premio-f1","tag-grandepremio","tag-mercedes","tag-sprint-f1","tag-susie-wolff","tag-toto-wolff","42wp_author-jp-nascimento"],"_links":{"self":[{"href":"https:\/\/grandepremio.com\/br\/wp-json\/wp\/v2\/posts\/92749","targetHints":{"allow":["GET"]}}],"collection":[{"href":"https:\/\/grandepremio.com\/br\/wp-json\/wp\/v2\/posts"}],"about":[{"href":"https:\/\/grandepremio.com\/br\/wp-json\/wp\/v2\/types\/post"}],"replies":[{"embeddable":true,"href":"https:\/\/grandepremio.com\/br\/wp-json\/wp\/v2\/comments?post=92749"}],"version-history":[{"count":0,"href":"https:\/\/grandepremio.com\/br\/wp-json\/wp\/v2\/posts\/92749\/revisions"}],"wp:featuredmedia":[{"embeddable":true,"href":"https:\/\/grandepremio.com\/br\/wp-json\/wp\/v2\/media\/1000762408"}],"wp:attachment":[{"href":"https:\/\/grandepremio.com\/br\/wp-json\/wp\/v2\/media?parent=92749"}],"wp:term":[{"taxonomy":"category","embeddable":true,"href":"https:\/\/grandepremio.com\/br\/wp-json\/wp\/v2\/categories?post=92749"},{"taxonomy":"post_tag","embeddable":true,"href":"https:\/\/grandepremio.com\/br\/wp-json\/wp\/v2\/tags?post=92749"},{"taxonomy":"42wp_author","embeddable":true,"href":"https:\/\/grandepremio.com\/br\/wp-json\/wp\/v2\/42wp_author?post=92749"}],"curies":[{"name":"wp","href":"https:\/\/api.w.org\/{rel}","templated":true}]}}