{"id":9275,"date":"2026-05-07T09:13:34","date_gmt":"2026-05-07T12:13:34","guid":{"rendered":"https:\/\/grandepremio.com\/br\/noticias\/max-verstappen-expoe-desejo-correr-24-horas-spa-teria-feito-tivesse-tempo\/"},"modified":"2026-05-07T11:20:30","modified_gmt":"2026-05-07T14:20:30","slug":"max-verstappen-expoe-desejo-correr-24-horas-spa-teria-feito-tivesse-tempo","status":"publish","type":"post","link":"https:\/\/grandepremio.com\/br\/endurance\/max-verstappen-expoe-desejo-correr-24-horas-spa-teria-feito-tivesse-tempo\/","title":{"rendered":"Verstappen exp\u00f5e desejo de correr 24 Horas de Spa: &#8220;J\u00e1 teria feito se tivesse tempo&#8221;"},"content":{"rendered":"\n<p class=\"wp-block-paragraph\"><strong>Max Verstappen <\/strong>afirmou que pretende ampliar a participa\u00e7\u00e3o em provas de endurance e admitiu que gostaria de disputar as <strong>24 Horas de Spa-Francorchamps<\/strong> no futuro. O piloto da<strong> Red Bull <\/strong>explicou que o desejo depende principalmente da compatibilidade com o calend\u00e1rio da <strong>F\u00f3rmula 1<\/strong>, mas deixou claro o interesse em aproveitar qualquer oportunidade para correr fora da categoria.<\/p>\n\n\n\n<p class=\"wp-block-paragraph\">O neerland\u00eas vem aumentando a presen\u00e7a no universo do endurance nos \u00faltimos anos, tanto em projetos ligados ao automobilismo virtual quanto em iniciativas de <strong>GT<\/strong>. A participa\u00e7\u00e3o em N\u00fcrburgring aparece como mais um passo nessa aproxima\u00e7\u00e3o com provas de longa dura\u00e7\u00e3o.<\/p>\n\n\n\n<figure class=\"wp-block-image size-large\"><img decoding=\"async\" src=\"https:\/\/www.grandepremio.com\/br\/wp-content\/uploads\/2026\/04\/SI202604190238_hires_jpeg_24bit_rgb-1200x800.jpg\" alt=\"\" class=\"wp-image-1078879\"\/><figcaption class=\"wp-element-caption\">Max Verstappen em N\u00fcrburgring: gosto por endurance s\u00f3 aumenta (Foto: Red Bull Content Pool)<\/figcaption><\/figure>\n\n\n\n<p class=\"wp-block-paragraph\">&#8220;Quero fazer mais, claro, mas tamb\u00e9m depende um pouco do calend\u00e1rio\u201d, afirmou Verstappen em coletiva acompanhada pelo <strong>GRANDE PR\u00caMIO<\/strong> em <strong>Miami<\/strong>. Ele revelou ainda que j\u00e1 considerava participar da tradicional prova belga nesta temporada, mas o conflito de datas acabou impedindo os planos. \u201cSe houvesse um fim de semana livre para as 24 Horas de Spa, eu j\u00e1 teria feito este ano tamb\u00e9m\u201d, disse.<\/p>\n\n\n\n<p class=\"wp-block-paragraph\">Ao comentar as chances da equipe em N\u00fcrburgring, Verstappen destacou que o desempenho ainda depender\u00e1 do Balan\u00e7o de Performance (BoP), sistema utilizado para equilibrar os carros no endurance. Apesar disso, demonstrou confian\u00e7a na prepara\u00e7\u00e3o do time para a disputa.<\/p>\n\n\n\n<p class=\"wp-block-paragraph\">\u201cEstamos preparados o melhor poss\u00edvel. Acho que do lado dos pilotos estamos bem. A equipe \u00e9 forte\u201d, afirmou. O tetracampe\u00e3o tamb\u00e9m ressaltou a import\u00e2ncia de evitar problemas ao longo da prova. \u201cS\u00f3 precisamos garantir que o carro permane\u00e7a inteiro, especialmente para uma corrida de 24 horas\u201d, acrescentou.<\/p>\n\n\n\n<p class=\"wp-block-paragraph\">Mesmo mantendo o foco na F\u00f3rmula 1, Verstappen deixou claro que deseja explorar mais oportunidades fora da categoria principal nos pr\u00f3ximos anos. \u201cQualquer oportunidade que me permita correr, adoraria aproveitar\u201d, encerrou.<\/p>\n\n\n\n<p class=\"wp-block-paragraph\">A&nbsp;<strong>F\u00f3rmula 1<\/strong>&nbsp;volta de&nbsp;<strong>22 a 24 de maio<\/strong>&nbsp;com o&nbsp;<strong>GP do Canad\u00e1<\/strong>, quinta etapa da&nbsp;<strong>temporada 2026<\/strong>.<\/p>\n\n\n\n<p class=\"wp-block-paragraph\">\u25b6\ufe0f\u00a0<strong>Inscreva-se nos dois canais do GRANDE PR\u00caMIO no YouTube:\u00a0<a href=\"https:\/\/www.youtube.com\/channel\/UC9OlHEgxoaY6QY6nWPoiqQg?sub_confirmation=1\">GP<\/a>\u00a0|\u00a0<a href=\"https:\/\/www.youtube.com\/channel\/UC9csiS6q_C3C0FYhyr1rnFA?sub_confirmation=1\">GPTV<\/a><\/strong><\/p>\n\n\n\n<h2 class=\"wp-block-heading\" id=\"h-f1-hoje-saiba-aqui-as-noticias-mais-importantes-do-dia-da-formula-1\"><strong>F1 hoje: saiba aqui as not\u00edcias mais importantes do dia da F\u00f3rmula 1<\/strong><\/h2>\n\n\n\n<p class=\"wp-block-paragraph\">A reda\u00e7\u00e3o do&nbsp;<strong>GRANDE PR\u00caMIO<\/strong>&nbsp;selecionou as not\u00edcias mais importantes das \u00faltimas horas para voc\u00ea ficar por dentro de tudo que acontece na F1.<\/p>\n\n\n\n<p class=\"wp-block-paragraph\">\u25b6\ufe0f\u00a0<strong><a href=\"https:\/\/www.grandepremio.com\/br\/f1\/noticias\/fia-estuda-transferir-bahrein-arabia-saudita-fim-2026-cogita-etapa-turquia\/\">FIA estuda transferir Bahrein e Ar\u00e1bia Saudita para fim de 2026 e cogita etapa na Turquia<\/a><\/strong><br>\u25b6\ufe0f\u00a0<strong><a href=\"https:\/\/www.grandepremio.com\/br\/f1\/noticias\/lewis-hamilton-analise-ferrari-atualizacoes-rivais-algo-diferente\/\">Hamilton pede an\u00e1lise da Ferrari sobre atualiza\u00e7\u00f5es de rivais: \u201cFazem algo diferente\u201d<\/a><\/strong><br>\u25b6\ufe0f\u00a0<strong><a href=\"https:\/\/www.grandepremio.com\/br\/f1\/noticias\/red-bull-minimiza-batida-isack-hadjar-gp-de-miami-nao-ajudamos\/\">Red Bull minimiza batida de Hadjar no GP de Miami: \u201cN\u00e3o ajudamos\u201d<\/a><br><\/strong>\u25b6\ufe0f\u00a0<strong><a href=\"https:\/\/www.grandepremio.com\/br\/f1\/noticias\/problemas-de-saude-ida-ao-hospital-por-que-adrian-newey-nao-foi-ao-gp-de-miami\/\">Problemas de sa\u00fade e ida ao hospital: por que Newey n\u00e3o foi ao GP de Miami<\/a><br><\/strong>\u25b6\ufe0f\u00a0<strong><a href=\"https:\/\/www.grandepremio.com\/br\/f1\/noticias\/mclaren-rebate-lewis-hamilton-diz-progresso-miami-foi-dentro-esperado\/\">McLaren rebate Hamilton e diz que progresso em Miami \u201cfoi dentro do esperado\u201d<\/a><br><\/strong>\u25b6\ufe0f\u00a0<strong><a href=\"https:\/\/www.grandepremio.com\/br\/grandepremium\/ranking-gp\/f1\/materias\/notas-gp-de-miami-formula-1-2026\/\">As notas do GP de Miami da F1 2026<\/a><\/strong><a href=\"https:\/\/www.grandepremio.com\/br\/chefao\/\" target=\"_blank\" rel=\"noreferrer noopener\"><\/a><\/p>\n\n\n\n<p class=\"wp-block-paragraph\"><em>*Texto por Isadora Jacon<\/em><\/p>\n","protected":false},"excerpt":{"rendered":"<p>Max Verstappen afirmou que pretende disputar mais corridas de endurance, destacou interesse nas 24 Horas de Spa e condicionou participa\u00e7\u00e3o ao calend\u00e1rio da F\u00f3rmula 1<\/p>\n","protected":false},"author":0,"featured_media":1001083021,"comment_status":"closed","ping_status":"closed","sticky":false,"template":"","format":"standard","meta":{"42wp_featured_image_caption":"","42wp_featured_image_credits":"","42wp_featured_video":"","42wp_featured_image_hidden":false,"42wp_authors_list":[],"footnotes":""},"categories":[18],"tags":[43944,43943,427,1491,28285,46561,203,46559],"42wp_author":[47165,47147,47109],"class_list":["post-9275","post","type-post","status-publish","format-standard","has-post-thumbnail","hentry","category-endurance","tag-calendario-endurance","tag-classificacao-endurance","tag-endurance","tag-grande-premio","tag-grandepremio","tag-horarios-endurance","tag-max-verstappen","tag-temporada-2026-endurance","42wp_author-leonid-kluiev","42wp_author-luana-marino","42wp_author-redacao-gp"],"_links":{"self":[{"href":"https:\/\/grandepremio.com\/br\/wp-json\/wp\/v2\/posts\/9275","targetHints":{"allow":["GET"]}}],"collection":[{"href":"https:\/\/grandepremio.com\/br\/wp-json\/wp\/v2\/posts"}],"about":[{"href":"https:\/\/grandepremio.com\/br\/wp-json\/wp\/v2\/types\/post"}],"replies":[{"embeddable":true,"href":"https:\/\/grandepremio.com\/br\/wp-json\/wp\/v2\/comments?post=9275"}],"version-history":[{"count":0,"href":"https:\/\/grandepremio.com\/br\/wp-json\/wp\/v2\/posts\/9275\/revisions"}],"wp:featuredmedia":[{"embeddable":true,"href":"https:\/\/grandepremio.com\/br\/wp-json\/wp\/v2\/media\/1001083021"}],"wp:attachment":[{"href":"https:\/\/grandepremio.com\/br\/wp-json\/wp\/v2\/media?parent=9275"}],"wp:term":[{"taxonomy":"category","embeddable":true,"href":"https:\/\/grandepremio.com\/br\/wp-json\/wp\/v2\/categories?post=9275"},{"taxonomy":"post_tag","embeddable":true,"href":"https:\/\/grandepremio.com\/br\/wp-json\/wp\/v2\/tags?post=9275"},{"taxonomy":"42wp_author","embeddable":true,"href":"https:\/\/grandepremio.com\/br\/wp-json\/wp\/v2\/42wp_author?post=9275"}],"curies":[{"name":"wp","href":"https:\/\/api.w.org\/{rel}","templated":true}]}}