{"id":92794,"date":"2023-12-06T14:57:09","date_gmt":"2023-12-06T17:57:09","guid":{"rendered":"https:\/\/grandepremio.com\/br\/noticias\/equipes-se-unem-em-movimento-inedito-e-saem-em-defesa-de-susie-wolff-e-da-formula-1\/"},"modified":"2023-12-06T15:14:34","modified_gmt":"2023-12-06T18:14:34","slug":"equipes-se-unem-em-movimento-inedito-e-saem-em-defesa-de-susie-wolff-e-da-formula-1","status":"publish","type":"post","link":"https:\/\/grandepremio.com\/br\/f1\/equipes-se-unem-em-movimento-inedito-e-saem-em-defesa-de-susie-wolff-e-da-formula-1\/","title":{"rendered":"Equipes se unem em movimento in\u00e9dito e saem em defesa de Susie Wolff e da F\u00f3rmula 1"},"content":{"rendered":"\n<p class=\"wp-block-paragraph\">O dia seguinte <a href=\"https:\/\/www.grandepremio.com\/br\/f1\/noticias\/fia-abre-investigacao-conflito-interesses-toto-wolff-susie-wolff-f1\/\" class=\"ek-link\">ao an\u00fancio da abertura da investiga\u00e7\u00e3o do departamento de compliance<\/a> da FIA para averiguar uma suspeita de conflito de interesses entre <strong>Toto Wolff <\/strong>e<strong> Susie Wolff <\/strong>est\u00e1 pegando fogo. Por volta das 14h30 desta quarta-feira (6), <strong>Red Bull<\/strong>, <strong>Ferrari<\/strong>, <strong>McLaren<\/strong>,<strong> Williams<\/strong>, <strong>Haas<\/strong>, <strong>AlphaTauri<\/strong>, <strong>Alpine<\/strong>, <strong>Alfa Romeo<\/strong> e <strong>Aston Martin<\/strong> lan\u00e7aram um comunicado em conjunto negando qualquer participa\u00e7\u00e3o na investiga\u00e7\u00e3o e garantindo confian\u00e7a total na categoria e nos Wolff.<\/p>\n\n\n\n<p class=\"wp-block-paragraph\">Toto \u00e9 chefe e acionista da<strong> Mercedes<\/strong>, enquanto Susie tem rela\u00e7\u00f5es com a <strong>FOM<\/strong>, j\u00e1 que \u00e9 diretora da <strong>F1 Academy<\/strong>, categoria dedicada exclusivamente a mulheres e que est\u00e1 no guarda-chuva da <strong>Formula One Management<\/strong>. Toto e Susie s\u00e3o casados desde 2011.<\/p>\n\n\n\n<figure class=\"wp-block-image size-large\"><img decoding=\"async\" src=\"https:\/\/www.grandepremio.com\/br\/wp-content\/uploads\/2021\/04\/totosusiewolff-01-1024x683.jpg\" alt=\"\" class=\"wp-image-462564\"\/><figcaption class=\"wp-element-caption\">Toto e Susie Wolff (Foto: FIA F\u00f3rmula E)<\/figcaption><\/figure>\n\n\n\n<p class=\"wp-block-paragraph\">&#8220;Podemos confirmar que n\u00e3o fizemos nenhuma reclama\u00e7\u00e3o \u00e0 FIA sobre a alega\u00e7\u00e3o de informa\u00e7\u00f5es confidenciais sendo compartilhadas entre um chefe de equipe da F1 e uma membra da equipe da FOM. Estamos felizes e orgulhosos em apoiar a F1 Academy e seu diretor administrativo atrav\u00e9s nosso compromisso em patrocinar um competidor com nossas cores a partir da pr\u00f3xima temporada&#8221;, escreveram os times em comunicados publicados tamb\u00e9mas nas redes sociais.<\/p>\n\n\n\n<p class=\"wp-block-paragraph\">A investiga\u00e7\u00e3o da FIA parte da suspeita de que Toto tenha tido acesso a informa\u00e7\u00f5es confidenciais de atividades da FOM, algo que outras equipes n\u00e3o t\u00eam, enquanto Susie foi informada das principais discuss\u00f5es entre os chefes, o que pode ser de uso da categoria. Uma reportagem feita pela revista Business F1 apontou que um coment\u00e1rio feito por Toto durante uma reuni\u00e3o entre os times virou alvo das reclama\u00e7\u00f5es dos advers\u00e1rios, por entenderem que a informa\u00e7\u00e3o dada s\u00f3 poderia ter vindo da Formula One Management.<\/p>\n\n\n\n<p class=\"wp-block-paragraph\"><strong>\u25b6\ufe0f&nbsp;Inscreva-se nos dois canais do GRANDE PR\u00caMIO no YouTube:&nbsp;<a href=\"https:\/\/www.youtube.com\/channel\/UC9OlHEgxoaY6QY6nWPoiqQg?sub_confirmation=1\" target=\"_blank\" rel=\"noreferrer noopener\">GP<\/a>&nbsp;|&nbsp;<a href=\"https:\/\/www.youtube.com\/channel\/UC9csiS6q_C3C0FYhyr1rnFA?sub_confirmation=1\" target=\"_blank\" rel=\"noreferrer noopener\">GP2<\/a><\/strong><br><strong>\u25b6\ufe0f&nbsp;<a href=\"https:\/\/www.twitch.tv\/grandepremio\" target=\"_blank\" rel=\"noreferrer noopener\">Conhe\u00e7a o canal do GRANDE PR\u00caMIO na Twitch clicando aqui!<\/a><\/strong><\/p>\n\n\n\n<figure class=\"wp-block-embed is-type-rich is-provider-twitter wp-block-embed-twitter\"><div class=\"wp-block-embed__wrapper\">\n<blockquote class=\"twitter-tweet\" data-width=\"500\" data-dnt=\"true\"><p lang=\"en\" dir=\"ltr\">Team statement <a href=\"https:\/\/t.co\/OS1SQM6UzD\">pic.twitter.com\/OS1SQM6UzD<\/a><\/p>&mdash; Oracle Red Bull Racing (@redbullracing) <a href=\"https:\/\/x.com\/redbullracing\/status\/1732455871748177929?ref_src=twsrc%5Etfw\">December 6, 2023<\/a><\/blockquote><script async src=\"https:\/\/platform.x.com\/widgets.js\" charset=\"utf-8\"><\/script>\n<\/div><figcaption class=\"wp-element-caption\">A Red Bull tamb\u00e9m saiu em defesa de Toto e Susie Wolff, al\u00e9m da F\u00f3rmula 1<\/figcaption><\/figure>\n\n\n\n<p class=\"wp-block-paragraph\">A <strong>F\u00f3rmula 1<\/strong><a href=\"https:\/\/www.grandepremio.com\/br\/f1\/noticias\/f1-rebate-fia-sai-defesa-toto-wolff-susie-wolff-conflito-interesses\/\" class=\"ek-link\"> se posicionou sobre o caso imediatamente ontem, afirmando que o comunicado divulgado pela FIA n\u00e3o foi compartilhado com a categoria de forma antecipada,<\/a> e afirmou que tem confian\u00e7a de que as acusa\u00e7\u00f5es sobre o casal s\u00e3o falsas, al\u00e9m de ter protocolos intensos para impedir o compartilhamento de informa\u00e7\u00f5es sigilosas.<\/p>\n\n\n\n<p class=\"wp-block-paragraph\">A <strong>Mercedes<\/strong>, por sua vez, se defendeu e <a href=\"https:\/\/www.grandepremio.com\/br\/f1\/noticias\/mercedes-pronuncia-sobre-conflito-interesses-toto-wolff-susie-wolff-infundado\/\" class=\"ek-link\">tamb\u00e9m rebateu a Federa\u00e7\u00e3o<\/a>, afirmando que o comunicado \u00e9 \u201cgen\u00e9rico\u201d e que as acusa\u00e7\u00f5es s\u00e3o infundadas, al\u00e9m de citar a surpresa por serem informados da investiga\u00e7\u00e3o apenas pela imprensa.<\/p>\n\n\n\n<p class=\"wp-block-paragraph\">Susie foi ainda mais enf\u00e1tica e <a href=\"https:\/\/www.grandepremio.com\/br\/f1\/noticias\/susie-wolff-aponta-misoginia-detona-acusacoes-conflito-interesse-toto-wolff\/\" class=\"ek-link\">disse que n\u00e3o estava surpresa com o ato que classificou como &#8220;mis\u00f3gino&#8221;<\/a>. Dirigente da F1 Academy, Wolff ainda se queixou das suspeitas e falou em &#8220;s\u00e9rie de obst\u00e1culos&#8221; superados durante a carreira.<\/p>\n\n\n\n<figure class=\"wp-block-embed is-type-video is-provider-youtube wp-block-embed-youtube wp-embed-aspect-16-9 wp-has-aspect-ratio\"><div class=\"wp-block-embed__wrapper\">\n<iframe loading=\"lazy\" title=\"GUERRA F1 x FIA \ud83d\udca3: TOTO WOLFF e SUSIE SE REVOLTAM! E JEAN TODT defende MASSA | PADDOCK SPRINT\" width=\"500\" height=\"281\" src=\"https:\/\/www.youtube.com\/embed\/rs827xUELGI?feature=oembed\" frameborder=\"0\" allow=\"accelerometer; autoplay; clipboard-write; encrypted-media; gyroscope; picture-in-picture; web-share\" referrerpolicy=\"strict-origin-when-cross-origin\" allowfullscreen><\/iframe>\n<\/div><\/figure>\n","protected":false},"excerpt":{"rendered":"<p>A batalha entre FIA e F1 parece pegar fogo de vez. No dia seguinte ao an\u00fancio da investiga\u00e7\u00e3o da entidade sobre suposto conflito de interesses entre o casal Toto Wolff e Susie Wolff, todas as equipes do grid se uniram \u00e0 Mercedes e sa\u00edram em defesa dos dois e da categoria, inclusive Red Bull, Ferrari, McLaren e Williams<\/p>\n","protected":false},"author":0,"featured_media":1000759355,"comment_status":"closed","ping_status":"closed","sticky":false,"template":"","format":"standard","meta":{"42wp_featured_image_caption":"","42wp_featured_image_credits":"","42wp_featured_video":"","42wp_featured_image_hidden":false,"42wp_authors_list":[],"footnotes":""},"categories":[2],"tags":[27776,34186,27487,32017,33847,5660,8235,33526,969,147,6533,642,11958,160,33890,4838,25805,714,82,3189,150],"42wp_author":[47115,47117],"class_list":["post-92794","post","type-post","status-publish","format-standard","has-post-thumbnail","hentry","category-f1","tag-assistir-f1-ao-vivo","tag-assistir-f1-gratis","tag-assistir-f1-online","tag-calendario-f1-2023","tag-calendario-f1-2023-horarios","tag-classificacao","tag-classificacao-da-f1","tag-classificacao-f1-2023","tag-corrida","tag-f1","tag-f1-2023","tag-f1-ao-vivo","tag-f1-live","tag-f1-tv","tag-f1-tv-2023","tag-fom","tag-investigacao","tag-liberty-media","tag-mercedes","tag-susie-wolff","tag-toto-wolff","42wp_author-evelyn-guimaraes","42wp_author-gabriel-curty"],"_links":{"self":[{"href":"https:\/\/grandepremio.com\/br\/wp-json\/wp\/v2\/posts\/92794","targetHints":{"allow":["GET"]}}],"collection":[{"href":"https:\/\/grandepremio.com\/br\/wp-json\/wp\/v2\/posts"}],"about":[{"href":"https:\/\/grandepremio.com\/br\/wp-json\/wp\/v2\/types\/post"}],"replies":[{"embeddable":true,"href":"https:\/\/grandepremio.com\/br\/wp-json\/wp\/v2\/comments?post=92794"}],"version-history":[{"count":0,"href":"https:\/\/grandepremio.com\/br\/wp-json\/wp\/v2\/posts\/92794\/revisions"}],"wp:featuredmedia":[{"embeddable":true,"href":"https:\/\/grandepremio.com\/br\/wp-json\/wp\/v2\/media\/1000759355"}],"wp:attachment":[{"href":"https:\/\/grandepremio.com\/br\/wp-json\/wp\/v2\/media?parent=92794"}],"wp:term":[{"taxonomy":"category","embeddable":true,"href":"https:\/\/grandepremio.com\/br\/wp-json\/wp\/v2\/categories?post=92794"},{"taxonomy":"post_tag","embeddable":true,"href":"https:\/\/grandepremio.com\/br\/wp-json\/wp\/v2\/tags?post=92794"},{"taxonomy":"42wp_author","embeddable":true,"href":"https:\/\/grandepremio.com\/br\/wp-json\/wp\/v2\/42wp_author?post=92794"}],"curies":[{"name":"wp","href":"https:\/\/api.w.org\/{rel}","templated":true}]}}