{"id":92813,"date":"2023-12-06T13:00:44","date_gmt":"2023-12-06T16:00:44","guid":{"rendered":"https:\/\/grandepremio.com\/br\/noticias\/theo-pourchaire-poe-super-formula-como-plano-a-2024-liam-lawson-mostrou-otima-categoria\/"},"modified":"2024-03-10T14:56:35","modified_gmt":"2024-03-10T17:56:35","slug":"theo-pourchaire-poe-super-formula-como-plano-a-2024-liam-lawson-mostrou-otima-categoria","status":"publish","type":"post","link":"https:\/\/grandepremio.com\/br\/super-formula\/theo-pourchaire-poe-super-formula-como-plano-a-2024-liam-lawson-mostrou-otima-categoria\/","title":{"rendered":"Pourchaire p\u00f5e Super F\u00f3rmula como &#8220;plano A&#8221; para 2024: &#8220;Lawson mostrou ser \u00f3tima classe&#8221;"},"content":{"rendered":"\n<p class=\"wp-block-paragraph\"><strong>Th\u00e9o Pourchaire<\/strong> j\u00e1 tem um objetivo tra\u00e7ado para a temporada 2024: disputar o campeonato da <strong>Super F\u00f3rmula<\/strong>. <strong><a href=\"https:\/\/www.grandepremio.com\/br\/f2\/noticias\/theo-pourchaire-campeao-f2-2023-5o-lugar-abu-dhabi-jack-doohan-vence-corrida-2\/\" class=\"ek-link\">O campe\u00e3o<\/a><\/strong> da <strong><a href=\"https:\/\/www.grandepremio.com\/br\/f2\/\" class=\"ek-link\">F2<\/a><\/strong> tomou a decis\u00e3o ao notar o sucesso que <strong>Liam Lawson<\/strong> fez imediatamente na <strong><a href=\"https:\/\/www.grandepremio.com\/br\/f1\/\" class=\"ek-link\">F1<\/a><\/strong> enquanto participava da <strong><a href=\"https:\/\/www.grandepremio.com\/br\/?s=super+f%C3%B3rmula+&amp;orderby=post_date&amp;rows=20\" class=\"ek-link\">Super F\u00f3rmula<\/a><\/strong>. Foi o que garantiu ao franc\u00eas que era o passo certo na busca por uma vaga no grid da F1 em 2024.<\/p>\n\n\n\n<p class=\"wp-block-paragraph\">Apesar disso, Pourchaire ainda n\u00e3o tem um acordo v\u00e1lido com alguma das equipes. Segundo ele, est\u00e1 em fase de negocia\u00e7\u00e3o com alguns times e com a <strong>Academia da Sauber<\/strong>, da qual faz parte h\u00e1 alguns anos.<\/p>\n\n\n\n<p class=\"wp-block-paragraph\">&#8220;Lawson mostrou que \u00e9 uma \u00f3tima categoria, porque assim que ele entrou num carro da F1, deu para ver que era muito r\u00e1pido. \u00c9 um \u00f3timo piloto, conhe\u00e7o bem, mas o carro da Super F\u00f3rmula \u00e9 muito \u00f3timo. As pistas s\u00e3o dif\u00edceis, como Suzuka, com curvas de alta velocidade, ent\u00e3o \u00e9 importante estar confiante e confiar no carro. E, para mim, a F1 tamb\u00e9m \u00e9 assim&#8221;, afirmou.<\/p>\n\n\n\n<p class=\"wp-block-paragraph\">&#8220;Meu plano A \u00e9 a Super F\u00f3rmula, mas nada est\u00e1 certo ainda. Estou em conversas com algumas equipes e com a Academia da Sauber para suporte financeiro&#8221;, afirmou.<\/p>\n\n\n\n<figure class=\"wp-block-image size-large\"><img decoding=\"async\" src=\"https:\/\/www.grandepremio.com\/br\/wp-content\/uploads\/2023\/10\/catar-2023-f1-corrida-sprint-alphatauri-liam-lawson-03-1024x682.jpg\" alt=\"\" class=\"wp-image-737935\"\/><figcaption class=\"wp-element-caption\">Liam Lawson impressionou tanto na F1 que fez Th\u00e9o Pourchaire querer guiar na Super F\u00f3rmula (Foto: Red Bull Content Pool)<\/figcaption><\/figure>\n\n\n\n<p class=\"wp-block-paragraph\">&#8220;Claro que estou decepcionado, porque meu sonho \u00e9 ser piloto da F1, mas n\u00e3o tinha espa\u00e7o para o ano que vem. Est\u00e1 tudo bem, tenho 20 anos de idade, sou muito jovem ainda. Vamos ver para 2024, sei que tem muita gente em fim de contrato, ent\u00e3o tenho apenas de me manter ocupado ano que vem e mostrar o m\u00e1ximo do que sei fazer. Sou campe\u00e3o da F2 agora, \u00e9 diferente. Antes, eu n\u00e3o tinha t\u00edtulo grande, mas as coisas mudaram&#8221;, opinou.<\/p>\n\n\n\n<p class=\"wp-block-paragraph\">O exemplo apontado para Lawson tamb\u00e9m mostra o tipo de abordagem que Pourchaire deseja tomar: diferente daquelas de <strong>Oscar Piastri<\/strong> e <strong>Felipe Drugovich<\/strong>, campe\u00f5es da F2 nos dois anos anteriores e que passaram as temporadas seguintes ao t\u00edtulo sem correr competitivamente.<\/p>\n\n\n\n<p class=\"wp-block-paragraph\">&#8220;\u00c9 muito importante que eu continue correndo at\u00e9 para me manter em boa forma f\u00edsica e mental, continuar envolvido e sob press\u00e3o. Se quero ir para a F1, creio que tenho de mostrar novamente que posso vencer corridas, dar boas voltas lan\u00e7adas, guiar na chuva e ultrapassar&#8221;, opinou.<\/p>\n\n\n\n<p class=\"wp-block-paragraph\">&#8220;[Ficar um ano fora] \u00e9 poss\u00edvel, mas dif\u00edcil. Oscar fez isso muito bem e est\u00e1 na F1. Espero poder andar junto dele no futuro&#8221;, finalizou.<\/p>\n\n\n\n<p class=\"wp-block-paragraph\">Rival de Pourchaire na F2 2023, <strong>Jack Doohan<\/strong> rejeitou a categoria para <strong><a href=\"https:\/\/www.grandepremio.com\/br\/f1\/noticias\/jack-doohan-rejeita-indy-wec-2024-justifica-crucial-focar-somente-formula-1\/\" class=\"ek-link\">ficar concentrado no trabalho como reserva<\/a><\/strong> na <strong>Alpine<\/strong>, mas <strong>Ayumu Iwasa<\/strong> <strong><a href=\"https:\/\/www.grandepremio.com\/br\/f1\/noticias\/alphatauri-anuncia-ayumu-iwasa-junto-daniel-ricciardo-yuki-tsunoda-teste-pos-abu-dhabi\/\" class=\"ek-link\">est\u00e1 confirmado na Super F\u00f3rmula 2024<\/a><\/strong>. Enquanto isso, o campe\u00e3o da SF de 2023, superando Lawson, <strong>Ritomo Miyata<\/strong>, far\u00e1 o caminho inverso rumo \u00e0 F2 2024.<\/p>\n\n\n\n<p class=\"wp-block-paragraph\"><strong>\u25b6\ufe0f\u00a0Inscreva-se nos dois canais do GRANDE PR\u00caMIO no YouTube:\u00a0<a href=\"https:\/\/www.youtube.com\/channel\/UC9OlHEgxoaY6QY6nWPoiqQg?sub_confirmation=1\" target=\"_blank\" rel=\"noreferrer noopener\">GP<\/a>\u00a0|\u00a0<a href=\"https:\/\/www.youtube.com\/channel\/UC9csiS6q_C3C0FYhyr1rnFA?sub_confirmation=1\" target=\"_blank\" rel=\"noreferrer noopener\">GP2<\/a><\/strong><br><strong>\u25b6\ufe0f\u00a0<a href=\"https:\/\/www.twitch.tv\/grandepremio\" target=\"_blank\" rel=\"noreferrer noopener\">Conhe\u00e7a o canal do GRANDE PR\u00caMIO na Twitch clicando aqui!<\/a><\/strong><\/p>\n\n\n\n<figure class=\"wp-block-embed is-type-video is-provider-youtube wp-block-embed-youtube wp-embed-aspect-16-9 wp-has-aspect-ratio\"><div class=\"wp-block-embed__wrapper\">\n<iframe loading=\"lazy\" title=\"GUERRA F1 x FIA \ud83d\udca3: TOTO WOLFF e SUSIE SE REVOLTAM! E JEAN TODT defende MASSA | PADDOCK SPRINT\" width=\"500\" height=\"281\" src=\"https:\/\/www.youtube.com\/embed\/rs827xUELGI?feature=oembed\" frameborder=\"0\" allow=\"accelerometer; autoplay; clipboard-write; encrypted-media; gyroscope; picture-in-picture; web-share\" referrerpolicy=\"strict-origin-when-cross-origin\" allowfullscreen><\/iframe>\n<\/div><figcaption class=\"wp-element-caption\">GUERRA F1 x FIA \ud83d\udca3: TOTO WOLFF e SUSIE SE REVOLTAM! E JEAN TODT defende MASSA | PADDOCK SPRINT<\/figcaption><\/figure>\n","protected":false},"excerpt":{"rendered":"<p>Th\u00e9o Pourchaire quer andar de Super F\u00f3rmula na temporada 2024, ap\u00f3s o t\u00edtulo da F2. E tudo isso porque gostou do que aconteceu com Liam Lawson<\/p>\n","protected":false},"author":0,"featured_media":1000689530,"comment_status":"closed","ping_status":"closed","sticky":false,"template":"","format":"standard","meta":{"42wp_featured_image_caption":"","42wp_featured_image_credits":"","42wp_featured_video":"","42wp_featured_image_hidden":false,"42wp_authors_list":[],"footnotes":""},"categories":[55],"tags":[1491,26123,28285,595,37394,25479,37042],"42wp_author":[47120],"class_list":["post-92813","post","type-post","status-publish","format-standard","has-post-thumbnail","hentry","category-super-formula","tag-grande-premio","tag-grande-premio-ao-vivo","tag-grandepremio","tag-liam-lawson","tag-live-tv","tag-theo-pourchaire","tag-transmissao-ao-vivo-f1","42wp_author-pedro-henrique-marum"],"_links":{"self":[{"href":"https:\/\/grandepremio.com\/br\/wp-json\/wp\/v2\/posts\/92813","targetHints":{"allow":["GET"]}}],"collection":[{"href":"https:\/\/grandepremio.com\/br\/wp-json\/wp\/v2\/posts"}],"about":[{"href":"https:\/\/grandepremio.com\/br\/wp-json\/wp\/v2\/types\/post"}],"replies":[{"embeddable":true,"href":"https:\/\/grandepremio.com\/br\/wp-json\/wp\/v2\/comments?post=92813"}],"version-history":[{"count":0,"href":"https:\/\/grandepremio.com\/br\/wp-json\/wp\/v2\/posts\/92813\/revisions"}],"wp:featuredmedia":[{"embeddable":true,"href":"https:\/\/grandepremio.com\/br\/wp-json\/wp\/v2\/media\/1000689530"}],"wp:attachment":[{"href":"https:\/\/grandepremio.com\/br\/wp-json\/wp\/v2\/media?parent=92813"}],"wp:term":[{"taxonomy":"category","embeddable":true,"href":"https:\/\/grandepremio.com\/br\/wp-json\/wp\/v2\/categories?post=92813"},{"taxonomy":"post_tag","embeddable":true,"href":"https:\/\/grandepremio.com\/br\/wp-json\/wp\/v2\/tags?post=92813"},{"taxonomy":"42wp_author","embeddable":true,"href":"https:\/\/grandepremio.com\/br\/wp-json\/wp\/v2\/42wp_author?post=92813"}],"curies":[{"name":"wp","href":"https:\/\/api.w.org\/{rel}","templated":true}]}}