{"id":92843,"date":"2023-12-06T07:55:25","date_gmt":"2023-12-06T10:55:25","guid":{"rendered":"https:\/\/grandepremio.com\/br\/noticias\/jorge-martin-usa-termo-homofobico-participacao-programa-tv-espanha\/"},"modified":"2023-12-06T07:57:04","modified_gmt":"2023-12-06T10:57:04","slug":"jorge-martin-usa-termo-homofobico-participacao-programa-tv-espanha","status":"publish","type":"post","link":"https:\/\/grandepremio.com\/br\/motogp\/jorge-martin-usa-termo-homofobico-participacao-programa-tv-espanha\/","title":{"rendered":"Mart\u00edn usa termo homof\u00f3bico em participa\u00e7\u00e3o em programa de TV na Espanha"},"content":{"rendered":"\n<figure class=\"wp-block-video\"><video class=\"video-js vjs-big-play-centered\" data-gp-vjs=\"1\" controls src=\"https:\/\/www.grandepremio.com\/br\/wp-content\/uploads\/2023\/12\/MotoGP-2023-El-Hormiguero-Jorge-Martin.mp4\"><\/video><figcaption class=\"wp-element-caption\">Jorge Mart\u00edn usou g\u00edria homof\u00f3bica em programa de TV na Espanha (V\u00eddeo: Reprodu\u00e7\u00e3o)<\/figcaption><\/figure>\n\n\n\n<p class=\"wp-block-paragraph\">Dias ap\u00f3s o fim da temporada 2023 da <strong>MotoGP<\/strong>, <strong>Jorge Mart\u00edn <\/strong>est\u00e1 de volta ao centro do notici\u00e1rio. Desta vez, por\u00e9m, a aten\u00e7\u00e3o n\u00e3o tem nada a ver com a performance esportiva. O espanhol de 25 anos tem sido alvo de cr\u00edticas por usar um termo homof\u00f3bico durante um programa de TV na <strong>Espanha<\/strong>.<\/p>\n\n\n\n<p class=\"wp-block-paragraph\">Na noite de segunda-feira (4), Mart\u00edn participou do talk show <strong>\u2018El Hormiguero\u2019<\/strong>, da emissora <strong>Antena 3<\/strong>, e usou o termo \u2018maricas\u2019 ao se referir ao \u00faltimo colocado nas corridas.<\/p>\n\n\n\n<p class=\"wp-block-paragraph\">Questionado se tem um bom relacionamento com os outros pilotos, Jorge respondeu: \u201cS\u00f3 me dou bem com um piloto, que \u00e9 <strong>Aleix Espargar\u00f3<\/strong>, mas, com os outros, n\u00e3o pretendo ter amizade\u201d.<\/p>\n\n\n\n<p class=\"wp-block-paragraph\">\u201cN\u00e3o pretendo ser amigo dos outros. Eles s\u00e3o meus rivais. N\u00e3o \u00e9 a mesma coisa ultrapassar Aleix ou ultrapassar os outros. Eu vou com tudo, voc\u00ea sai do caminho ou eu te tiro do caminho\u201d, falou. \u201cTemos muito respeito, estamos arriscando a vida e pode ser muito perigoso\u2026 mas aqui, aqui o \u00faltimo \u00e9 maricas\u201d, disparou, sendo aplaudido pela plateia na sequ\u00eancia e arrancando risos do apresentador <strong>Pablo Motos<\/strong>.<\/p>\n\n\n\n<figure class=\"wp-block-image size-large\"><img decoding=\"async\" src=\"https:\/\/www.grandepremio.com\/br\/wp-content\/uploads\/2023\/11\/000_344L69Q-1024x708.jpg\" alt=\"\" class=\"wp-image-757290\"\/><figcaption class=\"wp-element-caption\">Jorge Mart\u00edn usou termo homof\u00f3bico em programa de TV (Foto: AFP)<\/figcaption><\/figure>\n\n\n\n<p class=\"wp-block-paragraph\"><strong>\u25b6\ufe0f\u00a0Inscreva-se nos dois canais do GRANDE PR\u00caMIO no YouTube:\u00a0<a href=\"https:\/\/www.youtube.com\/channel\/UC9OlHEgxoaY6QY6nWPoiqQg?sub_confirmation=1\" target=\"_blank\" rel=\"noreferrer noopener\">GP<\/a>\u00a0|\u00a0<a href=\"https:\/\/www.youtube.com\/channel\/UC9csiS6q_C3C0FYhyr1rnFA?sub_confirmation=1\" target=\"_blank\" rel=\"noreferrer noopener\">GP2<\/a><\/strong><br><strong>\u25b6\ufe0f\u00a0<a href=\"https:\/\/www.twitch.tv\/grandepremio\" target=\"_blank\" rel=\"noreferrer noopener\">Conhe\u00e7a o canal do GRANDE PR\u00caMIO na Twitch clicando aqui!<\/a><\/strong><\/p>\n\n\n\n<p class=\"wp-block-paragraph\">A principal organiza\u00e7\u00e3o <strong>LGBT <\/strong>da Espanha, a <strong>FELGTBI+<\/strong> (Federa\u00e7\u00e3o Estatal de L\u00e9sbicas, Gays, Transexuais e bissexuais) repudiou as declara\u00e7\u00f5es de Mart\u00edn em um post no Twitter.<\/p>\n\n\n\n<p class=\"wp-block-paragraph\">\u201cDivertid\u00edssimas as piadas de \u2018maricas\u2019 em hor\u00e1rio nobre, n\u00e3o? O \u2018\u00faltimo \u00e9 maricas\u2019 de Jorge Mart\u00edn \u00e9 horr\u00edvel. A naturaliza\u00e7\u00e3o de Pablo Motos e o aplauso do p\u00fablico, tamb\u00e9m. Muitos menores ouvem isso todo dia no recreio, e \u2018El Hormiguero\u2019 legitima esse tipo de bullying\u201d, disse a FELTGBI+.<\/p>\n\n\n\n<p class=\"wp-block-paragraph\">O \u2018El Hormiguero\u2019 \u00e9 l\u00edder de audi\u00eancia no hor\u00e1rio, mas as pol\u00eamicas tamb\u00e9m t\u00eam sido frequentes. No \u00faltimo dia 22, o programa recebeu o pol\u00edtico <strong>Alfonso Guerra<\/strong>, que lamentou que os comediantes n\u00e3o possam mais fazer piadas preconceituosas.<\/p>\n\n\n\n<p class=\"wp-block-paragraph\">As redes sociais de Mart\u00edn foram tomadas por coment\u00e1rios se referindo ao epis\u00f3dio. Enquanto muitos apontavam a homofobia da declara\u00e7\u00e3o, outros tantos defendiam a liberdade de ele se expressar.<\/p>\n\n\n\n<p class=\"wp-block-paragraph\">At\u00e9 aqui, o piloto, que viajou de f\u00e9rias com a namorada, n\u00e3o se manifestou em rela\u00e7\u00e3o \u00e0s cr\u00edticas. A <strong>Pramac <\/strong>e a <strong>Ducati <\/strong>tampouco deram declara\u00e7\u00f5es p\u00fablicas.<\/p>\n\n\n\n<p class=\"wp-block-paragraph\">A&nbsp;<strong><a href=\"https:\/\/grandepremio.com\/motovelocidade\/\" target=\"_blank\" rel=\"noreferrer noopener\"><\/a><a href=\"https:\/\/grandepremio.com\/motovelocidade\/\" target=\"_blank\" rel=\"noreferrer noopener\">MotoGP<\/a>&nbsp;<\/strong>volta a acelerar entre 6 e 8 de fevereiro de 2024, com os testes de pr\u00e9-temporada na<strong>&nbsp;Mal\u00e1sia<\/strong>, no circuito de&nbsp;<strong><a href=\"https:\/\/www.grandepremio.com\/br\/circuito\/sepang\/\" target=\"_blank\" rel=\"noreferrer noopener\">Sepang<\/a><\/strong>. O&nbsp;<strong>GRANDE PR\u00caMIO&nbsp;<\/strong>faz a cobertura completa do evento, assim como das outras classes do&nbsp;<strong>Mundial de Motovelocidade<\/strong>&nbsp;durante todo o ano.<a href=\"https:\/\/cres.ws\/motogp\"><\/a><\/p>\n\n\n\n<figure class=\"wp-block-embed is-type-video is-provider-youtube wp-block-embed-youtube wp-embed-aspect-16-9 wp-has-aspect-ratio\"><div class=\"wp-block-embed__wrapper\">\n<iframe loading=\"lazy\" title=\"Marc M\u00e1rquez BEM ENCAIXADO na Ducati \u00e9 DOR DE CABE\u00c7A para todos os demais | GP \u00e0s 10\" width=\"500\" height=\"281\" src=\"https:\/\/www.youtube.com\/embed\/T-t0NcwSPnY?feature=oembed\" frameborder=\"0\" allow=\"accelerometer; autoplay; clipboard-write; encrypted-media; gyroscope; picture-in-picture; web-share\" referrerpolicy=\"strict-origin-when-cross-origin\" allowfullscreen><\/iframe>\n<\/div><figcaption class=\"wp-element-caption\">Marc M\u00e1rquez bem encaixado na Ducati \u00e9 dor de cabe\u00e7a para todos os demais<\/figcaption><\/figure>\n","protected":false},"excerpt":{"rendered":"<p>Em uma participa\u00e7\u00e3o no programa \u2018El Hormiguero\u2019, Jorge Mart\u00edn usou o termos \u2018maricas\u2019. Declara\u00e7\u00e3o do piloto da Pramac foi alvo de rep\u00fadio da principal organiza\u00e7\u00e3o LGBT da Espanha<\/p>\n","protected":false},"author":0,"featured_media":1000754132,"comment_status":"closed","ping_status":"closed","sticky":false,"template":"","format":"standard","meta":{"42wp_featured_image_caption":"","42wp_featured_image_credits":"","42wp_featured_video":"","42wp_featured_image_hidden":false,"42wp_authors_list":[],"footnotes":""},"categories":[8],"tags":[5214,2327,28285,3504,26078,24704,79,78,27538,33202,33200,33201,25819,29345,28766,33203,26690,172],"42wp_author":[47113],"class_list":["post-92843","post","type-post","status-publish","format-standard","has-post-thumbnail","hentry","category-motogp","tag-classificacao-motogp","tag-francesco-bagnaia","tag-grandepremio","tag-gresini","tag-homofobia","tag-jorge-martin","tag-moto-gp","tag-motogp","tag-motogp-2023","tag-motogp-2023-calendario","tag-motogp-calendario-2023","tag-motogp-classificacao-2023","tag-motogp-hoje","tag-motogp-horario","tag-motogp-standings","tag-onde-assistir-motogp-2023","tag-pilotos-motogp","tag-yamaha","42wp_author-juliana-tesser"],"_links":{"self":[{"href":"https:\/\/grandepremio.com\/br\/wp-json\/wp\/v2\/posts\/92843","targetHints":{"allow":["GET"]}}],"collection":[{"href":"https:\/\/grandepremio.com\/br\/wp-json\/wp\/v2\/posts"}],"about":[{"href":"https:\/\/grandepremio.com\/br\/wp-json\/wp\/v2\/types\/post"}],"replies":[{"embeddable":true,"href":"https:\/\/grandepremio.com\/br\/wp-json\/wp\/v2\/comments?post=92843"}],"version-history":[{"count":0,"href":"https:\/\/grandepremio.com\/br\/wp-json\/wp\/v2\/posts\/92843\/revisions"}],"wp:featuredmedia":[{"embeddable":true,"href":"https:\/\/grandepremio.com\/br\/wp-json\/wp\/v2\/media\/1000754132"}],"wp:attachment":[{"href":"https:\/\/grandepremio.com\/br\/wp-json\/wp\/v2\/media?parent=92843"}],"wp:term":[{"taxonomy":"category","embeddable":true,"href":"https:\/\/grandepremio.com\/br\/wp-json\/wp\/v2\/categories?post=92843"},{"taxonomy":"post_tag","embeddable":true,"href":"https:\/\/grandepremio.com\/br\/wp-json\/wp\/v2\/tags?post=92843"},{"taxonomy":"42wp_author","embeddable":true,"href":"https:\/\/grandepremio.com\/br\/wp-json\/wp\/v2\/42wp_author?post=92843"}],"curies":[{"name":"wp","href":"https:\/\/api.w.org\/{rel}","templated":true}]}}