{"id":92874,"date":"2023-12-05T14:38:10","date_gmt":"2023-12-05T17:38:10","guid":{"rendered":"https:\/\/grandepremio.com\/br\/noticias\/comissario-fia-admite-punicao-carlos-sainz-incidente-bueiro-foi-errada\/"},"modified":"2023-12-05T14:39:10","modified_gmt":"2023-12-05T17:39:10","slug":"comissario-fia-admite-punicao-carlos-sainz-incidente-bueiro-foi-errada","status":"publish","type":"post","link":"https:\/\/grandepremio.com\/br\/f1\/comissario-fia-admite-punicao-carlos-sainz-incidente-bueiro-foi-errada\/","title":{"rendered":"Comiss\u00e1rio da FIA admite que puni\u00e7\u00e3o a Sainz por incidente com bueiro &#8220;foi errada&#8221;"},"content":{"rendered":"\n<p class=\"wp-block-paragraph\">O pol\u00eamico incidente de <strong>Carlos Sainz<\/strong> <a href=\"https:\/\/www.grandepremio.com\/br\/f1\/noticias\/formula-1-faz-vergonha-cancela-tl1-gp-de-las-vegas-apos-carlos-sainz-trombar-bueiro\/\" class=\"ek-link\">logo no primeiro treino livre<\/a> do <strong>GP de Las Vegas<\/strong>, no m\u00eas passado, segue repercutindo mesmo ap\u00f3s o t\u00e9rmino da temporada 2023 da <strong>F\u00f3rmula 1<\/strong>. Agora, com a declara\u00e7\u00e3o do ex-piloto e comiss\u00e1rio <strong>Derek Warwick<\/strong>.<\/p>\n\n\n\n<p class=\"wp-block-paragraph\">Com menos de 10 minutos na primeira sess\u00e3o em Las Vegas , o piloto da Ferrari passou em cima de uma tampa de bueiro solta que acabou danificando a <strong>SF-23<\/strong>. Por conta disso, a escuderia trocou componentes no carro do espanhol, que acabou punido com a perda de 10 posi\u00e7\u00f5es no grid e caiu de 2\u00ba para 12\u00ba.<\/p>\n\n\n\n<p class=\"wp-block-paragraph\">Warwick, que correu na F1 entre 1981 e 1993, acredita que a puni\u00e7\u00e3o a Sainz foi errada, apesar de ter cumprido o regulamento da categoria.<\/p>\n\n\n\n<p class=\"wp-block-paragraph\">&#8220;\u00c9 um trabalho dif\u00edcil para os comiss\u00e1rios e precisamos ser imparciais, mas tamb\u00e9m precisamos ser duros e rigorosos, mesmo que isso nos machuque&#8221;, afirmou em entrevista para a ag\u00eancia Reuters.<\/p>\n\n\n\n<figure class=\"wp-block-image size-large\"><img decoding=\"async\" src=\"https:\/\/www.grandepremio.com\/br\/wp-content\/uploads\/2023\/11\/las-vegas-2023-f1-treino-livre-ferrari-carlos-sainz-afp-04-1024x675.jpg\" alt=\"\" class=\"wp-image-754252\"\/><figcaption class=\"wp-element-caption\">O carro de Sainz sendo levado de volta ao pit-lane ap\u00f3s o acidente com o bueiro (Foto: AFP)<\/figcaption><\/figure>\n\n\n\n<p class=\"wp-block-paragraph\">&#8220;A puni\u00e7\u00e3o que demos para o Sainz em Las Vegas pareceu errada. Foi errada, trabalhamos muito para n\u00e3o acontecer, mesmo que fosse a regra&#8221;, completou.<\/p>\n\n\n\n<p class=\"wp-block-paragraph\">Na ocasi\u00e3o, a Ferrari <a href=\"https:\/\/www.grandepremio.com\/br\/f1\/noticias\/fia-rejeita-pedido-ferrari-confirma-punicao-carlos-sainz-trocas-las-vegas\/\" class=\"ek-link\">pediu uma revis\u00e3o da puni\u00e7\u00e3o<\/a> e tentou alegar que n\u00e3o tinha culpa nas trocas feitas no carro de Sainz, mas n\u00e3o teve jeito, mas os comiss\u00e1rios da <strong>Federa\u00e7\u00e3o Internacional de Automobilismo<\/strong> (FIA) seguiram o regulamento \u00e0 risca e rejeitaram qualquer mudan\u00e7a.<\/p>\n\n\n\n<p class=\"wp-block-paragraph\">A decis\u00e3o da entidade gerou grande repercuss\u00e3o negativa e <a href=\"https:\/\/www.grandepremio.com\/br\/f1\/noticias\/carlos-sainz-detona-fia-incidente-punicao-las-vegas-minha-vez-pagar-preco\/\" class=\"ek-link\">diversas cr\u00edticas no paddock<\/a>. A Ferrari disse que <a href=\"https:\/\/www.grandepremio.com\/br\/f1\/noticias\/ferrari-garante-buscara-compensacao-danos-carlos-sainz-graves-consequencias\/\" class=\"ek-link\">cobrar\u00e1 compensa\u00e7\u00e3o financeira dos organizadores<\/a> do GP de Las Vegas \u2014 no caso, Liberty Media e F1 \u2014 por graves consequ\u00eancias no or\u00e7amento da equipe e no teto de gastos.<\/p>\n\n\n\n<p class=\"wp-block-paragraph\"><strong>\u25b6\ufe0f\u00a0Inscreva-se nos dois canais do GRANDE PR\u00caMIO no YouTube:\u00a0<a href=\"https:\/\/www.youtube.com\/channel\/UC9OlHEgxoaY6QY6nWPoiqQg?sub_confirmation=1\" target=\"_blank\" rel=\"noreferrer noopener\">GP<\/a>\u00a0|\u00a0<a href=\"https:\/\/www.youtube.com\/channel\/UC9csiS6q_C3C0FYhyr1rnFA?sub_confirmation=1\" target=\"_blank\" rel=\"noreferrer noopener\">GP2<\/a><\/strong><br><strong>\u25b6\ufe0f\u00a0<a href=\"https:\/\/www.twitch.tv\/grandepremio\" target=\"_blank\" rel=\"noreferrer noopener\">Conhe\u00e7a o canal do GRANDE PR\u00caMIO na Twitch clicando aqui!<\/a><\/strong><\/p>\n\n\n\n<figure class=\"wp-block-embed is-type-video is-provider-youtube wp-block-embed-youtube wp-embed-aspect-16-9 wp-has-aspect-ratio\"><div class=\"wp-block-embed__wrapper\">\n<iframe loading=\"lazy\" title=\"F1 2024 SEM DRUGOVICH no grid + MELHORES DO ANO 2023 | Paddock GP #358\" width=\"500\" height=\"281\" src=\"https:\/\/www.youtube.com\/embed\/Pf0lkedH844?feature=oembed\" frameborder=\"0\" allow=\"accelerometer; autoplay; clipboard-write; encrypted-media; gyroscope; picture-in-picture; web-share\" referrerpolicy=\"strict-origin-when-cross-origin\" allowfullscreen><\/iframe>\n<\/div><\/figure>\n","protected":false},"excerpt":{"rendered":"<p>A pol\u00eamica perda de 10 puni\u00e7\u00f5es de Carlos Sainz ap\u00f3s passar sobre um bueiro e danificar o carro segue repercutindo no mundo da F\u00f3rmula 1, agora ap\u00f3s declara\u00e7\u00f5es do comiss\u00e1rio e ex-piloto Derrek Warwick<\/p>\n","protected":false},"author":0,"featured_media":1000754271,"comment_status":"closed","ping_status":"closed","sticky":false,"template":"","format":"standard","meta":{"42wp_featured_image_caption":"","42wp_featured_image_credits":"","42wp_featured_video":"","42wp_featured_image_hidden":false,"42wp_authors_list":[],"footnotes":""},"categories":[2],"tags":[26271,546,5273,147,6533,180,30722,1491,28285,30840,2245,3595,35129,31447],"42wp_author":[47135],"class_list":["post-92874","post","type-post","status-publish","format-standard","has-post-thumbnail","hentry","category-f1","tag-calendario-f1","tag-carlos-sainz","tag-classificacao-f1","tag-f1","tag-f1-2023","tag-formula-1","tag-formula-1-2023","tag-grande-premio","tag-grandepremio","tag-horarios-f1","tag-incidente","tag-las-vegas","tag-onde-assistir-f1","tag-temporada-2023-f1","42wp_author-pedro-luis-cuenca"],"_links":{"self":[{"href":"https:\/\/grandepremio.com\/br\/wp-json\/wp\/v2\/posts\/92874","targetHints":{"allow":["GET"]}}],"collection":[{"href":"https:\/\/grandepremio.com\/br\/wp-json\/wp\/v2\/posts"}],"about":[{"href":"https:\/\/grandepremio.com\/br\/wp-json\/wp\/v2\/types\/post"}],"replies":[{"embeddable":true,"href":"https:\/\/grandepremio.com\/br\/wp-json\/wp\/v2\/comments?post=92874"}],"version-history":[{"count":0,"href":"https:\/\/grandepremio.com\/br\/wp-json\/wp\/v2\/posts\/92874\/revisions"}],"wp:featuredmedia":[{"embeddable":true,"href":"https:\/\/grandepremio.com\/br\/wp-json\/wp\/v2\/media\/1000754271"}],"wp:attachment":[{"href":"https:\/\/grandepremio.com\/br\/wp-json\/wp\/v2\/media?parent=92874"}],"wp:term":[{"taxonomy":"category","embeddable":true,"href":"https:\/\/grandepremio.com\/br\/wp-json\/wp\/v2\/categories?post=92874"},{"taxonomy":"post_tag","embeddable":true,"href":"https:\/\/grandepremio.com\/br\/wp-json\/wp\/v2\/tags?post=92874"},{"taxonomy":"42wp_author","embeddable":true,"href":"https:\/\/grandepremio.com\/br\/wp-json\/wp\/v2\/42wp_author?post=92874"}],"curies":[{"name":"wp","href":"https:\/\/api.w.org\/{rel}","templated":true}]}}