{"id":93261,"date":"2023-11-30T05:15:00","date_gmt":"2023-11-30T08:15:00","guid":{"rendered":"https:\/\/grandepremio.com\/br\/noticias\/gabriel-curty-brinca-da-nota-f1-2023-nao-vai-deixar-nenhuma-saudade\/"},"modified":"2023-11-30T09:43:08","modified_gmt":"2023-11-30T12:43:08","slug":"gabriel-curty-brinca-da-nota-f1-2023-nao-vai-deixar-nenhuma-saudade","status":"publish","type":"post","link":"https:\/\/grandepremio.com\/br\/f1\/gabriel-curty-brinca-da-nota-f1-2023-nao-vai-deixar-nenhuma-saudade\/","title":{"rendered":"Gabriel Curty brinca e d\u00e1 nota &#8216;d\u00f3&#8217; para F1 2023: &#8220;N\u00e3o vai deixar nenhuma saudade&#8221;"},"content":{"rendered":"\n<p class=\"wp-block-paragraph\">F\u00f3rmula 1 2023 deixar\u00e1 saudades? Para Gabriel Curty, nem um pouquinho!<\/p>\n\n\n\n<p class=\"wp-block-paragraph\">Confira:<\/p>\n\n\n\n<figure class=\"wp-block-embed is-type-rich is-provider-incorporar-manipulador wp-block-embed-incorporar-manipulador wp-embed-aspect-16-9 wp-has-aspect-ratio\"><div class=\"wp-block-embed__wrapper\">\nhttps:\/\/youtube.com\/watch?v=43b-1e6hs4k%3Fsi%3DBpX3KalSv7xWPG16%26start%3D6827\n<\/div><\/figure>\n","protected":false},"excerpt":{"rendered":"<p>Toda segunda-feira, Victor Martins, Gabriel Curty e Evelyn Guimar\u00e3es debatem tudo sobre F\u00f3rmula 1 no Paddock GP, programa do GRANDE PR\u00caMIO<\/p>\n","protected":false},"author":0,"featured_media":1000759484,"comment_status":"closed","ping_status":"closed","sticky":false,"template":"","format":"standard","meta":{"42wp_featured_image_caption":"","42wp_featured_image_credits":"","42wp_featured_video":"","42wp_featured_image_hidden":false,"42wp_authors_list":[],"footnotes":""},"categories":[2],"tags":[2154,147,6533,207,180,30722,1492,230,25424,1491,30103,28285,82,1537,27357,204,25978,486,1901],"42wp_author":[47139],"class_list":["post-93261","post","type-post","status-publish","format-standard","has-post-thumbnail","hentry","category-f1","tag-evelyn-guimaraes","tag-f1","tag-f1-2023","tag-ferrari","tag-formula-1","tag-formula-1-2023","tag-gabriel-carvalho","tag-gabriel-curty","tag-gp-de-abu-dhabi","tag-grande-premio","tag-grande-premio-f1","tag-grandepremio","tag-mercedes","tag-paddock-gp","tag-programas-grande-premio","tag-red-bull","tag-temporada-2023","tag-victor-martins","tag-yas-marina","42wp_author-ana-cerveira"],"_links":{"self":[{"href":"https:\/\/grandepremio.com\/br\/wp-json\/wp\/v2\/posts\/93261","targetHints":{"allow":["GET"]}}],"collection":[{"href":"https:\/\/grandepremio.com\/br\/wp-json\/wp\/v2\/posts"}],"about":[{"href":"https:\/\/grandepremio.com\/br\/wp-json\/wp\/v2\/types\/post"}],"replies":[{"embeddable":true,"href":"https:\/\/grandepremio.com\/br\/wp-json\/wp\/v2\/comments?post=93261"}],"version-history":[{"count":0,"href":"https:\/\/grandepremio.com\/br\/wp-json\/wp\/v2\/posts\/93261\/revisions"}],"wp:featuredmedia":[{"embeddable":true,"href":"https:\/\/grandepremio.com\/br\/wp-json\/wp\/v2\/media\/1000759484"}],"wp:attachment":[{"href":"https:\/\/grandepremio.com\/br\/wp-json\/wp\/v2\/media?parent=93261"}],"wp:term":[{"taxonomy":"category","embeddable":true,"href":"https:\/\/grandepremio.com\/br\/wp-json\/wp\/v2\/categories?post=93261"},{"taxonomy":"post_tag","embeddable":true,"href":"https:\/\/grandepremio.com\/br\/wp-json\/wp\/v2\/tags?post=93261"},{"taxonomy":"42wp_author","embeddable":true,"href":"https:\/\/grandepremio.com\/br\/wp-json\/wp\/v2\/42wp_author?post=93261"}],"curies":[{"name":"wp","href":"https:\/\/api.w.org\/{rel}","templated":true}]}}