{"id":93283,"date":"2023-11-29T19:00:00","date_gmt":"2023-11-29T22:00:00","guid":{"rendered":"https:\/\/grandepremio.com\/br\/noticias\/presidente-fia-abre-portas-retorno-michael-masi-f1-se-for-pessoa-certa-trarei\/"},"modified":"2023-11-29T19:00:14","modified_gmt":"2023-11-29T22:00:14","slug":"presidente-fia-abre-portas-retorno-michael-masi-f1-se-for-pessoa-certa-trarei","status":"publish","type":"post","link":"https:\/\/grandepremio.com\/br\/f1\/presidente-fia-abre-portas-retorno-michael-masi-f1-se-for-pessoa-certa-trarei\/","title":{"rendered":"Presidente da FIA abre portas para retorno de Masi na F1: \u201cSe for a pessoa certa, o trarei\u201d"},"content":{"rendered":"\n<p class=\"wp-block-paragraph\">Para <strong>Mohammed Ben Sulayem<\/strong>, presidente da <strong>Federa\u00e7\u00e3o Internacional de Automobilismo (FIA)<\/strong>, a pol\u00eamica decis\u00e3o da temporada 2021 da <strong>F\u00f3rmula 1<\/strong> ficou no passado e <strong>Michael Masi<\/strong> tem portas abertas para retomar o cargo de diretor de provas na categoria, caso seja necess\u00e1rio.<\/p>\n\n\n\n<p class=\"wp-block-paragraph\">Masi assumiu a fun\u00e7\u00e3o depois de <strong>Charlie Whiting<\/strong> falecer pouco antes do in\u00edcio da temporada de 2019. No entanto, a pr\u00f3pria entidade retirou o australiano do cargo no fim de 2021, depois de ele interferir no resultado da disputa entre <strong>Lewis Hamilton<\/strong> e <strong>Max Verstappen<\/strong>.<\/p>\n\n\n\n<p class=\"wp-block-paragraph\">Na ocasi\u00e3o, Masi n\u00e3o seguiu de forma adequada o procedimento do safety-car e retomou a prova faltando uma volta para o fim. Verstappen, ent\u00e3o de pneus mais novos que Hamilton, superou o heptacampe\u00e3o e conquistou o primeiro t\u00edtulo da carreira.<\/p>\n\n\n\n<p class=\"wp-block-paragraph\">A FIA investigou a situa\u00e7\u00e3o e depois de constatar um \u201cerro humano\u201d por parte da dire\u00e7\u00e3o de provas, Masi perdeu o cargo e, posteriormente, deixou o quadro da federa\u00e7\u00e3o para se tornar presidente da Comiss\u00e3o de Supercarros da Austr\u00e1lia. Sulayem, no entanto, acredita ser de bom tom recontratar o australiano, caso necess\u00e1rio.<\/p>\n\n\n\n<figure class=\"wp-block-image size-full\"><img decoding=\"async\" src=\"https:\/\/www.grandepremio.com\/br\/wp-content\/uploads\/2021\/12\/FHTlH50XEAAgZdn.jpg\" alt=\"MAX VERSTAPPEN; LEWIS HAMILTON; ABU DHABI;\" class=\"wp-image-534128\"\/><figcaption class=\"wp-element-caption\">Pol\u00eamico GP de Abu Dhabi motivou mudan\u00e7as na dire\u00e7\u00e3o de prova da F1 (Foto: AFP)<\/figcaption><\/figure>\n\n\n\n<p class=\"wp-block-paragraph\">\u201cPe\u00e7o sempre desculpa, mas n\u00e3o posso me desculpar por algo que foi feito antes do meu tempo. OK, vou pedir desculpas, mas vou trazer Michael Masi novamente. Voc\u00ea acha que isso est\u00e1 certo?\u201d, indagou Sulayem. O coitado \u00e9 uma pessoa que foi atacada e abusada. Michael Masi passou por um inferno. Inferno! E se eu perceber que h\u00e1 uma oportunidade que a FIA precisa e Michael Masi for a pessoa certa, eu o trarei\u201d, Afirmou Sulayem.<\/p>\n\n\n\n<p class=\"wp-block-paragraph\">\u201cTive at\u00e9 pessoas me amea\u00e7ando de morte porque eu tinha o poder de mudar [o resultado]. Mas eu disse a eles: &#8216;Desculpe, a Copa do Mundo de 1966, Inglaterra contra Alemanha, foi correto? Eles mudaram isso? N\u00e3o.&#8217; Eles deram para a Alemanha? N\u00e3o\u201d, concluiu.<\/p>\n\n\n\n<p class=\"wp-block-paragraph\">Com a temporada encerrada, a\u00a0<a href=\"https:\/\/www.grandepremio.com\/formula-1\/\" target=\"_blank\" rel=\"noreferrer noopener\">F\u00f3rmula 1<\/a>\u00a0retorna apenas no ano que vem, no dia\u00a0<strong>2 de mar\u00e7o<\/strong>, com a estreia do campeonato no\u00a0<strong>GP do Bahrein<\/strong>.<\/p>\n\n\n\n<p class=\"wp-block-paragraph\"><strong>\u25b6\ufe0f\u00a0Inscreva-se nos dois canais do GRANDE PR\u00caMIO no YouTube:\u00a0<a href=\"https:\/\/www.youtube.com\/channel\/UC9OlHEgxoaY6QY6nWPoiqQg?sub_confirmation=1\" target=\"_blank\" rel=\"noreferrer noopener\">GP<\/a>\u00a0|\u00a0<a href=\"https:\/\/www.youtube.com\/channel\/UC9csiS6q_C3C0FYhyr1rnFA?sub_confirmation=1\" target=\"_blank\" rel=\"noreferrer noopener\">GP2<\/a><\/strong><br><strong>\u25b6\ufe0f\u00a0<a href=\"https:\/\/www.twitch.tv\/grandepremio\" target=\"_blank\" rel=\"noreferrer noopener\">Conhe\u00e7a o canal do GRANDE PR\u00caMIO na Twitch clicando aqui!<\/a><\/strong><\/p>\n\n\n\n<figure class=\"wp-block-embed is-type-video is-provider-youtube wp-block-embed-youtube wp-embed-aspect-16-9 wp-has-aspect-ratio\"><div class=\"wp-block-embed__wrapper\">\n<iframe loading=\"lazy\" title=\"Dom\u00ednio EXTREMO da Red Bull x INEFICI\u00caNCIA das equipes: como F1 2023 vai ser lembrada? | GP \u00e0s 10\" width=\"500\" height=\"281\" src=\"https:\/\/www.youtube.com\/embed\/s5jNaPvpoqM?feature=oembed\" frameborder=\"0\" allow=\"accelerometer; autoplay; clipboard-write; encrypted-media; gyroscope; picture-in-picture; web-share\" referrerpolicy=\"strict-origin-when-cross-origin\" allowfullscreen><\/iframe>\n<\/div><\/figure>\n","protected":false},"excerpt":{"rendered":"<p>Mesmo depois de ter se envolvido em uma das maiores pol\u00eamicas da hist\u00f3ria da F\u00f3rmula 1, Federa\u00e7\u00e3o Internacional de Automobilismo deixou as portas abertas para o retorno de Michael Masi<\/p>\n","protected":false},"author":0,"featured_media":1000538274,"comment_status":"closed","ping_status":"closed","sticky":false,"template":"","format":"standard","meta":{"42wp_featured_image_caption":"","42wp_featured_image_credits":"","42wp_featured_video":"","42wp_featured_image_hidden":false,"42wp_authors_list":[],"footnotes":""},"categories":[2],"tags":[31137,147,156,25893,103,180,1491,28285,2810,29300,87,203,1385,30272,9685],"42wp_author":[47149],"class_list":["post-93283","post","type-post","status-publish","format-standard","has-post-thumbnail","hentry","category-f1","tag-abu-dhabi-2021","tag-f1","tag-f1-2021","tag-federacao-internacional-de-automobilismo","tag-fia","tag-formula-1","tag-grande-premio","tag-grandepremio","tag-hamilton","tag-hamilton-verstappen","tag-lewis-hamilton","tag-max-verstappen","tag-michael-masi","tag-presidente-fia","tag-verstappen","42wp_author-bernardo-castro"],"_links":{"self":[{"href":"https:\/\/grandepremio.com\/br\/wp-json\/wp\/v2\/posts\/93283","targetHints":{"allow":["GET"]}}],"collection":[{"href":"https:\/\/grandepremio.com\/br\/wp-json\/wp\/v2\/posts"}],"about":[{"href":"https:\/\/grandepremio.com\/br\/wp-json\/wp\/v2\/types\/post"}],"replies":[{"embeddable":true,"href":"https:\/\/grandepremio.com\/br\/wp-json\/wp\/v2\/comments?post=93283"}],"version-history":[{"count":0,"href":"https:\/\/grandepremio.com\/br\/wp-json\/wp\/v2\/posts\/93283\/revisions"}],"wp:featuredmedia":[{"embeddable":true,"href":"https:\/\/grandepremio.com\/br\/wp-json\/wp\/v2\/media\/1000538274"}],"wp:attachment":[{"href":"https:\/\/grandepremio.com\/br\/wp-json\/wp\/v2\/media?parent=93283"}],"wp:term":[{"taxonomy":"category","embeddable":true,"href":"https:\/\/grandepremio.com\/br\/wp-json\/wp\/v2\/categories?post=93283"},{"taxonomy":"post_tag","embeddable":true,"href":"https:\/\/grandepremio.com\/br\/wp-json\/wp\/v2\/tags?post=93283"},{"taxonomy":"42wp_author","embeddable":true,"href":"https:\/\/grandepremio.com\/br\/wp-json\/wp\/v2\/42wp_author?post=93283"}],"curies":[{"name":"wp","href":"https:\/\/api.w.org\/{rel}","templated":true}]}}