{"id":93348,"date":"2023-11-29T04:15:00","date_gmt":"2023-11-29T07:15:00","guid":{"rendered":"https:\/\/grandepremio.com\/br\/noticias\/nascar-analisa-realizacao-cup-series-brasil-cultura-forte\/"},"modified":"2023-11-28T19:07:37","modified_gmt":"2023-11-28T22:07:37","slug":"nascar-analisa-realizacao-cup-series-brasil-cultura-forte","status":"publish","type":"post","link":"https:\/\/grandepremio.com\/br\/nascar\/nascar-analisa-realizacao-cup-series-brasil-cultura-forte\/","title":{"rendered":"Nascar analisa realiza\u00e7\u00e3o de etapa da Cup Series no Brasil: &#8220;Cultura muito forte&#8221;"},"content":{"rendered":"\n<p class=\"wp-block-paragraph\">Depois de iniciar a disputa da primeira categoria de sua hist\u00f3ria no Brasil, em parceria com a GT Sprint Race, a <strong>Nascar <\/strong>aprovou o retorno do p\u00fablico e viu um bom crescimento da audi\u00eancia de seu principal produto, a <strong>Cup Series<\/strong>, entre f\u00e3s brasileiros. O aumento chamou a aten\u00e7\u00e3o da modalidade a tal ponto que uma prova no pa\u00eds passou a ser considerada pelos executivos para os pr\u00f3ximos anos.<\/p>\n\n\n\n<p class=\"wp-block-paragraph\">Diretor internacional da Nascar, <strong>Chad Seigler <\/strong>admitiu que a categoria tamb\u00e9m olha para outros locais buscando fortalecer sua veia mundial, mas destacou que a cultura brasileira no esporte a motor atrai a modalidade \u2014 o que pode facilitar a realiza\u00e7\u00e3o de uma etapa da Cup Series no Brasil em breve.<\/p>\n\n\n\n<p class=\"wp-block-paragraph\">&#8220;H\u00e1 muitos lugares, mas, quando voc\u00ea analisa lugares que possam receber Cup Series, Xfinity e Truck Series, o mais l\u00f3gico seria olhar para onde j\u00e1 temos presen\u00e7a&#8221;, admitiu Seigler. &#8220;Ent\u00e3o, o Brasil, que tem uma cultura muito forte, similar \u00e0 Europa e com uma forte paix\u00e3o pelo estilo americano de corrida, \u00e9 um mercado para o qual voc\u00ea olha de forma bem agressiva&#8221;, apontou.<\/p>\n\n\n\n<p class=\"wp-block-paragraph\">Al\u00e9m do Brasil, a Nascar tem presen\u00e7as em <strong>Canad\u00e1<\/strong>, <strong>M\u00e9xico<\/strong> e <strong>Europa<\/strong>. Na \u00faltima semana, inclusive, a categoria decidiu rebatizar a liga canadense para <strong>Nascar Canada Series<\/strong>, retirando o nome do principal patrocinador da nomenclatura original. A <strong>\u00cdndia<\/strong>, pa\u00eds mais populoso do mundo, tamb\u00e9m \u00e9 vista com bons olhos para uma corrida no futuro.<\/p>\n\n\n\n<figure class=\"wp-block-image size-large\"><img decoding=\"async\" src=\"https:\/\/www.grandepremio.com\/br\/wp-content\/uploads\/2023\/08\/063_1628333273-1024x683.jpg\" alt=\"\" class=\"wp-image-720090\"\/><figcaption class=\"wp-element-caption\">A Nascar viu a audi\u00eancia brasileira da Cup Series aumentar em 2023 (Foto: AFP)<\/figcaption><\/figure>\n\n\n\n<p class=\"wp-block-paragraph\">Negocia\u00e7\u00f5es chegaram a acontecer para a realiza\u00e7\u00e3o da segunda corrida da hist\u00f3ria da Nascar no Canad\u00e1, mas n\u00e3o foi poss\u00edvel chegar a um acordo, e a categoria passou a analisar suas possibilidades pensando na temporada de 2025.<\/p>\n\n\n\n<p class=\"wp-block-paragraph\">Segundo Seigler, n\u00e3o foi uma surpresa a audi\u00eancia brasileira da Nascar ter aumentado ap\u00f3s a chegada da modalidade ao Brasil. Restando apenas uma etapa para o fim, no dia 10 de dezembro, em Interlagos, a dupla formada por <strong>Julio Campos <\/strong>e <strong>L\u00e9o Torres <\/strong>lidera a competi\u00e7\u00e3o. <strong>Vitor Genz <\/strong>ocupa o segundo lugar, e <strong>Beto Monteiro\/Alex Seid <\/strong>fecha o grupo dos tr\u00eas primeiros.<\/p>\n\n\n\n<p class=\"wp-block-paragraph\">&#8220;Gosto de dizer \u00e0s pessoas que n\u00e3o foi uma coincid\u00eancia termos colocado uma categoria l\u00e1 [no Brasil] e isso ter chamado mais aten\u00e7\u00e3o do p\u00fablico&#8221;, completou.<\/p>\n\n\n\n<p class=\"wp-block-paragraph\">Com <strong>Ryan Blaney <\/strong>campe\u00e3o em 2023, a Nascar Cup Series retorna para a temporada de 2024 com a tradicional prova de <strong>500 Milhas de Daytona<\/strong>, no dia 18 de fevereiro. Antes disso, a categoria ainda realiza o <strong>Clash<\/strong>, no dia 4 do mesmo m\u00eas, em <strong>Los Angeles<\/strong>, e o <strong>Duel<\/strong>, tamb\u00e9m em Daytona, no dia 15.<\/p>\n\n\n\n<p class=\"wp-block-paragraph\"><strong>\u25b6\ufe0f\u00a0Inscreva-se nos dois canais do GRANDE PR\u00caMIO no YouTube:\u00a0<a href=\"https:\/\/www.youtube.com\/channel\/UC9OlHEgxoaY6QY6nWPoiqQg?sub_confirmation=1\" target=\"_blank\" rel=\"noreferrer noopener\">GP<\/a>\u00a0|\u00a0<a href=\"https:\/\/www.youtube.com\/channel\/UC9csiS6q_C3C0FYhyr1rnFA?sub_confirmation=1\" target=\"_blank\" rel=\"noreferrer noopener\">GP2<\/a><\/strong><br><strong>\u25b6\ufe0f\u00a0<a href=\"https:\/\/www.twitch.tv\/grandepremio\" target=\"_blank\" rel=\"noreferrer noopener\">Conhe\u00e7a o canal do GRANDE PR\u00caMIO na Twitch clicando aqui!<\/a><\/strong><\/p>\n\n\n\n<figure class=\"wp-block-embed is-type-video is-provider-youtube wp-block-embed-youtube wp-embed-aspect-16-9 wp-has-aspect-ratio\"><div class=\"wp-block-embed__wrapper\">\n<iframe loading=\"lazy\" title=\"F1 2023 faz MALDADE FINAL ao terminar sem ALONSO VICE-CAMPE\u00c3O | GP \u00e0s 10\" width=\"500\" height=\"281\" src=\"https:\/\/www.youtube.com\/embed\/hF6PFLiCAwY?feature=oembed\" frameborder=\"0\" allow=\"accelerometer; autoplay; clipboard-write; encrypted-media; gyroscope; picture-in-picture; web-share\" referrerpolicy=\"strict-origin-when-cross-origin\" allowfullscreen><\/iframe>\n<\/div><\/figure>\n","protected":false},"excerpt":{"rendered":"<p>Diretor internacional da Nascar, Chad Seigler ressaltou crescimento da audi\u00eancia da Cup Series entre f\u00e3s brasileiros ap\u00f3s a introdu\u00e7\u00e3o da categoria no pa\u00eds e admitiu que a modalidade analisa uma prova no local com bons olhos<\/p>\n","protected":false},"author":0,"featured_media":1000739218,"comment_status":"closed","ping_status":"closed","sticky":false,"template":"","format":"standard","meta":{"42wp_featured_image_caption":"","42wp_featured_image_credits":"","42wp_featured_video":"","42wp_featured_image_hidden":false,"42wp_authors_list":[],"footnotes":""},"categories":[14],"tags":[1491,30103,28285,411,36210,27712],"42wp_author":[47142],"class_list":["post-93348","post","type-post","status-publish","format-standard","has-post-thumbnail","hentry","category-nascar","tag-grande-premio","tag-grande-premio-f1","tag-grandepremio","tag-nascar","tag-nascar-brasil","tag-nascar-cup-series","42wp_author-jp-nascimento"],"_links":{"self":[{"href":"https:\/\/grandepremio.com\/br\/wp-json\/wp\/v2\/posts\/93348","targetHints":{"allow":["GET"]}}],"collection":[{"href":"https:\/\/grandepremio.com\/br\/wp-json\/wp\/v2\/posts"}],"about":[{"href":"https:\/\/grandepremio.com\/br\/wp-json\/wp\/v2\/types\/post"}],"replies":[{"embeddable":true,"href":"https:\/\/grandepremio.com\/br\/wp-json\/wp\/v2\/comments?post=93348"}],"version-history":[{"count":0,"href":"https:\/\/grandepremio.com\/br\/wp-json\/wp\/v2\/posts\/93348\/revisions"}],"wp:featuredmedia":[{"embeddable":true,"href":"https:\/\/grandepremio.com\/br\/wp-json\/wp\/v2\/media\/1000739218"}],"wp:attachment":[{"href":"https:\/\/grandepremio.com\/br\/wp-json\/wp\/v2\/media?parent=93348"}],"wp:term":[{"taxonomy":"category","embeddable":true,"href":"https:\/\/grandepremio.com\/br\/wp-json\/wp\/v2\/categories?post=93348"},{"taxonomy":"post_tag","embeddable":true,"href":"https:\/\/grandepremio.com\/br\/wp-json\/wp\/v2\/tags?post=93348"},{"taxonomy":"42wp_author","embeddable":true,"href":"https:\/\/grandepremio.com\/br\/wp-json\/wp\/v2\/42wp_author?post=93348"}],"curies":[{"name":"wp","href":"https:\/\/api.w.org\/{rel}","templated":true}]}}