{"id":93384,"date":"2023-11-28T14:05:43","date_gmt":"2023-11-28T17:05:43","guid":{"rendered":"https:\/\/grandepremio.com\/br\/noticias\/sergio-perez-exalta-teste-red-bull-abu-dhabi-otimo-para-terminar-ano-dominante\/"},"modified":"2023-11-29T15:33:17","modified_gmt":"2023-11-29T18:33:17","slug":"sergio-perez-exalta-teste-red-bull-abu-dhabi-otimo-para-terminar-ano-dominante","status":"publish","type":"post","link":"https:\/\/grandepremio.com\/br\/f1\/sergio-perez-exalta-teste-red-bull-abu-dhabi-otimo-para-terminar-ano-dominante\/","title":{"rendered":"P\u00e9rez exalta teste da Red Bull em Abu Dhabi: &#8220;\u00d3timo para terminar ano dominante&#8221;"},"content":{"rendered":"\n<p class=\"wp-block-paragraph\">Acabaram os trabalhos de pista da <a href=\"https:\/\/www.grandepremio.com\/br\/f1\/\" class=\"ek-link\"><strong>F\u00f3rmula 1<\/strong><\/a> na temporada 2023. Foi em <strong>Abu Dhabi<\/strong>, na Marina de Yas, com <strong><a href=\"https:\/\/www.grandepremio.com\/br\/f1\/noticias\/esteban-ocon-lidera-testes-coletivos-abu-dhabi-encerra-formula-1-2023-felipe-drugovich-12\/\" class=\"ek-link\">os testes coletivos desta ter\u00e7a-feira (28)<\/a><\/strong>. <strong>Esteban Ocon<\/strong> liderou com a <strong>Alpine<\/strong>, mas <strong>Sergio P\u00e9rez<\/strong> levou o carro dominante do ano ao quarto lugar. Para ele, boa maneira de aposentar o <strong>RB19<\/strong>.<\/p>\n\n\n\n<p class=\"wp-block-paragraph\">Al\u00e9m do quarto posto, P\u00e9rez deu 117 voltas e foi o segundo piloto titular que mais passou tempo na pista, atr\u00e1s somente de <strong>Oscar Piastri<\/strong>. O vice-campe\u00e3o gostou do que conseguiu amealhar de quilometragem e informa\u00e7\u00f5es.<\/p>\n\n\n\n<p class=\"wp-block-paragraph\">&#8220;Foi um dia muito positivo, com muita coisa para aprender. Era importante aplicar o tempo nisso, e guiei mais do que o dobro da dist\u00e2ncia da corrida hoje. Estou feliz com o trabalho que fizemos&#8221;, afirmou.<\/p>\n\n\n\n<p class=\"wp-block-paragraph\">&#8220;Especialmente por termos acabado de sair da corrida, com tudo ainda totalmente fresco e a pista muito representativa da realidade, sobretudo durante a tarde. Foi uma sess\u00e3o de testes bastante produtiva&#8221;, continuou.<\/p>\n\n\n\n<figure class=\"wp-block-image size-large\"><img decoding=\"async\" src=\"https:\/\/www.grandepremio.com\/br\/wp-content\/uploads\/2023\/11\/abu-dhabi-2023-f1-corrida-red-bull-sergio-perez-04-1024x683.jpg\" alt=\"\" class=\"wp-image-759484\"\/><figcaption class=\"wp-element-caption\">Sergio P\u00e9rez finalizou os trabalhos de 2023 na Red Bull (Foto: Red Bull Content Pool)<\/figcaption><\/figure>\n\n\n\n<p class=\"wp-block-paragraph\">&#8220;Juntamos boas informa\u00e7\u00f5es para a temporada que vem. \u00c9 uma \u00f3tima maneira de encerrar um ano t\u00e3o dominante&#8221;, finalizou.<\/p>\n\n\n\n<p class=\"wp-block-paragraph\">A\u00a0<strong><a href=\"https:\/\/www.grandepremio.com\/formula-1\/\" target=\"_blank\" rel=\"noreferrer noopener\">F\u00f3rmula 1<\/a><\/strong>\u00a0agora pensa na temporada 2024, marcada para come\u00e7ar no fim de semana de 2 de mar\u00e7o, com o GP do Bahrein.<\/p>\n\n\n\n<p class=\"wp-block-paragraph\"><strong>\u25b6\ufe0f\u00a0Inscreva-se nos dois canais do GRANDE PR\u00caMIO no YouTube:\u00a0<a href=\"https:\/\/www.youtube.com\/channel\/UC9OlHEgxoaY6QY6nWPoiqQg?sub_confirmation=1\" target=\"_blank\" rel=\"noreferrer noopener\">GP<\/a>\u00a0|\u00a0<a href=\"https:\/\/www.youtube.com\/channel\/UC9csiS6q_C3C0FYhyr1rnFA?sub_confirmation=1\" target=\"_blank\" rel=\"noreferrer noopener\">GP2<\/a><\/strong><br><strong>\u25b6\ufe0f\u00a0<a href=\"https:\/\/www.twitch.tv\/grandepremio\" target=\"_blank\" rel=\"noreferrer noopener\">Conhe\u00e7a o canal do GRANDE PR\u00caMIO na Twitch clicando aqui!<\/a><\/strong><\/p>\n\n\n\n<figure class=\"wp-block-embed is-type-video is-provider-youtube wp-block-embed-youtube wp-embed-aspect-16-9 wp-has-aspect-ratio\"><div class=\"wp-block-embed__wrapper\">\n<iframe loading=\"lazy\" title=\"EIS AS NOTAS\u2026 dos ASSINANTES! Como avaliar a F1 2023? | PADDOCK VIP #10\" width=\"500\" height=\"281\" src=\"https:\/\/www.youtube.com\/embed\/aNVz80FGTQo?feature=oembed\" frameborder=\"0\" allow=\"accelerometer; autoplay; clipboard-write; encrypted-media; gyroscope; picture-in-picture; web-share\" referrerpolicy=\"strict-origin-when-cross-origin\" allowfullscreen><\/iframe>\n<\/div><figcaption class=\"wp-element-caption\">EIS AS NOTAS\u2026 dos ASSINANTES! Como avaliar a F1 2023? | PADDOCK VIP #10<\/figcaption><\/figure>\n","protected":false},"excerpt":{"rendered":"<p>Sergio P\u00e9rez terminou o \u00faltimo dia de testes da F\u00f3rmula 1 2023, em Abu Dhabi, no quarto posto. E gostou do desfecho dos trabalhos do ano<\/p>\n","protected":false},"author":0,"featured_media":1000759448,"comment_status":"closed","ping_status":"closed","sticky":false,"template":"","format":"standard","meta":{"42wp_featured_image_caption":"","42wp_featured_image_credits":"","42wp_featured_video":"","42wp_featured_image_hidden":false,"42wp_authors_list":[],"footnotes":""},"categories":[2],"tags":[6533,642,30722,25424,37256,1491,26123,30103,28285,204,3132,37286],"42wp_author":[47120],"class_list":["post-93384","post","type-post","status-publish","format-standard","has-post-thumbnail","hentry","category-f1","tag-f1-2023","tag-f1-ao-vivo","tag-formula-1-2023","tag-gp-de-abu-dhabi","tag-gp-do-uae","tag-grande-premio","tag-grande-premio-ao-vivo","tag-grande-premio-f1","tag-grandepremio","tag-red-bull","tag-sergio-perez","tag-transmissao-ao-vivo","42wp_author-pedro-henrique-marum"],"_links":{"self":[{"href":"https:\/\/grandepremio.com\/br\/wp-json\/wp\/v2\/posts\/93384","targetHints":{"allow":["GET"]}}],"collection":[{"href":"https:\/\/grandepremio.com\/br\/wp-json\/wp\/v2\/posts"}],"about":[{"href":"https:\/\/grandepremio.com\/br\/wp-json\/wp\/v2\/types\/post"}],"replies":[{"embeddable":true,"href":"https:\/\/grandepremio.com\/br\/wp-json\/wp\/v2\/comments?post=93384"}],"version-history":[{"count":0,"href":"https:\/\/grandepremio.com\/br\/wp-json\/wp\/v2\/posts\/93384\/revisions"}],"wp:featuredmedia":[{"embeddable":true,"href":"https:\/\/grandepremio.com\/br\/wp-json\/wp\/v2\/media\/1000759448"}],"wp:attachment":[{"href":"https:\/\/grandepremio.com\/br\/wp-json\/wp\/v2\/media?parent=93384"}],"wp:term":[{"taxonomy":"category","embeddable":true,"href":"https:\/\/grandepremio.com\/br\/wp-json\/wp\/v2\/categories?post=93384"},{"taxonomy":"post_tag","embeddable":true,"href":"https:\/\/grandepremio.com\/br\/wp-json\/wp\/v2\/tags?post=93384"},{"taxonomy":"42wp_author","embeddable":true,"href":"https:\/\/grandepremio.com\/br\/wp-json\/wp\/v2\/42wp_author?post=93384"}],"curies":[{"name":"wp","href":"https:\/\/api.w.org\/{rel}","templated":true}]}}