{"id":93478,"date":"2023-11-27T13:37:13","date_gmt":"2023-11-27T16:37:13","guid":{"rendered":"https:\/\/grandepremio.com\/br\/noticias\/motogp-divulga-novo-modelo-concessoes-divide-montadoras-quatro-categorias\/"},"modified":"2023-11-27T13:54:50","modified_gmt":"2023-11-27T16:54:50","slug":"motogp-divulga-novo-modelo-concessoes-divide-montadoras-quatro-categorias","status":"publish","type":"post","link":"https:\/\/grandepremio.com\/br\/motogp\/motogp-divulga-novo-modelo-concessoes-divide-montadoras-quatro-categorias\/","title":{"rendered":"MotoGP divulga novo modelo de concess\u00f5es e divide montadoras em quatro categorias"},"content":{"rendered":"\n<p class=\"wp-block-paragraph\">A <strong>MotoGP <\/strong>anunciou nesta segunda-feira (27) uma grande mudan\u00e7a no formato de concess\u00f5es dadas \u00e0s cinco montadoras que atualmente fazem parte do grid da classe rainha do Mundial. Ap\u00f3s reuni\u00f5es que envolveram <strong>Dorna<\/strong>, <strong>Federa\u00e7\u00e3o Internacional de Motociclismo<\/strong> (FIM), <strong>Associa\u00e7\u00e3o de Montadoras de Motocicletas<\/strong> (MSMA), <strong>Associa\u00e7\u00e3o Internacional das Equipes de Corrida<\/strong> (IRTA) e dirigentes das marcas que correm no campeonato.<\/p>\n\n\n\n<p class=\"wp-block-paragraph\">A partir de 2024, a MotoGP vai contar com um ranking que divide as f\u00e1bricas em quatro categorias (A, B, C e D), dependendo da porcentagem de pontos que obtiveram no campeonato anterior. Com isso, vai distribuir de acordo o n\u00famero de testes, pilotos para testes, apari\u00e7\u00f5es de wildcard, n\u00famero de motores, congelamento ou n\u00e3o de pe\u00e7as e at\u00e9 mesmo o n\u00famero de pneus para uso.<\/p>\n\n\n\n<p class=\"wp-block-paragraph\">&#8220;A MotoGP atualizou o sistema de concess\u00f5es na classe. A proposta foi revisada e aprovada unanimamente com a MSMA. Todas as f\u00e1bricas deram seu apoio \u00e0 proposta para o bem do campeonato&#8221;, disse o comunicado.<\/p>\n\n\n\n<p class=\"wp-block-paragraph\">&#8220;As concess\u00f5es ser\u00e3o calculadas em duas janelas. Uma vai do primeiro ao \u00faltimo evento da temporada. A outra ser\u00e1 do primeiro evento depois do teste de ver\u00e3o at\u00e9 o teste de ver\u00e3o da temporada seguinte&#8221;, completou a nota.<\/p>\n\n\n\n<figure class=\"wp-block-image size-large\"><img decoding=\"async\" src=\"https:\/\/www.grandepremio.com\/br\/wp-content\/uploads\/2023\/11\/SI202311250477_hires_jpeg_24bit_rgb-1024x683.jpg\" alt=\"\" class=\"wp-image-760238\"\/><figcaption class=\"wp-element-caption\">MotoGP busca equilibrar montadoras com nova regra (Foto: Red Bull Content Pool)<\/figcaption><\/figure>\n\n\n\n<p class=\"wp-block-paragraph\"><strong>LEIA MAIS<\/strong><br>\ud83d\udccc&nbsp;<strong><a href=\"https:\/\/www.grandepremio.com\/br\/motogp\/noticias\/francesco-bagnaia-quebra-maldicao-renova-titulo-estampando-1-primeira-vez-25-anos\/\">Bagnaia quebra \u2018maldi\u00e7\u00e3o\u2019 e renova t\u00edtulo estampando #1 pela primeira vez em 25 anos<\/a><\/strong><br>\ud83d\udccc&nbsp;<strong><a href=\"https:\/\/www.grandepremio.com\/br\/motogp\/noticias\/francesco-bagnaia-mostra-poder-reacao-para-fugir-inferno-garantir-bicampeonato-motogp\/\">Bagnaia mostra poder de rea\u00e7\u00e3o para fugir do inferno e garantir bicampeonato da MotoGP<\/a><\/strong><br>\ud83d\udccc&nbsp;<strong><a href=\"https:\/\/www.grandepremio.com\/br\/motogp\/noticias\/ducati-ratifica-fase-brilhante-faz-francesco-bagnaia-faltou-casey-stoner-bi-motogp\/\">Ducati ratifica fase brilhante e faz com Bagnaia o que faltou com Stoner: bi da MotoGP<\/a><\/strong><\/p>\n\n\n\n<p class=\"wp-block-paragraph\">Neste per\u00edodo estimado, se a montadora obtiver 85% ou mais pontos poss\u00edveis, vai ganhar menos pneus e ter\u00e1 apenas testes sem pilotos titulares, sem direito a convidados nas provas e uma \u00fanica atualiza\u00e7\u00e3o aerodin\u00e2mica permitida.<\/p>\n\n\n\n<p class=\"wp-block-paragraph\">Se ganhar menos de 35% pontos no per\u00edodo, vai ganahr mais pneus, motores e at\u00e9 mesmo atualiza\u00e7\u00f5es na pe\u00e7a, al\u00e9m de direito de testar em mais locais, com mais pilotos.<\/p>\n\n\n\n<p class=\"wp-block-paragraph\"><strong>Confira os detalhes na tabela abaixo:<\/strong><\/p>\n\n\n\n<figure class=\"wp-block-table\"><table><tbody><tr><td><strong>RANKING<\/strong><\/td><td><strong>A<\/strong><\/td><td><strong>B<\/strong><\/td><td><strong>C<\/strong><\/td><td><strong>D<\/strong><\/td><\/tr><tr><td><strong>PORCENTAGEM DE PONTOS<\/strong><\/td><td>Acima ou igual a 85%<\/td><td>entre 60 e 84%<\/td><td>entre 35 e 59%<\/td><td>menos que 34%<\/td><\/tr><tr><td><strong>PNEUS DE TESTE<\/strong><\/td><td>170<\/td><td>190<\/td><td>220<\/td><td>260<\/td><\/tr><tr><td><strong>TESTES PRIVADOS<\/strong><\/td><td>S\u00f3 com piloto de teste<\/td><td>S\u00f3 com piloto de teste<\/td><td>S\u00f3 com piloto de teste<\/td><td>Com qualquer piloto<\/td><\/tr><tr><td><strong>TESTE EM CIRCUITOS DE GP<\/strong><\/td><td>3 circuitos<\/td><td>3 circuitos<\/td><td>3 circuitos<\/td><td>Qualquer circuito<\/td><\/tr><tr><td><strong>WILD CARD<\/strong><\/td><td>0<\/td><td>3<\/td><td>6\u00b9<\/td><td>6\u00b9<\/td><\/tr><tr><td><strong>MOTORES POR TEMPORADA<\/strong><\/td><td>7 ou 8<\/td><td>7 ou 8<\/td><td>7 ou 8<\/td><td>9 ou 10<\/td><\/tr><tr><td><strong>ESPECIFICA\u00c7\u00c3O DE MOTOR<\/strong><\/td><td>Congelado<\/td><td>Congelado<\/td><td>Congelado<\/td><td>Descongelado<\/td><\/tr><tr><td><strong>ATUALIZA\u00c7\u00d5ES AERODIN\u00c2MICAS<\/strong><\/td><td>1<\/td><td>1<\/td><td>1<\/td><td>2\u00b2<\/td><\/tr><\/tbody><\/table><figcaption class=\"wp-element-caption\">\u00b9Wild-cards n\u00e3o est\u00e3o sujeitos ao congelamento de motor. Um m\u00e1ximo de 3 wild-cards antes da pausa de ver\u00e3o e um m\u00e1ximo de 3 wild-cards depois do ver\u00e3o<br>\u00b2Deve descartar o pacote aerodin\u00e2mico usado anteriormente<\/figcaption><\/figure>\n\n\n\n<p class=\"wp-block-paragraph\"><strong>\u25b6\ufe0f&nbsp;Inscreva-se nos dois canais do GRANDE PR\u00caMIO no YouTube:&nbsp;<a href=\"https:\/\/www.youtube.com\/channel\/UC9OlHEgxoaY6QY6nWPoiqQg?sub_confirmation=1\" target=\"_blank\" rel=\"noreferrer noopener\">GP<\/a>&nbsp;|&nbsp;<a href=\"https:\/\/www.youtube.com\/channel\/UC9csiS6q_C3C0FYhyr1rnFA?sub_confirmation=1\" target=\"_blank\" rel=\"noreferrer noopener\">GP2<\/a><\/strong><br><strong>\u25b6\ufe0f&nbsp;<a href=\"https:\/\/www.twitch.tv\/grandepremio\" target=\"_blank\" rel=\"noreferrer noopener\">Conhe\u00e7a o canal do GRANDE PR\u00caMIO na Twitch clicando aqui!<\/a><\/strong><\/p>\n\n\n\n<figure class=\"wp-block-embed is-type-rich is-provider-spotify wp-block-embed-spotify wp-embed-aspect-21-9 wp-has-aspect-ratio\"><div class=\"wp-block-embed__wrapper\">\n<iframe title=\"Spotify Embed: Bagnaia X Mart\u00edn: MotoGP define campe\u00e3o na \u00faltima corrida de 2023 | Paddockast #181\" style=\"border-radius: 12px\" width=\"100%\" height=\"152\" frameborder=\"0\" allowfullscreen allow=\"autoplay; clipboard-write; encrypted-media; fullscreen; picture-in-picture\" loading=\"lazy\" src=\"https:\/\/open.spotify.com\/embed\/episode\/4gK84gnrQRWBrep3Gjq4Za?utm_source=oembed\"><\/iframe>\n<\/div><\/figure>\n","protected":false},"excerpt":{"rendered":"<p>Na busca de equilibrar ainda mais o grid nos pr\u00f3ximos anos, a MotoGP divulgou o novo padr\u00e3o de concess\u00f5es para as montadoras, impactando inclusive o uso de pneus e motores ao longo da temporada<\/p>\n","protected":false},"author":0,"featured_media":1000760237,"comment_status":"closed","ping_status":"closed","sticky":false,"template":"","format":"standard","meta":{"42wp_featured_image_caption":"","42wp_featured_image_credits":"","42wp_featured_video":"","42wp_featured_image_hidden":false,"42wp_authors_list":[],"footnotes":""},"categories":[8],"tags":[22280,5214,37237,28285,79,78,27538,33202,33200,33201,25819,29345,28766,33203,26690,2716],"42wp_author":[47113,47135],"class_list":["post-93478","post","type-post","status-publish","format-standard","has-post-thumbnail","hentry","category-motogp","tag-circuito-ricardo-tormo","tag-classificacao-motogp","tag-gp-da-comunidade-valencia","tag-grandepremio","tag-moto-gp","tag-motogp","tag-motogp-2023","tag-motogp-2023-calendario","tag-motogp-calendario-2023","tag-motogp-classificacao-2023","tag-motogp-hoje","tag-motogp-horario","tag-motogp-standings","tag-onde-assistir-motogp-2023","tag-pilotos-motogp","tag-valencia","42wp_author-juliana-tesser","42wp_author-pedro-luis-cuenca"],"_links":{"self":[{"href":"https:\/\/grandepremio.com\/br\/wp-json\/wp\/v2\/posts\/93478","targetHints":{"allow":["GET"]}}],"collection":[{"href":"https:\/\/grandepremio.com\/br\/wp-json\/wp\/v2\/posts"}],"about":[{"href":"https:\/\/grandepremio.com\/br\/wp-json\/wp\/v2\/types\/post"}],"replies":[{"embeddable":true,"href":"https:\/\/grandepremio.com\/br\/wp-json\/wp\/v2\/comments?post=93478"}],"version-history":[{"count":0,"href":"https:\/\/grandepremio.com\/br\/wp-json\/wp\/v2\/posts\/93478\/revisions"}],"wp:featuredmedia":[{"embeddable":true,"href":"https:\/\/grandepremio.com\/br\/wp-json\/wp\/v2\/media\/1000760237"}],"wp:attachment":[{"href":"https:\/\/grandepremio.com\/br\/wp-json\/wp\/v2\/media?parent=93478"}],"wp:term":[{"taxonomy":"category","embeddable":true,"href":"https:\/\/grandepremio.com\/br\/wp-json\/wp\/v2\/categories?post=93478"},{"taxonomy":"post_tag","embeddable":true,"href":"https:\/\/grandepremio.com\/br\/wp-json\/wp\/v2\/tags?post=93478"},{"taxonomy":"42wp_author","embeddable":true,"href":"https:\/\/grandepremio.com\/br\/wp-json\/wp\/v2\/42wp_author?post=93478"}],"curies":[{"name":"wp","href":"https:\/\/api.w.org\/{rel}","templated":true}]}}