{"id":93481,"date":"2023-11-27T12:40:21","date_gmt":"2023-11-27T15:40:21","guid":{"rendered":"https:\/\/grandepremio.com\/br\/noticias\/ex-chefe-rnf-critica-socios-comenta-punicao-motogp-temos-um-problema\/"},"modified":"2023-11-27T12:43:22","modified_gmt":"2023-11-27T15:43:22","slug":"ex-chefe-rnf-critica-socios-comenta-punicao-motogp-temos-um-problema","status":"publish","type":"post","link":"https:\/\/grandepremio.com\/br\/motogp\/ex-chefe-rnf-critica-socios-comenta-punicao-motogp-temos-um-problema\/","title":{"rendered":"Ex-chefe da RNF critica s\u00f3cios e comenta puni\u00e7\u00e3o na MotoGP: &#8220;Temos um problema&#8221;"},"content":{"rendered":"\n<p class=\"wp-block-paragraph\">Durante o fim de semana do <strong>GP da Comunidade Valenciana<\/strong>, os boatos sobre a situa\u00e7\u00e3o da <strong>RNF <\/strong>come\u00e7aram a pintar no paddock do Circuito Ricardo Tormo e n\u00e3o eram nada animadores, especialmente envolvendo a parte financeira e <a href=\"https:\/\/www.grandepremio.com\/br\/motogp\/noticias\/razlan-razali-anuncia-saida-comando-rnf-agradece-incrivel-jornada-motogp\/\" class=\"ek-link\">uma poss\u00edvel sa\u00edda do fundador<\/a> <strong>Razlan Razali<\/strong>. A bomba, por\u00e9m, caiu nesta segunda-feira (27), com a decis\u00e3o da <strong>Dorna <\/strong>\u2014 organizadora do campeonato \u2014 <a href=\"https:\/\/www.grandepremio.com\/br\/motogp\/noticias\/motogp-repetidas-infracoes-barra-participacao-rnf-temporada-2024\/\" class=\"ek-link\">barrar a presen\u00e7a da equipe na temporada 2024<\/a>.<\/p>\n\n\n\n<p class=\"wp-block-paragraph\">De acordo com o comunicado, o Comit\u00ea de Sele\u00e7\u00e3o barrou a RNF por causa de \u201crepetidas infra\u00e7\u00f5es e viola\u00e7\u00f5es do Acordo de Participa\u00e7\u00e3o\u201d. O pr\u00f3ximo passo \u00e9 buscar um candidato para assumir a posi\u00e7\u00e3o da equipe j\u00e1 no pr\u00f3ximo ano.<\/p>\n\n\n\n<p class=\"wp-block-paragraph\">\u201cO Comit\u00ea de Sele\u00e7\u00e3o da MotoGP, composto por membros da FIM (Federa\u00e7\u00e3o Internacional de Motociclismo), da IRTA (Associa\u00e7\u00e3o Internacional das Equipes de Corrida) e da Dorna Sports, decidiram n\u00e3o selecionar a equipe RNF para a temporada 2024 da MotoGP\u201d, anunciou. \u201cRepetidas infra\u00e7\u00f5es e viola\u00e7\u00f5es do Acordo de Participa\u00e7\u00e3o, afetando a imagem publica da MotoGP, obrigaram essa decis\u00e3o\u201d, justificou.<\/p>\n\n\n\n<p class=\"wp-block-paragraph\">\u201cO Comit\u00ea de Sele\u00e7\u00e3o vai revisar inscri\u00e7\u00f5es de novas equipes independentes, usando equipamento Aprilia, para se juntar ao grid em 2024\u201d, indicou. \u201cMais informa\u00e7\u00f5es sobre esse assunto ser\u00e3o divulgadas em momento oportuno\u201d, encerrou.<\/p>\n\n\n\n<figure class=\"wp-block-image size-large\"><img decoding=\"async\" src=\"https:\/\/www.grandepremio.com\/br\/wp-content\/uploads\/2023\/10\/53287907777_75ac9de220_k-1024x683.jpg\" alt=\"\" class=\"wp-image-745856\"\/><figcaption class=\"wp-element-caption\">Ra\u00fal Fern\u00e1ndez \u00e9 um dos pilotos sob contrato com a equipe (Foto: RNF)<\/figcaption><\/figure>\n\n\n\n<p class=\"wp-block-paragraph\"><strong>\u25b6\ufe0f\u00a0Inscreva-se nos dois canais do GRANDE PR\u00caMIO no YouTube:\u00a0<a href=\"https:\/\/www.youtube.com\/channel\/UC9OlHEgxoaY6QY6nWPoiqQg?sub_confirmation=1\" target=\"_blank\" rel=\"noreferrer noopener\">GP<\/a>\u00a0|\u00a0<a href=\"https:\/\/www.youtube.com\/channel\/UC9csiS6q_C3C0FYhyr1rnFA?sub_confirmation=1\" target=\"_blank\" rel=\"noreferrer noopener\">GP2<\/a><\/strong><br><strong>\u25b6\ufe0f\u00a0<a href=\"https:\/\/www.twitch.tv\/grandepremio\" target=\"_blank\" rel=\"noreferrer noopener\">Conhe\u00e7a o canal do GRANDE PR\u00caMIO na Twitch clicando aqui!<\/a><\/strong><\/p>\n\n\n\n<p class=\"wp-block-paragraph\">Razali, por\u00e9m, reuniu jornalistas presentes em Val\u00eancia para os testes de p\u00f3s-temporada e comentou sobre a pol\u00eamica e o futuro nebuloso da RNF na categoria.<\/p>\n\n\n\n<p class=\"wp-block-paragraph\">&#8220;Acho que a avalia\u00e7\u00e3o geral do que vou dizer \u00e9 de que uma equipe estar onde chegou hoje, e para a Dorna dizer essas coisas, \u00e9 porque definitivamente tem um problema. E s\u00f3 a Dorna pode fazer isso que est\u00e1 fazendo para garantir a credibilidade do esporte, para n\u00e3o ser corrompido de maneira alguma. Logo, h\u00e1 um problema. Dito isso, realmente tenho um problema com a <strong>CryptoDATA <\/strong>[patrocinadora e acionista do time], acho que ao longo dos anos nossa vis\u00e3o se distanciou&#8221;, disse Razali.<\/p>\n\n\n\n<p class=\"wp-block-paragraph\">&#8220;Como algu\u00e9m apaixonado por esse esporte, eu acredito na esportividade primeiro e somos um time. Viajamos por todo o mundo, fazemos o melhor para nossos pilotos serem competitivos e tentarem vencer. Sim, os neg\u00f3cios fazem parte disso, contas precisam ser pagas, precisamos de parceiros e patroc\u00ednios. Mas isso \u00e9 secund\u00e1rio para n\u00f3s, enquanto o pessoal da CryptoDATA \u00e9 s\u00f3 focado nos neg\u00f3cios, a\u00ed \u00e9 que o alinhamento se perdeu e chegamos nessa situa\u00e7\u00e3o&#8221;, seguiu.<\/p>\n\n\n\n<p class=\"wp-block-paragraph\">&#8220;Ontem, eu deixei o comando da equipe, n\u00e3o vou entrar em detalhes do que aconteceu, mas este \u00e9 o mundo em que vivemos e queremos fazer o certo. Sim, eles est\u00e3o aqui para mudar as coisas, respeito isso e estou aberto, mas existem certos pontos cruciais que precisam aderir para negociar&#8221;, finalizou o ex-dirigente.<\/p>\n\n\n\n<p class=\"wp-block-paragraph\">Razali integrou a\u00a0<strong>SRT<\/strong>, equipe origin\u00e1ria da RNF, por cerca de dez anos, inicialmente se dividindo entre o comando da estrutura e o posto de diretor-executivo do circuito de\u00a0<strong><a href=\"https:\/\/www.grandepremio.com\/br\/circuito\/sepang\/\" target=\"_blank\" rel=\"noreferrer noopener\">Sepang<\/a><\/strong>, na\u00a0<strong>Mal\u00e1sia<\/strong>. Foi sob o comando dele que, como sat\u00e9lite da\u00a0<strong>Yamaha<\/strong>, que a equipe viveu o melhor momento, com atua\u00e7\u00f5es de destaque de\u00a0<strong><a href=\"https:\/\/www.grandepremio.com\/br\/piloto\/fabio-quartararo\/\" target=\"_blank\" rel=\"noreferrer noopener\">Fabio Quartararo<\/a>\u00a0<\/strong>e, depois, o vice-campeonato de\u00a0<strong><a href=\"https:\/\/www.grandepremio.com\/br\/piloto\/franco-morbidelli\/\" target=\"_blank\" rel=\"noreferrer noopener\">Franco Morbidelli<\/a><\/strong>.<\/p>\n\n\n\n<p class=\"wp-block-paragraph\">Em&nbsp;<strong>2022<\/strong>, com a sa\u00edda repentina do financiamento da&nbsp;<strong>Petronas<\/strong>, Razali assumiu sozinho o comando da equipe, rebatizada de RNF. No ano passado, a CryptoData comprou 60% da equipe, que se aliou \u00e0 Aprilia.<\/p>\n\n\n\n<p class=\"wp-block-paragraph\">Mesmo contando com\u00a0<strong><a href=\"https:\/\/www.grandepremio.com\/br\/piloto\/miguel-oliveira\/\" target=\"_blank\" rel=\"noreferrer noopener\">Miguel Oliveira<\/a>\u00a0<\/strong>e\u00a0<strong><a href=\"https:\/\/www.grandepremio.com\/br\/piloto\/raul-fernandez\/\" target=\"_blank\" rel=\"noreferrer noopener\">Ra\u00fal Fern\u00e1ndez<\/a><\/strong>, contratados diretamente pela casa de\u00a0<strong>Noale<\/strong>, a RNF teve uma temporada bastante ruim e encerrou 2023 na oitava coloca\u00e7\u00e3o o\u00a0<strong>Mundial de Equipes<\/strong>, com 134 pontos, 519 a menos que a campe\u00e3\u00a0<strong>Pramac<\/strong>. Ambos t\u00eam contratos direto com a Aprilia, assinados inclusive para 2024, mas agora dependem dessa busca da Dorna por um substituto para terem onde correr no pr\u00f3ximo ano.<\/p>\n\n\n\n<p class=\"wp-block-paragraph\"><strong>LEIA MAIS<\/strong><br>\ud83d\udccc\u00a0<strong><a href=\"https:\/\/www.grandepremio.com\/br\/motogp\/noticias\/francesco-bagnaia-quebra-maldicao-renova-titulo-estampando-1-primeira-vez-25-anos\/\">Bagnaia quebra \u2018maldi\u00e7\u00e3o\u2019 e renova t\u00edtulo estampando #1 pela primeira vez em 25 anos<\/a><\/strong><br>\ud83d\udccc\u00a0<strong><a href=\"https:\/\/www.grandepremio.com\/br\/motogp\/noticias\/francesco-bagnaia-mostra-poder-reacao-para-fugir-inferno-garantir-bicampeonato-motogp\/\">Bagnaia mostra poder de rea\u00e7\u00e3o para fugir do inferno e garantir bicampeonato da MotoGP<\/a><\/strong><br>\ud83d\udccc\u00a0<strong><a href=\"https:\/\/www.grandepremio.com\/br\/motogp\/noticias\/ducati-ratifica-fase-brilhante-faz-francesco-bagnaia-faltou-casey-stoner-bi-motogp\/\">Ducati ratifica fase brilhante e faz com Bagnaia o que faltou com Stoner: bi da MotoGP<\/a><\/strong><\/p>\n\n\n\n<figure class=\"wp-block-embed\"><div class=\"wp-block-embed__wrapper\">\n<iframe title=\"Spotify Embed: Bagnaia X Mart\u00edn: MotoGP define campe\u00e3o na \u00faltima corrida de 2023 | Paddockast #181\" style=\"border-radius: 12px\" width=\"100%\" height=\"152\" frameborder=\"0\" allowfullscreen allow=\"autoplay; clipboard-write; encrypted-media; fullscreen; picture-in-picture\" loading=\"lazy\" src=\"https:\/\/open.spotify.com\/embed\/episode\/4gK84gnrQRWBrep3Gjq4Za?utm_source=oembed\"><\/iframe>\n<\/div><\/figure>\n","protected":false},"excerpt":{"rendered":"<p>Razlan Razali, um dos fundadores e ex-chefe da RNF, comentou a decis\u00e3o da MotoGP de barrar a equipe do grid para a temporada 2024 e ainda fez duras cr\u00edticas aos parceiros da CryptoDATA<\/p>\n","protected":false},"author":0,"featured_media":1000760220,"comment_status":"closed","ping_status":"closed","sticky":false,"template":"","format":"standard","meta":{"42wp_featured_image_caption":"","42wp_featured_image_credits":"","42wp_featured_video":"","42wp_featured_image_hidden":false,"42wp_authors_list":[],"footnotes":""},"categories":[8],"tags":[5214,28285,79,78,27538,33202,33200,33201,25819,29345,28766,33203,26690,29377],"42wp_author":[47135],"class_list":["post-93481","post","type-post","status-publish","format-standard","has-post-thumbnail","hentry","category-motogp","tag-classificacao-motogp","tag-grandepremio","tag-moto-gp","tag-motogp","tag-motogp-2023","tag-motogp-2023-calendario","tag-motogp-calendario-2023","tag-motogp-classificacao-2023","tag-motogp-hoje","tag-motogp-horario","tag-motogp-standings","tag-onde-assistir-motogp-2023","tag-pilotos-motogp","tag-rnf","42wp_author-pedro-luis-cuenca"],"_links":{"self":[{"href":"https:\/\/grandepremio.com\/br\/wp-json\/wp\/v2\/posts\/93481","targetHints":{"allow":["GET"]}}],"collection":[{"href":"https:\/\/grandepremio.com\/br\/wp-json\/wp\/v2\/posts"}],"about":[{"href":"https:\/\/grandepremio.com\/br\/wp-json\/wp\/v2\/types\/post"}],"replies":[{"embeddable":true,"href":"https:\/\/grandepremio.com\/br\/wp-json\/wp\/v2\/comments?post=93481"}],"version-history":[{"count":0,"href":"https:\/\/grandepremio.com\/br\/wp-json\/wp\/v2\/posts\/93481\/revisions"}],"wp:featuredmedia":[{"embeddable":true,"href":"https:\/\/grandepremio.com\/br\/wp-json\/wp\/v2\/media\/1000760220"}],"wp:attachment":[{"href":"https:\/\/grandepremio.com\/br\/wp-json\/wp\/v2\/media?parent=93481"}],"wp:term":[{"taxonomy":"category","embeddable":true,"href":"https:\/\/grandepremio.com\/br\/wp-json\/wp\/v2\/categories?post=93481"},{"taxonomy":"post_tag","embeddable":true,"href":"https:\/\/grandepremio.com\/br\/wp-json\/wp\/v2\/tags?post=93481"},{"taxonomy":"42wp_author","embeddable":true,"href":"https:\/\/grandepremio.com\/br\/wp-json\/wp\/v2\/42wp_author?post=93481"}],"curies":[{"name":"wp","href":"https:\/\/api.w.org\/{rel}","templated":true}]}}