{"id":93509,"date":"2023-11-27T09:17:51","date_gmt":"2023-11-27T12:17:51","guid":{"rendered":"https:\/\/grandepremio.com\/br\/noticias\/gabriel-bortoleto-forma-kush-maini-dupla-virtuosi-temporada-2024-formula-2\/"},"modified":"2023-11-27T17:31:33","modified_gmt":"2023-11-27T20:31:33","slug":"gabriel-bortoleto-forma-kush-maini-dupla-virtuosi-temporada-2024-formula-2","status":"publish","type":"post","link":"https:\/\/grandepremio.com\/br\/f2\/gabriel-bortoleto-forma-kush-maini-dupla-virtuosi-temporada-2024-formula-2\/","title":{"rendered":"Bortoleto forma com Maini dupla da Virtuosi na temporada 2024 da F\u00f3rmula 2"},"content":{"rendered":"\n<p class=\"wp-block-paragraph\"><strong>Gabriel Bortoleto<\/strong> havia prometido para <strong>Abu Dhabi <\/strong>a revela\u00e7\u00e3o do nome da equipe que ir\u00e1 defender na F\u00f3rmula 2 2024, e a confirma\u00e7\u00e3o veio nesta segunda-feira (27). O atual campe\u00e3o da <strong>F\u00f3rmula 3<\/strong> vai correr na <strong>Virtuosi <\/strong>e ser\u00e1 companheiro de equipe de <strong>Kush Maini<\/strong> no ano que vem.<\/p>\n\n\n\n<p class=\"wp-block-paragraph\">Bortoleto ser\u00e1 o segundo brasileiro a defender o time na principal categoria de acesso \u00e0 F\u00f3rmula 1. Em 2021, <strong>Felipe Drugovich<\/strong> assinou com a Virtuosi ap\u00f3s temporada de estreia na classe com a MP e foi companheiro de equipe de <strong>Guanyu Zhou<\/strong>, hoje na F1.<\/p>\n\n\n\n<p class=\"wp-block-paragraph\">Rec\u00e9m-integrado ao <strong>Programa de Desenvolvimento de Pilotos da McLaren<\/strong>, Bortoleto destacou o hist\u00f3rico de vit\u00f3rias do time brit\u00e2nico afirmando que &#8220;ap\u00f3s tr\u00eas vezes o vice no campeonato de equipes, nosso objetivo ser\u00e1 buscar as melhores posi\u00e7\u00f5es&#8221;.<\/p>\n\n\n\n<p class=\"wp-block-paragraph\">&#8220;Em 2023, eles conquistaram pole-positions e vit\u00f3rias, e espero construir uma hist\u00f3ria forte e consistente ao longo do ano. Teremos um carro novo no campeonato e nosso primeiro desafio ser\u00e1 nos adaptarmos com rapidez e efici\u00eancia para come\u00e7ar o ano em alta&#8221;, seguiu, frisando a &#8220;temporada de crescimento significativo&#8221; que foi 2023, que culminou com a conquista do t\u00edtulo da F3.<\/p>\n\n\n\n<figure class=\"wp-block-image size-full\"><img decoding=\"async\" src=\"https:\/\/www.grandepremio.com\/br\/wp-content\/uploads\/2023\/11\/Gabriel-Bortoleto-e-Kush-Maini.jpg\" alt=\"\" class=\"wp-image-760161\"\/><figcaption class=\"wp-element-caption\">Bortoleto e Maini ser\u00e3o os pilotos da Virtuosi (Foto: F2)<\/figcaption><\/figure>\n\n\n\n<p class=\"wp-block-paragraph\">&#8220;Espero continuar esse processo de evolu\u00e7\u00e3o em 2024 e naturalmente me tornar um piloto vitorioso nas pr\u00f3ximas fases da minha carreira&#8221;, concluiu.<\/p>\n\n\n\n<p class=\"wp-block-paragraph\">Ap\u00f3s estreia na F2 com a Campos este ano, Maini, que \u00e9 membro da academia da Alpine, citou &#8220;o grande pedigree&#8221; que a Virtuosi tem na s\u00e9rie, ressaltando que est\u00e1 &#8220;ansioso para crescer ainda mais como piloto da equipe&#8221;.<\/p>\n\n\n\n<p class=\"wp-block-paragraph\">&#8220;Um muito obrigado \u00e0 Virtuosi por depositar sua confian\u00e7a em mim, \u00e0 Alpine Academy e \u00e0 minha equipe de gest\u00e3o pelo apoio. Farei meu melhor para conquistar muitos trof\u00e9us&#8221;, completou.<\/p>\n\n\n\n<p class=\"wp-block-paragraph\">Andy Roche, chefe da equipe, chamou a aten\u00e7\u00e3o para o que nomeou de &#8220;fa\u00e7anhas de Bortoleto na F3&#8221; como uma das raz\u00f5es para a contrata\u00e7\u00e3o. &#8220;Estamos muito satisfeitos por ter Gabriel Bortoleto se unindo a n\u00f3s em sua estreia na F\u00f3rmula 2. A consist\u00eancia dele ao longo da campanha de estreia na F\u00f3rmula 3 impressionou a todos e lhe rendeu uma vit\u00f3ria convincente e merecida no campeonato. O mundo da F1 reconheceu isso quando ele se tornou piloto de desenvolvimento da McLaren.&#8221;<\/p>\n\n\n\n<p class=\"wp-block-paragraph\">&#8220;Gabriel visitou nossa base em Norfolk e manteve contato desde que assinou. Ele deixou boa impress\u00e3o em todos aqui e rapidamente se tornou parte da equipe. Ficamos impressionados com sua adapta\u00e7\u00e3o \u00e0 F\u00f3rmula 3 e, como todos, estamos ansiosos para ver o que ele pode fazer em 2024, \u00e0 medida que aprimora e aumenta seu j\u00e1 admir\u00e1vel conjunto de habilidades&#8221;, salientou, tamb\u00e9m elogiando o ano de estreia de Maini.<\/p>\n\n\n\n<p class=\"wp-block-paragraph\">Em 2023, a Virtuosi disputou a F2 com Jack Doohan e Amaury Cordeel. O primeiro chegou a ser cotado como candidato ao t\u00edtulo antes mesmo do in\u00edcio da temporada, por\u00e9m teve um in\u00edcio bastante irregular, s\u00f3 emplacando boas performances na reta final. O australiano fechou o campeonato em terceiro, com 168 pontos e tr\u00eas vit\u00f3rias, enquanto Cordeel marcou apenas oito. Na classifica\u00e7\u00e3o de equipes, a Virtuosi encerrou em quinto.<\/p>\n\n\n\n<p class=\"wp-block-paragraph\">A&nbsp;<a href=\"https:\/\/www.grandepremio.com\/br\/f2\/\" target=\"_blank\" rel=\"noreferrer noopener\">F\u00f3rmula 2<\/a>&nbsp;retorna durante a semana, de 29 de novembro a 1\u00ba de dezembro, para tr\u00eas dias de p\u00f3s-temporada, em Abu Dhabi.<\/p>\n\n\n\n<p class=\"wp-block-paragraph\"><strong>\u25b6\ufe0f&nbsp;Inscreva-se nos dois canais do GRANDE PR\u00caMIO no YouTube:&nbsp;<a href=\"https:\/\/www.youtube.com\/channel\/UC9OlHEgxoaY6QY6nWPoiqQg?sub_confirmation=1\" target=\"_blank\" rel=\"noreferrer noopener\">GP<\/a>&nbsp;|&nbsp;<a href=\"https:\/\/www.youtube.com\/channel\/UC9csiS6q_C3C0FYhyr1rnFA?sub_confirmation=1\" target=\"_blank\" rel=\"noreferrer noopener\">GP2<\/a><\/strong><br><strong>\u25b6\ufe0f&nbsp;<a href=\"https:\/\/www.twitch.tv\/grandepremio\" target=\"_blank\" rel=\"noreferrer noopener\">Conhe\u00e7a o canal do GRANDE PR\u00caMIO na Twitch clicando aqui!<\/a><\/strong><\/p>\n\n\n\n<figure class=\"wp-block-embed is-type-video is-provider-youtube wp-block-embed-youtube wp-embed-aspect-16-9 wp-has-aspect-ratio\"><div class=\"wp-block-embed__wrapper\">\n<iframe loading=\"lazy\" title=\"Campe\u00e3o sem vaga na F1 pelo 3\u00ba ano seguido: de que vale o t\u00edtulo da F2? | GP \u00e0s 10\" width=\"500\" height=\"281\" src=\"https:\/\/www.youtube.com\/embed\/0z2qIuhyFOo?start=9&amp;feature=oembed\" frameborder=\"0\" allow=\"accelerometer; autoplay; clipboard-write; encrypted-media; gyroscope; picture-in-picture; web-share\" referrerpolicy=\"strict-origin-when-cross-origin\" allowfullscreen><\/iframe>\n<\/div><\/figure>\n","protected":false},"excerpt":{"rendered":"<p>Gabriel Bortoleto vai defender a Virtuosi na temporada 2024 da F\u00f3rmula 2. O campe\u00e3o da F3 2023 destacou o hist\u00f3rico de vit\u00f3rias afirmando que &#8220;ap\u00f3s tr\u00eas vices no campeonato de equipes, meta \u00e9 buscar as melhores posi\u00e7\u00f5es&#8221;<\/p>\n","protected":false},"author":0,"featured_media":1000751689,"comment_status":"closed","ping_status":"closed","sticky":false,"template":"","format":"standard","meta":{"42wp_featured_image_caption":"","42wp_featured_image_credits":"","42wp_featured_video":"","42wp_featured_image_hidden":false,"42wp_authors_list":[],"footnotes":""},"categories":[9],"tags":[29654,30246,111,32189,2208,35969,350,1491,28285,35029,32107,35030,32190,30312],"42wp_author":[47147],"class_list":["post-93509","post","type-post","status-publish","format-standard","has-post-thumbnail","hentry","category-f2","tag-calendario-f2","tag-classificacao-f2","tag-f2","tag-f2-2024","tag-formula-2","tag-formula-2-2024","tag-gabriel-bortoleto","tag-grande-premio","tag-grandepremio","tag-horarios-f2","tag-kush-maini","tag-onde-assistir-f2","tag-temporada-2024-f2","tag-virtuosi","42wp_author-luana-marino"],"_links":{"self":[{"href":"https:\/\/grandepremio.com\/br\/wp-json\/wp\/v2\/posts\/93509","targetHints":{"allow":["GET"]}}],"collection":[{"href":"https:\/\/grandepremio.com\/br\/wp-json\/wp\/v2\/posts"}],"about":[{"href":"https:\/\/grandepremio.com\/br\/wp-json\/wp\/v2\/types\/post"}],"replies":[{"embeddable":true,"href":"https:\/\/grandepremio.com\/br\/wp-json\/wp\/v2\/comments?post=93509"}],"version-history":[{"count":0,"href":"https:\/\/grandepremio.com\/br\/wp-json\/wp\/v2\/posts\/93509\/revisions"}],"wp:featuredmedia":[{"embeddable":true,"href":"https:\/\/grandepremio.com\/br\/wp-json\/wp\/v2\/media\/1000751689"}],"wp:attachment":[{"href":"https:\/\/grandepremio.com\/br\/wp-json\/wp\/v2\/media?parent=93509"}],"wp:term":[{"taxonomy":"category","embeddable":true,"href":"https:\/\/grandepremio.com\/br\/wp-json\/wp\/v2\/categories?post=93509"},{"taxonomy":"post_tag","embeddable":true,"href":"https:\/\/grandepremio.com\/br\/wp-json\/wp\/v2\/tags?post=93509"},{"taxonomy":"42wp_author","embeddable":true,"href":"https:\/\/grandepremio.com\/br\/wp-json\/wp\/v2\/42wp_author?post=93509"}],"curies":[{"name":"wp","href":"https:\/\/api.w.org\/{rel}","templated":true}]}}