{"id":93521,"date":"2023-11-27T08:24:04","date_gmt":"2023-11-27T11:24:04","guid":{"rendered":"https:\/\/grandepremio.com\/br\/noticias\/ceo-ducati-bate-martelo-confirma-enea-bastianini-fica-equipe-oficial-2024\/"},"modified":"2023-11-27T08:24:46","modified_gmt":"2023-11-27T11:24:46","slug":"ceo-ducati-bate-martelo-confirma-enea-bastianini-fica-equipe-oficial-2024","status":"publish","type":"post","link":"https:\/\/grandepremio.com\/br\/motogp\/ceo-ducati-bate-martelo-confirma-enea-bastianini-fica-equipe-oficial-2024\/","title":{"rendered":"CEO da Ducati bate martelo e confirma que Bastianini fica na equipe oficial em 2024"},"content":{"rendered":"\n<p class=\"wp-block-paragraph\">\u00c9 oficial: <strong>Enea Bastianini <\/strong>segue com a equipe de f\u00e1brica da <strong>Ducati <\/strong>na temporada <strong>2024 <\/strong>da <strong>MotoGP<\/strong>. A confirma\u00e7\u00e3o foi feita por <strong>Claudio Domenicali<\/strong>, diretor-executivo da marca de <strong>Bolonha<\/strong>, ap\u00f3s o encerramento da temporada <strong>2023<\/strong>.<\/p>\n\n\n\n<p class=\"wp-block-paragraph\">Bastianini estreou com a equipe de f\u00e1brica em 2023 e, originalmente, estava previsto para seguir tamb\u00e9m no pr\u00f3ximo ano. A falta de performance resultante de uma s\u00e9rie de les\u00f5es e o ano forte de <strong>Jorge Mart\u00edn<\/strong>, por\u00e9m, colocaram em d\u00favida a perman\u00eancia do italiano.<\/p>\n\n\n\n<p class=\"wp-block-paragraph\"><strong>Paolo Ciabatti<\/strong>, diretor-esportivo da Ducati, chegou a admitir que a mudan\u00e7a de Enea para a <strong>Pramac <\/strong>era uma possibilidade, mas agora Domenicali assegura que nenhuma mudan\u00e7a ser\u00e1 feita.<\/p>\n\n\n\n<p class=\"wp-block-paragraph\">\u201cBastianini confirmado? Absolutamente, n\u00e3o faremos mudan\u00e7as\u201d, disse Domincali \u00e0 emissora italiana Sky Sports.<\/p>\n\n\n\n<p class=\"wp-block-paragraph\"><strong>LEIA MAIS<\/strong><br>\ud83d\udccc\u00a0<strong><a href=\"https:\/\/www.grandepremio.com\/br\/motogp\/noticias\/francesco-bagnaia-quebra-maldicao-renova-titulo-estampando-1-primeira-vez-25-anos\/\">Bagnaia quebra \u2018maldi\u00e7\u00e3o\u2019 e renova t\u00edtulo estampando #1 pela primeira vez em 25 anos<\/a><\/strong><br>\ud83d\udccc\u00a0<strong><a href=\"https:\/\/www.grandepremio.com\/br\/motogp\/noticias\/francesco-bagnaia-mostra-poder-reacao-para-fugir-inferno-garantir-bicampeonato-motogp\/\">Bagnaia mostra poder de rea\u00e7\u00e3o para fugir do inferno e garantir bicampeonato da MotoGP<\/a><\/strong><br>\ud83d\udccc\u00a0<strong><a href=\"https:\/\/www.grandepremio.com\/br\/motogp\/noticias\/ducati-ratifica-fase-brilhante-faz-francesco-bagnaia-faltou-casey-stoner-bi-motogp\/\">Ducati ratifica fase brilhante e faz com Bagnaia o que faltou com Stoner: bi da MotoGP<\/a><\/strong><br>\ud83d\udccc\u00a0<strong><a href=\"https:\/\/www.grandepremio.com\/br\/motogp\/noticias\/francesco-bagnaia-entra-lista-bicampeoes-motogp-taca-valencia-veja-ranking\/\">Bagnaia entra para lista de bicampe\u00f5es da MotoGP com ta\u00e7a em\u00a0<\/a><a href=\"https:\/\/es.grandepremio.com\/\" target=\"_blank\" rel=\"noreferrer noopener\">Val\u00eancia<\/a><a href=\"https:\/\/www.grandepremio.com\/br\/motogp\/noticias\/francesco-bagnaia-entra-lista-bicampeoes-motogp-taca-valencia-veja-ranking\/\">. Veja ranking<\/a><\/strong><\/p>\n\n\n\n<figure class=\"wp-block-image size-large\"><img decoding=\"async\" src=\"https:\/\/www.grandepremio.com\/br\/wp-content\/uploads\/2023\/11\/594_A1J0302_UC581044_High-1024x682.jpg\" alt=\"\" class=\"wp-image-755331\"\/><figcaption class=\"wp-element-caption\">Enea Bastianini vai seguir vestindo vermelho em 2024 (Foto: Ducati)<\/figcaption><\/figure>\n\n\n\n<p class=\"wp-block-paragraph\"><strong>\u25b6\ufe0f\u00a0Inscreva-se nos dois canais do GRANDE PR\u00caMIO no YouTube:\u00a0<a href=\"https:\/\/www.youtube.com\/channel\/UC9OlHEgxoaY6QY6nWPoiqQg?sub_confirmation=1\" target=\"_blank\" rel=\"noreferrer noopener\">GP<\/a>\u00a0|\u00a0<a href=\"https:\/\/www.youtube.com\/channel\/UC9csiS6q_C3C0FYhyr1rnFA?sub_confirmation=1\" target=\"_blank\" rel=\"noreferrer noopener\">GP2<\/a><\/strong><br><strong>\u25b6\ufe0f\u00a0<a href=\"https:\/\/www.twitch.tv\/grandepremio\" target=\"_blank\" rel=\"noreferrer noopener\">Conhe\u00e7a o canal do GRANDE PR\u00caMIO na Twitch clicando aqui!<\/a><\/strong><\/p>\n\n\n\n<p class=\"wp-block-paragraph\">Ainda, o dirigente celebrou o <a href=\"https:\/\/www.grandepremio.com\/br\/motogp\/noticias\/vr46-aproveita-boa-fase-escolhe-fabio-di-giannantonio-vaga-luca-marini\/\" class=\"ek-link\">acerto entre <strong>Fabio Di Giannantonio <\/strong>e a <strong>VR46<\/strong><\/a><strong> <\/strong>para assumir o posto deixado vago por Luca Marini, que foi confirmado pela Honda na manh\u00e3 desta segunda-feira.<\/p>\n\n\n\n<p class=\"wp-block-paragraph\">\u201cEstamos felizes com esta solu\u00e7\u00e3o. Ainda hoje ele mostrou o quanto merece\u201d, avaliou Claudio.<\/p>\n\n\n\n<p class=\"wp-block-paragraph\">A&nbsp;<a href=\"https:\/\/grandepremio.com\/motovelocidade\/\" target=\"_blank\" rel=\"noreferrer noopener\">MotoGP<\/a>&nbsp;volta \u00e0s pistas j\u00e1 na ter\u00e7a-feira (28) para o teste p\u00f3s-temporada de&nbsp;<a href=\"https:\/\/es.grandepremio.com\/\" target=\"_blank\" rel=\"noreferrer noopener\">Val\u00eancia<\/a>. O&nbsp;<strong>GRANDE PR\u00caMIO&nbsp;<\/strong>faz a cobertura completa do evento e do&nbsp;<strong>Mundial de Motovelocidade<\/strong>.<a href=\"https:\/\/cres.ws\/motogp\"><\/a><\/p>\n","protected":false},"excerpt":{"rendered":"<p>Diretor-executivo da Ducati, Claudio Domenicali descartou mudan\u00e7as na composi\u00e7\u00e3o da equipe de f\u00e1brica e confirmou que Enea Bastianini seguir\u00e1 como companheiro de Francesco Bagnaia em 2024<\/p>\n","protected":false},"author":0,"featured_media":1000753642,"comment_status":"closed","ping_status":"closed","sticky":false,"template":"","format":"standard","meta":{"42wp_featured_image_caption":"","42wp_featured_image_credits":"","42wp_featured_video":"","42wp_featured_image_hidden":false,"42wp_authors_list":[],"footnotes":""},"categories":[8],"tags":[7467,5214,789,7466,131,2282,1877,2327,37281,28285,3504,79,78,27538,33202,33200,33201,25819,29345,28766,33203,26690,2221,2716,172],"42wp_author":[47113],"class_list":["post-93521","post","type-post","status-publish","format-standard","has-post-thumbnail","hentry","category-motogp","tag-cheste","tag-classificacao-motogp","tag-claudio-domenicali","tag-comunidade-valenciana","tag-ducati","tag-enea-bastianini","tag-espanha","tag-francesco-bagnaia","tag-grande-premio-da-comunidade-valenciana","tag-grandepremio","tag-gresini","tag-moto-gp","tag-motogp","tag-motogp-2023","tag-motogp-2023-calendario","tag-motogp-calendario-2023","tag-motogp-classificacao-2023","tag-motogp-hoje","tag-motogp-horario","tag-motogp-standings","tag-onde-assistir-motogp-2023","tag-pilotos-motogp","tag-ricardo-tormo","tag-valencia","tag-yamaha","42wp_author-juliana-tesser"],"_links":{"self":[{"href":"https:\/\/grandepremio.com\/br\/wp-json\/wp\/v2\/posts\/93521","targetHints":{"allow":["GET"]}}],"collection":[{"href":"https:\/\/grandepremio.com\/br\/wp-json\/wp\/v2\/posts"}],"about":[{"href":"https:\/\/grandepremio.com\/br\/wp-json\/wp\/v2\/types\/post"}],"replies":[{"embeddable":true,"href":"https:\/\/grandepremio.com\/br\/wp-json\/wp\/v2\/comments?post=93521"}],"version-history":[{"count":0,"href":"https:\/\/grandepremio.com\/br\/wp-json\/wp\/v2\/posts\/93521\/revisions"}],"wp:featuredmedia":[{"embeddable":true,"href":"https:\/\/grandepremio.com\/br\/wp-json\/wp\/v2\/media\/1000753642"}],"wp:attachment":[{"href":"https:\/\/grandepremio.com\/br\/wp-json\/wp\/v2\/media?parent=93521"}],"wp:term":[{"taxonomy":"category","embeddable":true,"href":"https:\/\/grandepremio.com\/br\/wp-json\/wp\/v2\/categories?post=93521"},{"taxonomy":"post_tag","embeddable":true,"href":"https:\/\/grandepremio.com\/br\/wp-json\/wp\/v2\/tags?post=93521"},{"taxonomy":"42wp_author","embeddable":true,"href":"https:\/\/grandepremio.com\/br\/wp-json\/wp\/v2\/42wp_author?post=93521"}],"curies":[{"name":"wp","href":"https:\/\/api.w.org\/{rel}","templated":true}]}}