{"id":93542,"date":"2023-11-27T06:00:00","date_gmt":"2023-11-27T09:00:00","guid":{"rendered":"https:\/\/grandepremio.com\/br\/noticias\/marc-marquez-evita-culpar-jorge-martin-acidente-valencia-entendo-mentalidade\/"},"modified":"2023-11-26T18:25:18","modified_gmt":"2023-11-26T21:25:18","slug":"marc-marquez-evita-culpar-jorge-martin-acidente-valencia-entendo-mentalidade","status":"publish","type":"post","link":"https:\/\/grandepremio.com\/br\/motogp\/marc-marquez-evita-culpar-jorge-martin-acidente-valencia-entendo-mentalidade\/","title":{"rendered":"Marc M\u00e1rquez evita culpar Mart\u00edn por acidente em Val\u00eancia: &#8220;Sem inten\u00e7\u00e3o&#8221;"},"content":{"rendered":"\n<figure class=\"wp-block-video\"><video class=\"video-js vjs-big-play-centered\" data-gp-vjs=\"1\" controls src=\"https:\/\/www.grandepremio.com\/br\/wp-content\/uploads\/2023\/11\/motogp-valencia-martin-abandono.mp4\"><\/video><figcaption class=\"wp-element-caption\">Mart\u00edn tocou com Marc M\u00e1rquez e abandonou a prova (V\u00eddeo: MotoGP)<\/figcaption><\/figure>\n\n\n\n<p class=\"wp-block-paragraph\">A \u00faltima corrida de <strong>Marc M\u00e1rquez<\/strong> com a <strong>Honda <\/strong>terminou de maneira precoce, com um acidente na sexta volta, envolvendo o postulante ao t\u00edtulo <strong>Jorge Mart\u00edn<\/strong>. O toque, ali\u00e1s, fez o piloto da <strong>Pramac<\/strong> <a href=\"https:\/\/www.grandepremio.com\/br\/motogp\/noticias\/jorge-martin-vai-sonho-ao-pesadelo-abandona-ve-francesco-bagnaia-levar-bi-motogp\/\" class=\"ek-link\">abandonar a prova<\/a> e, assim, ver <strong>Francesco Bagnaia<\/strong> conseguir o bicampeonato da <strong>MotoGP<\/strong>.<\/p>\n\n\n\n<p class=\"wp-block-paragraph\">Ap\u00f3s a forte pancada, com calma, M\u00e1rquez comentou como foi a corrida e n\u00e3o quis apontar os dedos para Mart\u00edn pelo incidente, principalmente porque o compatriota estava em busca de uma vit\u00f3ria que valia o t\u00edtulo.<\/p>\n\n\n\n<p class=\"wp-block-paragraph\">&#8220;Uma l\u00e1stima terminar assim minha \u00faltima corrida com a Honda porque tinha ritmo e me encontrava bem para estar no p\u00f3dio, mas entendo perfeitamente a mentalidade do Jorge depois do erro, pois vinha se recuperando&#8221;, afirmou o piloto da Honda.<\/p>\n\n\n\n<p class=\"wp-block-paragraph\">&#8220;Entrei r\u00e1pido na curva 4 e senti algo na traseira, mas depois do toque eu j\u00e1 decolei. Evidentemente n\u00e3o houve inten\u00e7\u00e3o, mas o Jorge estava brigando pelo t\u00edtulo e entendo, assim s\u00e3o as corridas. N\u00e3o vou culp\u00e1-lo de nada&#8221;, completou.<\/p>\n\n\n\n<figure class=\"wp-block-image size-large\"><img decoding=\"async\" src=\"https:\/\/www.grandepremio.com\/br\/wp-content\/uploads\/2023\/11\/000_344Z9BX-1024x683.jpg\" alt=\"\" class=\"wp-image-759703\"\/><figcaption class=\"wp-element-caption\">Marc M\u00e1rquez precisou de atendimento ap\u00f3s o acidente (Foto: AFP)<\/figcaption><\/figure>\n\n\n\n<p class=\"wp-block-paragraph\"><strong>LEIA MAIS<\/strong><br>\ud83d\udccc&nbsp;<strong><a href=\"https:\/\/www.grandepremio.com\/br\/motogp\/noticias\/francesco-bagnaia-quebra-maldicao-renova-titulo-estampando-1-primeira-vez-25-anos\/\">Bagnaia quebra \u2018maldi\u00e7\u00e3o\u2019 e renova t\u00edtulo estampando #1 pela primeira vez em 25 anos<\/a><\/strong><br>\ud83d\udccc&nbsp;<strong><a href=\"https:\/\/www.grandepremio.com\/br\/motogp\/noticias\/francesco-bagnaia-mostra-poder-reacao-para-fugir-inferno-garantir-bicampeonato-motogp\/\">Bagnaia mostra poder de rea\u00e7\u00e3o para fugir do inferno e garantir bicampeonato da MotoGP<\/a><\/strong><br>\ud83d\udccc&nbsp;<strong><a href=\"https:\/\/www.grandepremio.com\/br\/motogp\/noticias\/ducati-ratifica-fase-brilhante-faz-francesco-bagnaia-faltou-casey-stoner-bi-motogp\/\">Ducati ratifica fase brilhante e faz com Bagnaia o que faltou com Stoner: bi da MotoGP<\/a><\/strong><\/p>\n\n\n\n<p class=\"wp-block-paragraph\">Sobre a viol\u00eancia do acidente, Marc M\u00e1rquez disse que n\u00e3o se lesionou, apesar do susto, e que agora s\u00f3 pensa no primeiro teste com a <strong>Gresini <\/strong>em Val\u00eancia.<\/p>\n\n\n\n<p class=\"wp-block-paragraph\">&#8220;A batida foi forte, estou dolorido e com marcas vermelhas no rosto, mas amanh\u00e3 vou descansar para testar bem a Ducati na ter\u00e7a-feira&#8221;, pontuou.<\/p>\n\n\n\n<p class=\"wp-block-paragraph\"><strong>\u25b6\ufe0f&nbsp;Inscreva-se nos dois canais do GRANDE PR\u00caMIO no YouTube:&nbsp;<a href=\"https:\/\/www.youtube.com\/channel\/UC9OlHEgxoaY6QY6nWPoiqQg?sub_confirmation=1\" target=\"_blank\" rel=\"noreferrer noopener\">GP<\/a>&nbsp;|&nbsp;<a href=\"https:\/\/www.youtube.com\/channel\/UC9csiS6q_C3C0FYhyr1rnFA?sub_confirmation=1\" target=\"_blank\" rel=\"noreferrer noopener\">GP2<\/a><\/strong><br><strong>\u25b6\ufe0f&nbsp;<a href=\"https:\/\/www.twitch.tv\/grandepremio\" target=\"_blank\" rel=\"noreferrer noopener\">Conhe\u00e7a o canal do GRANDE PR\u00caMIO na Twitch clicando aqui!<\/a><\/strong><\/p>\n","protected":false},"excerpt":{"rendered":"<p>Marc M\u00e1rquez abandonou o GP da Comunidade Valenciana de maneira precoce ap\u00f3s sofrer toque de Jorge Mart\u00edn, mas n\u00e3o culpou o compatriota e valorizou a tentativa frustrada<\/p>\n","protected":false},"author":0,"featured_media":1000759708,"comment_status":"closed","ping_status":"closed","sticky":false,"template":"","format":"standard","meta":{"42wp_featured_image_caption":"","42wp_featured_image_credits":"","42wp_featured_video":"","42wp_featured_image_hidden":false,"42wp_authors_list":[],"footnotes":""},"categories":[8],"tags":[5214,37237,28285,130,24704,1300,79,78,27538,33202,33200,33201,25819,29345,28766,33203,26690,2716],"42wp_author":[47135],"class_list":["post-93542","post","type-post","status-publish","format-standard","has-post-thumbnail","hentry","category-motogp","tag-classificacao-motogp","tag-gp-da-comunidade-valencia","tag-grandepremio","tag-honda","tag-jorge-martin","tag-marc-marquez","tag-moto-gp","tag-motogp","tag-motogp-2023","tag-motogp-2023-calendario","tag-motogp-calendario-2023","tag-motogp-classificacao-2023","tag-motogp-hoje","tag-motogp-horario","tag-motogp-standings","tag-onde-assistir-motogp-2023","tag-pilotos-motogp","tag-valencia","42wp_author-pedro-luis-cuenca"],"_links":{"self":[{"href":"https:\/\/grandepremio.com\/br\/wp-json\/wp\/v2\/posts\/93542","targetHints":{"allow":["GET"]}}],"collection":[{"href":"https:\/\/grandepremio.com\/br\/wp-json\/wp\/v2\/posts"}],"about":[{"href":"https:\/\/grandepremio.com\/br\/wp-json\/wp\/v2\/types\/post"}],"replies":[{"embeddable":true,"href":"https:\/\/grandepremio.com\/br\/wp-json\/wp\/v2\/comments?post=93542"}],"version-history":[{"count":0,"href":"https:\/\/grandepremio.com\/br\/wp-json\/wp\/v2\/posts\/93542\/revisions"}],"wp:featuredmedia":[{"embeddable":true,"href":"https:\/\/grandepremio.com\/br\/wp-json\/wp\/v2\/media\/1000759708"}],"wp:attachment":[{"href":"https:\/\/grandepremio.com\/br\/wp-json\/wp\/v2\/media?parent=93542"}],"wp:term":[{"taxonomy":"category","embeddable":true,"href":"https:\/\/grandepremio.com\/br\/wp-json\/wp\/v2\/categories?post=93542"},{"taxonomy":"post_tag","embeddable":true,"href":"https:\/\/grandepremio.com\/br\/wp-json\/wp\/v2\/tags?post=93542"},{"taxonomy":"42wp_author","embeddable":true,"href":"https:\/\/grandepremio.com\/br\/wp-json\/wp\/v2\/42wp_author?post=93542"}],"curies":[{"name":"wp","href":"https:\/\/api.w.org\/{rel}","templated":true}]}}