{"id":93655,"date":"2023-11-26T13:05:59","date_gmt":"2023-11-26T16:05:59","guid":{"rendered":"https:\/\/grandepremio.com\/br\/noticias\/francesco-bagnaia-celebra-titulo-vitoria-valencia-curti-muito-mais-ano-passado\/"},"modified":"2023-11-26T13:08:20","modified_gmt":"2023-11-26T16:08:20","slug":"francesco-bagnaia-celebra-titulo-vitoria-valencia-curti-muito-mais-ano-passado","status":"publish","type":"post","link":"https:\/\/grandepremio.com\/br\/motogp\/francesco-bagnaia-celebra-titulo-vitoria-valencia-curti-muito-mais-ano-passado\/","title":{"rendered":"Bagnaia celebra t\u00edtulo com vit\u00f3ria em Val\u00eancia: \u201cCurti muito mais do que no ano passado\u201d"},"content":{"rendered":"\n<p class=\"wp-block-paragraph\"><strong>Francesco Bagnaia<\/strong> afirmou que \u201ccurtiu muito mais\u201d conquistar o t\u00edtulo da <strong>MotoGP <\/strong><a href=\"https:\/\/www.grandepremio.com\/br\/motogp\/noticias\/francesco-bagnaia-vence-corrida-maluca-ve-jorge-martin-cair-valencia-fatura-bi-motogp\/\" class=\"ek-link\">com vit\u00f3ria no GP da <strong>Comunidade Valenciana <\/strong>deste domingo (26)<\/a> do que com o nono lugar com que triunfou no ano passado. Italiano classificou o combo de vit\u00f3rias como \u201cfant\u00e1stico\u201d.<\/p>\n\n\n\n<p class=\"wp-block-paragraph\">Bagnaia iniciou a prova na pole-position \u2014 aproveitando uma puni\u00e7\u00e3o a <strong>Maverick Vi\u00f1ales <\/strong>\u2014 e precisando apenas de um top-5 para n\u00e3o depender do resultado de <strong>Jorge Mart\u00edn<\/strong>. Ainda no in\u00edcio da corrida, o espanhol abandonou, facilitando o caminho de Pecco. O #1, ent\u00e3o, contou com revezes da dupla da <strong>KTM <\/strong>\u2014 <strong>Brad Binder <\/strong>errou e <strong>Jack Miller <\/strong>caiu, ambos na lideran\u00e7a \u2014 para reassumir a lideran\u00e7a e vencer apesar da press\u00e3o de<strong> Fabio Di Giannantonio<\/strong> e <strong>Johann Zarco<\/strong>.<\/p>\n\n\n\n<p class=\"wp-block-paragraph\">\u201cNo fim, foi uma corrida incr\u00edvel! Ganhar a corrida e o Mundial \u00e9 fant\u00e1stico\u201d, disse Bagnaia logo ap\u00f3s a corrida. \u201cCurti muito mais do que no ano passado, em primeiro, do que em nono no ano passado\u201d, seguiu.<\/p>\n\n\n\n<p class=\"wp-block-paragraph\">\u201cN\u00e3o posso pedir muito mais, de verdade. Esta noite, vamos nos divertir, pois merecemos. Foi uma temporada complicada, especialmente a partir de Barcelona\u201d, assumiu.<\/p>\n\n\n\n<p class=\"wp-block-paragraph\"><strong>LEIA MAIS<\/strong><br>\ud83d\udccc\u00a0<strong><a href=\"https:\/\/www.grandepremio.com\/br\/motogp\/noticias\/francesco-bagnaia-quebra-maldicao-renova-titulo-estampando-1-primeira-vez-25-anos\/\">Bagnaia quebra \u2018maldi\u00e7\u00e3o\u2019 e renova t\u00edtulo estampando #1 pela primeira vez em 25 anos<\/a><\/strong><br>\ud83d\udccc\u00a0<strong><a href=\"https:\/\/www.grandepremio.com\/br\/motogp\/noticias\/francesco-bagnaia-mostra-poder-reacao-para-fugir-inferno-garantir-bicampeonato-motogp\/\">Bagnaia mostra poder de rea\u00e7\u00e3o para fugir do inferno e garantir bicampeonato da MotoGP<\/a><\/strong><br>\ud83d\udccc\u00a0<strong><a href=\"https:\/\/www.grandepremio.com\/br\/motogp\/noticias\/ducati-ratifica-fase-brilhante-faz-francesco-bagnaia-faltou-casey-stoner-bi-motogp\/\">Ducati ratifica fase brilhante e faz com Bagnaia o que faltou com Stoner: bi da MotoGP<\/a><\/strong><br>\ud83d\udccc <strong><a href=\"https:\/\/www.grandepremio.com\/br\/motogp\/noticias\/francesco-bagnaia-entra-lista-bicampeoes-motogp-taca-valencia-veja-ranking\/\" class=\"ek-link\">Bagnaia entra para lista de bicampe\u00f5es da MotoGP com ta\u00e7a em Val\u00eancia. Veja ranking <\/a><\/strong><\/p>\n\n\n\n<figure class=\"wp-block-image size-large\"><img decoding=\"async\" src=\"https:\/\/www.grandepremio.com\/br\/wp-content\/uploads\/2023\/11\/F_3yjyyWMAAxzD9-1024x684.jpeg\" alt=\"\" class=\"wp-image-759672\"\/><figcaption class=\"wp-element-caption\">Pecco Bagnaia \u00e9 o novo bicampe\u00e3o da MotoGP (Foto: Ducati)<\/figcaption><\/figure>\n\n\n\n<p class=\"wp-block-paragraph\"><strong>\u25b6\ufe0f&nbsp;Inscreva-se nos dois canais do GRANDE PR\u00caMIO no YouTube:&nbsp;<a href=\"https:\/\/www.youtube.com\/channel\/UC9OlHEgxoaY6QY6nWPoiqQg?sub_confirmation=1\" target=\"_blank\" rel=\"noreferrer noopener\">GP<\/a>&nbsp;|&nbsp;<a href=\"https:\/\/www.youtube.com\/channel\/UC9csiS6q_C3C0FYhyr1rnFA?sub_confirmation=1\" target=\"_blank\" rel=\"noreferrer noopener\">GP2<\/a><\/strong><br><strong>\u25b6\ufe0f&nbsp;<a href=\"https:\/\/www.twitch.tv\/grandepremio\" target=\"_blank\" rel=\"noreferrer noopener\">Conhe\u00e7a o canal do GRANDE PR\u00caMIO na Twitch clicando aqui!<\/a><\/strong><\/p>\n\n\n\n<p class=\"wp-block-paragraph\">Por fim, Pecco reconheceu que a corrida foi complicada, j\u00e1 que terminou a disputa preocupado com o pneu da frente.<\/p>\n\n\n\n<p class=\"wp-block-paragraph\">\u201cNas \u00faltimas quatro voltas, eu estava preocupado com o pneu dianteiro, por causa do frio\u201d, contou.<\/p>\n","protected":false},"excerpt":{"rendered":"<p>Francesco Bagnaia contou que ficou muito mais feliz por fechar o t\u00edtulo de 2023 com uma vit\u00f3ria do que com o nono lugar com que foi campe\u00e3o no ano passado. Italiano prometeu celebra\u00e7\u00e3o nesta noite<\/p>\n","protected":false},"author":0,"featured_media":1000759679,"comment_status":"closed","ping_status":"closed","sticky":false,"template":"","format":"standard","meta":{"42wp_featured_image_caption":"","42wp_featured_image_credits":"","42wp_featured_video":"","42wp_featured_image_hidden":false,"42wp_authors_list":[],"footnotes":""},"categories":[8],"tags":[7467,5214,7466,1877,2327,37281,28285,3504,79,78,27538,33202,33200,33201,25819,29345,28766,33203,26690,2221,2716,172],"42wp_author":[47113],"class_list":["post-93655","post","type-post","status-publish","format-standard","has-post-thumbnail","hentry","category-motogp","tag-cheste","tag-classificacao-motogp","tag-comunidade-valenciana","tag-espanha","tag-francesco-bagnaia","tag-grande-premio-da-comunidade-valenciana","tag-grandepremio","tag-gresini","tag-moto-gp","tag-motogp","tag-motogp-2023","tag-motogp-2023-calendario","tag-motogp-calendario-2023","tag-motogp-classificacao-2023","tag-motogp-hoje","tag-motogp-horario","tag-motogp-standings","tag-onde-assistir-motogp-2023","tag-pilotos-motogp","tag-ricardo-tormo","tag-valencia","tag-yamaha","42wp_author-juliana-tesser"],"_links":{"self":[{"href":"https:\/\/grandepremio.com\/br\/wp-json\/wp\/v2\/posts\/93655","targetHints":{"allow":["GET"]}}],"collection":[{"href":"https:\/\/grandepremio.com\/br\/wp-json\/wp\/v2\/posts"}],"about":[{"href":"https:\/\/grandepremio.com\/br\/wp-json\/wp\/v2\/types\/post"}],"replies":[{"embeddable":true,"href":"https:\/\/grandepremio.com\/br\/wp-json\/wp\/v2\/comments?post=93655"}],"version-history":[{"count":0,"href":"https:\/\/grandepremio.com\/br\/wp-json\/wp\/v2\/posts\/93655\/revisions"}],"wp:featuredmedia":[{"embeddable":true,"href":"https:\/\/grandepremio.com\/br\/wp-json\/wp\/v2\/media\/1000759679"}],"wp:attachment":[{"href":"https:\/\/grandepremio.com\/br\/wp-json\/wp\/v2\/media?parent=93655"}],"wp:term":[{"taxonomy":"category","embeddable":true,"href":"https:\/\/grandepremio.com\/br\/wp-json\/wp\/v2\/categories?post=93655"},{"taxonomy":"post_tag","embeddable":true,"href":"https:\/\/grandepremio.com\/br\/wp-json\/wp\/v2\/tags?post=93655"},{"taxonomy":"42wp_author","embeddable":true,"href":"https:\/\/grandepremio.com\/br\/wp-json\/wp\/v2\/42wp_author?post=93655"}],"curies":[{"name":"wp","href":"https:\/\/api.w.org\/{rel}","templated":true}]}}