{"id":93673,"date":"2023-11-26T12:33:32","date_gmt":"2023-11-26T15:33:32","guid":{"rendered":"https:\/\/grandepremio.com\/br\/noticias\/theo-pourchaire-xeque-mate-5o-abu-dhabi-classificacao-final-f2-2023\/"},"modified":"2023-11-26T12:43:16","modified_gmt":"2023-11-26T15:43:16","slug":"theo-pourchaire-xeque-mate-5o-abu-dhabi-classificacao-final-f2-2023","status":"publish","type":"post","link":"https:\/\/grandepremio.com\/br\/f2\/theo-pourchaire-xeque-mate-5o-abu-dhabi-classificacao-final-f2-2023\/","title":{"rendered":"Pourchaire d\u00e1 xeque-mate com 5\u00ba em Abu Dhabi. Confira classifica\u00e7\u00e3o final da F2 2023"},"content":{"rendered":"\n<p class=\"wp-block-paragraph\">Bastou <a href=\"https:\/\/www.grandepremio.com\/br\/f2\/noticias\/theo-pourchaire-campeao-f2-2023-5o-lugar-abu-dhabi-jack-doohan-vence-corrida-2\/\" class=\"ek-link\">um quinto lugar na corrida 2<\/a> em <strong>Abu Dhabi<\/strong> para <strong>Th\u00e9o Pourchaire<\/strong> fechar a temporada 2023 com o t\u00edtulo. O franc\u00eas chegou a 203 pontos, 11 \u00e0 frente de <strong>Frederik Vesti<\/strong>, que lutou bastante at\u00e9 o fim e chegou ao terceiro lugar na \u00faltima volta, mas teve de se contentar com o vice.<\/p>\n\n\n\n<p class=\"wp-block-paragraph\">Foi, no entanto, uma bela exibi\u00e7\u00e3o de ambos, que n\u00e3o tiveram medo de brigar por posi\u00e7\u00f5es roda a roda e arriscaram at\u00e9 o fim. Destaque tamb\u00e9m para o vencedor da corrida, <strong>Jack Doohan<\/strong>, em mais um \u00f3timo desempenho na temporada. Partindo da pole-position, o australiano controlou a corrida e fechou sua participa\u00e7\u00e3o na F2 em terceiro, com 168 pontos.<\/p>\n\n\n\n<p class=\"wp-block-paragraph\">Tamb\u00e9m postulante ao t\u00edtulo, por\u00e9m at\u00e9 somente a classifica\u00e7\u00e3o, <strong>Ayumu Iwasa <\/strong>perdeu uma posi\u00e7\u00e3o na tabela e fechou 2023 em quarto lugar, com 165. J\u00e1 <strong>Victor Martins<\/strong> teve muitos motivos para comemorar, pois venceu o duelo particular contra <strong>Oliver Bearman<\/strong> e encerrou seu ano de estreia na F2 como melhor novato. Apesar dos erros no come\u00e7o da temporada, o piloto da <strong>ART <\/strong>chegou aos 150 pontos.<\/p>\n\n\n\n<p class=\"wp-block-paragraph\">Bearman ficou em sexto ap\u00f3s ver o carro da <strong>Prema <\/strong>quebrar durante a corrida 2 em Abu Dhabi. <strong>Enzo Fittipaldi<\/strong> levou a melhor na disputa particular contra <strong>Zane Maloney<\/strong>, companheiro de <strong>Carlin<\/strong>, e terminou 2023 em s\u00e9timo lugar, um posto acima do alcan\u00e7ado no ano passado. No total, foram 124 pontos somados pelo brasileiro.<\/p>\n\n\n\n<figure class=\"wp-block-image size-large\"><img decoding=\"async\" src=\"https:\/\/www.grandepremio.com\/br\/wp-content\/uploads\/2023\/11\/Pourchaire-em-Abu-Dhabi-1024x683.jpeg\" alt=\"\" class=\"wp-image-759155\"\/><figcaption class=\"wp-element-caption\">Th\u00e9o Pourchaire fechou 2023 com 203 pontos (Foto: F2)<\/figcaption><\/figure>\n\n\n\n<p class=\"wp-block-paragraph\"><strong>Dennis Hauger<\/strong> concluiu a F2 2023 em oitavo, com 113 pontos \u2014 cinco a mais que <strong>Richard Verschoor<\/strong>. Maloney fechou o top-10 da classifica\u00e7\u00e3o.<\/p>\n\n\n\n<p class=\"wp-block-paragraph\">Entre as equipes, t\u00edtulo para a ART, que encerrou a temporada com 353 pontos. A Prema ficou com o vice, resultado bem melhor que o de 2022, quando n\u00e3o passou do quarto lugar. A Carlin terminou em terceiro, \u00e0 frente da <strong>DAMS <\/strong>e da <strong>Virtuosi<\/strong>. Campe\u00e3 do ano passado, a <strong>MP <\/strong>fechou em sexto.<\/p>\n\n\n\n<p class=\"wp-block-paragraph\">A\u00a0<a href=\"https:\/\/www.grandepremio.com\/br\/f2\/\" target=\"_blank\" rel=\"noreferrer noopener\">F\u00f3rmula 2<\/a>\u00a0retorna durante a semana, de 29 de novembro a 1\u00ba de dezembro, para tr\u00eas dias de p\u00f3s-temporada, em Abu Dhabi.<\/p>\n\n\n\n<p class=\"wp-block-paragraph\"><strong>F\u00f3rmula 2 2023, classifica\u00e7\u00e3o final:<\/strong><\/p>\n\n\n\n<figure class=\"wp-block-table\"><table><tbody><tr><td>&nbsp;<\/td><td>&nbsp;<\/td><td>&nbsp;<\/td><td>vit\u00f3rias<\/td><td>poles&nbsp;<\/td><td>pontos<\/td><\/tr><tr><td>1<\/td><td>T POURCHAIRE<\/td><td>ART<\/td><td>1<\/td><td>2<\/td><td>203<\/td><\/tr><tr><td>2<\/td><td>F VESTI<\/td><td>Prema<\/td><td>6<\/td><td>1<\/td><td>192<\/td><\/tr><tr><td>3<\/td><td>J DOOHAN<\/td><td>Virtuosi<\/td><td>3<\/td><td>2<\/td><td>168<\/td><\/tr><tr><td>4<\/td><td>A IWASA<\/td><td>DAMS<\/td><td>3<\/td><td>1<\/td><td>165<\/td><\/tr><tr><td>5<\/td><td>V MARTINS<\/td><td>ART<\/td><td>1<\/td><td>3<\/td><td>150<\/td><\/tr><tr><td>6<\/td><td>O BEARMAN<\/td><td>Prema<\/td><td>4<\/td><td>3<\/td><td>130<\/td><\/tr><tr><td>7<\/td><td>E FITTIPALDI<\/td><td>Carlin<\/td><td>1<\/td><td>0<\/td><td>124<\/td><\/tr><tr><td>8<\/td><td>D HAUGER<\/td><td>MP<\/td><td>2<\/td><td>0<\/td><td>113<\/td><\/tr><tr><td>9<\/td><td>R VERSCHOOR<\/td><td>Van Amersfoort<\/td><td>1<\/td><td>0<\/td><td>108<\/td><\/tr><tr><td>10<\/td><td>Z MALONEY<\/td><td>Carlin<\/td><td>0<\/td><td>0<\/td><td>96<\/td><\/tr><tr><td>11<\/td><td>K MAINI<\/td><td>Campos<\/td><td>0<\/td><td>0<\/td><td>62<\/td><\/tr><tr><td>12<\/td><td>J DARUVALA<\/td><td>MP<\/td><td>0<\/td><td>0<\/td><td>59<\/td><\/tr><tr><td>13<\/td><td>J CRAWFORD<\/td><td>Hitech<\/td><td>0<\/td><td>1<\/td><td>57<\/td><\/tr><tr><td>14<\/td><td>I HADJAR<\/td><td>Hitech<\/td><td>0<\/td><td>0<\/td><td>55<\/td><\/tr><tr><td>15<\/td><td>A LECLERC<\/td><td>DAMS<\/td><td>0<\/td><td>0<\/td><td>49<\/td><\/tr><tr><td>16<\/td><td>R BOSCHUNG<\/td><td>Campos<\/td><td>1<\/td><td>0<\/td><td>37<\/td><\/tr><tr><td>17<\/td><td>C NOVALAK<\/td><td>Trident<\/td><td>1<\/td><td>0<\/td><td>28<\/td><\/tr><tr><td>18<\/td><td>R STANEK<\/td><td>Trident<\/td><td>0<\/td><td>0<\/td><td>15<\/td><\/tr><tr><td>19<\/td><td>J.M. CORREA<\/td><td>Van Amersfoort<\/td><td>0<\/td><td>0<\/td><td>13<\/td><\/tr><tr><td>20<\/td><td>A CORDEEL<\/td><td>Virtuosi<\/td><td>0<\/td><td>0<\/td><td>8<\/td><\/tr><tr><td>21<\/td><td>R NISSANY<\/td><td>PHM<\/td><td>0<\/td><td>0<\/td><td>0<\/td><\/tr><tr><td>22<\/td><td>P ARON<\/td><td>Trident<\/td><td>0<\/td><td>0<\/td><td>0<\/td><\/tr><tr><td>23<\/td><td>F COLAPINTO<\/td><td>MP<\/td><td>0<\/td><td>0<\/td><td>0<\/td><\/tr><tr><td>24<\/td><td>J MASON<\/td><td>PHM<\/td><td>0<\/td><td>0<\/td><td>0<\/td><\/tr><tr><td>25<\/td><td>B BENAVIDES<\/td><td>PHM<\/td><td>0<\/td><td>0<\/td><td>0<\/td><\/tr><\/tbody><\/table><\/figure>\n\n\n\n<p class=\"wp-block-paragraph\"><strong>\u25b6\ufe0f&nbsp;Inscreva-se nos dois canais do GRANDE PR\u00caMIO no YouTube:&nbsp;<a href=\"https:\/\/www.youtube.com\/channel\/UC9OlHEgxoaY6QY6nWPoiqQg?sub_confirmation=1\" target=\"_blank\" rel=\"noreferrer noopener\">GP<\/a>&nbsp;|&nbsp;<a href=\"https:\/\/www.youtube.com\/channel\/UC9csiS6q_C3C0FYhyr1rnFA?sub_confirmation=1\" target=\"_blank\" rel=\"noreferrer noopener\">GP2<\/a><\/strong><br><strong>\u25b6\ufe0f&nbsp;<a href=\"https:\/\/www.twitch.tv\/grandepremio\" target=\"_blank\" rel=\"noreferrer noopener\">Conhe\u00e7a o canal do GRANDE PR\u00caMIO na Twitch clicando aqui!<\/a><\/strong><\/p>\n\n\n\n<figure class=\"wp-block-embed is-type-video is-provider-youtube wp-block-embed-youtube wp-embed-aspect-16-9 wp-has-aspect-ratio\"><div class=\"wp-block-embed__wrapper\">\n<iframe loading=\"lazy\" title=\"Campe\u00e3o sem vaga na F1 pelo 3\u00ba ano seguido: de que vale o t\u00edtulo da F2? | GP \u00e0s 10\" width=\"500\" height=\"281\" src=\"https:\/\/www.youtube.com\/embed\/0z2qIuhyFOo?feature=oembed\" frameborder=\"0\" allow=\"accelerometer; autoplay; clipboard-write; encrypted-media; gyroscope; picture-in-picture; web-share\" referrerpolicy=\"strict-origin-when-cross-origin\" allowfullscreen><\/iframe>\n<\/div><\/figure>\n","protected":false},"excerpt":{"rendered":"<p>Th\u00e9o Pourchaire chegou aos 203 pontos com o quinto lugar na corrida 2 em Abu Dhabi. Confira a classifica\u00e7\u00e3o final da temporada 2023 da F\u00f3rmula 2<\/p>\n","protected":false},"author":0,"featured_media":1000759436,"comment_status":"closed","ping_status":"closed","sticky":false,"template":"","format":"standard","meta":{"42wp_featured_image_caption":"","42wp_featured_image_credits":"","42wp_featured_video":"","42wp_featured_image_hidden":false,"42wp_authors_list":[],"footnotes":""},"categories":[9],"tags":[1276,30624,6086,33170,3158,1158,30246,1581,409,29651,2208,25440,1318,1491,596,35911,107,32107,4606,29923,25439,32749,349,2205,26543,799,33171,25479,2204,33975,486,30312,28107],"42wp_author":[47147],"class_list":["post-93673","post","type-post","status-publish","format-standard","has-post-thumbnail","hentry","category-f2","tag-abu-dhabi","tag-amaury-cordeel","tag-art","tag-brad-benavides","tag-campos","tag-carlin","tag-classificacao-f2","tag-dennis-hauger","tag-enzo-fittipaldi","tag-f2-2022","tag-formula-2","tag-franco-colapinto","tag-frederik-vesti","tag-grande-premio","tag-jack-doohan","tag-joshua-mason","tag-juan-manuel-correa","tag-kush-maini","tag-mp","tag-oliver-bearman","tag-paul-aron","tag-phm","tag-prema","tag-ralph-boschung","tag-roman-stanek","tag-roy-nissany","tag-temporada-2023-f2","tag-theo-pourchaire","tag-trident","tag-van-amersfoot","tag-victor-martins","tag-virtuosi","tag-zane-maloney","42wp_author-luana-marino"],"_links":{"self":[{"href":"https:\/\/grandepremio.com\/br\/wp-json\/wp\/v2\/posts\/93673","targetHints":{"allow":["GET"]}}],"collection":[{"href":"https:\/\/grandepremio.com\/br\/wp-json\/wp\/v2\/posts"}],"about":[{"href":"https:\/\/grandepremio.com\/br\/wp-json\/wp\/v2\/types\/post"}],"replies":[{"embeddable":true,"href":"https:\/\/grandepremio.com\/br\/wp-json\/wp\/v2\/comments?post=93673"}],"version-history":[{"count":0,"href":"https:\/\/grandepremio.com\/br\/wp-json\/wp\/v2\/posts\/93673\/revisions"}],"wp:featuredmedia":[{"embeddable":true,"href":"https:\/\/grandepremio.com\/br\/wp-json\/wp\/v2\/media\/1000759436"}],"wp:attachment":[{"href":"https:\/\/grandepremio.com\/br\/wp-json\/wp\/v2\/media?parent=93673"}],"wp:term":[{"taxonomy":"category","embeddable":true,"href":"https:\/\/grandepremio.com\/br\/wp-json\/wp\/v2\/categories?post=93673"},{"taxonomy":"post_tag","embeddable":true,"href":"https:\/\/grandepremio.com\/br\/wp-json\/wp\/v2\/tags?post=93673"},{"taxonomy":"42wp_author","embeddable":true,"href":"https:\/\/grandepremio.com\/br\/wp-json\/wp\/v2\/42wp_author?post=93673"}],"curies":[{"name":"wp","href":"https:\/\/api.w.org\/{rel}","templated":true}]}}