{"id":93747,"date":"2023-11-26T04:00:00","date_gmt":"2023-11-26T07:00:00","guid":{"rendered":"https:\/\/grandepremio.com\/br\/noticias\/briefing-faz-previa-gp-abu-dhabi-traz-ultimas-informacoes-antes-largada\/"},"modified":"2023-11-25T13:31:01","modified_gmt":"2023-11-25T16:31:01","slug":"briefing-faz-previa-gp-abu-dhabi-traz-ultimas-informacoes-antes-largada","status":"publish","type":"post","link":"https:\/\/grandepremio.com\/br\/f1\/briefing-faz-previa-gp-abu-dhabi-traz-ultimas-informacoes-antes-largada\/","title":{"rendered":"Briefing faz pr\u00e9via do GP de Abu Dhabi e traz \u00faltimas informa\u00e7\u00f5es antes da largada"},"content":{"rendered":"\n<p class=\"wp-block-paragraph\">\u00c9 dia de corrida na&nbsp;<strong><a href=\"https:\/\/www.grandepremio.com\/formula-1\/\" target=\"_blank\" rel=\"noreferrer noopener\">F\u00f3rmula 1<\/a><\/strong>! O&nbsp;<strong>GP de&nbsp;Abu Dhabi,<\/strong>&nbsp;22\u00aa e \u00faltima etapa da temporada 2023, est\u00e1 marcado para este domingo (26). Antes disso, o&nbsp;<strong>GRANDE PR\u00caMIO<\/strong>&nbsp;traz todas as informa\u00e7\u00f5es antes da largada no&nbsp;<strong>BRIEFING<\/strong>.<\/p>\n\n\n\n<p class=\"wp-block-paragraph\">A\u00a0<a href=\"https:\/\/formula1aovivo.com\/\" target=\"_blank\" rel=\"noreferrer noopener\"><\/a><a href=\"https:\/\/teleguiado.com\/\" target=\"_blank\" rel=\"noreferrer noopener\" class=\"ek-link\">transmiss\u00e3o<\/a>\u00a0\u00e9\u00a0<strong>AO VIVO<\/strong>\u00a0na\u00a0<strong>GPTV<\/strong>, o canal do GP no YouTube, a partir das 8h15 (de Bras\u00edlia, GMT-3).\u00a0<strong>Renato Ribeiro<\/strong>\u00a0apresenta, com\u00a0<strong>Pedro Henrique Marum e Pedro Prado<\/strong>\u00a0nos coment\u00e1rios. <strong>Pedro Luis Cuenca<\/strong> tamb\u00e9m faz participa\u00e7\u00e3o especial, falando da decis\u00e3o de t\u00edtulo da <strong>MotoGP<\/strong>, em <strong>Val\u00eancia<\/strong>.<\/p>\n\n\n\n<figure class=\"wp-block-image size-large\"><img decoding=\"async\" src=\"https:\/\/www.grandepremio.com\/br\/wp-content\/uploads\/2022\/11\/ferrari-carlossainz-afp-01-4-1024x683.jpg\" alt=\"\" class=\"wp-image-635413\"\/><figcaption class=\"wp-element-caption\">Carlos Sainz no ano passado, em Abu Dhabi (Foto: AFP)<\/figcaption><\/figure>\n\n\n\n<p class=\"wp-block-paragraph\">Ap\u00f3s a bandeirada final, o&nbsp;<strong>GRANDE PR\u00caMIO<\/strong>&nbsp;volta&nbsp;<a href=\"https:\/\/formula1aovivo.com\/\" target=\"_blank\" rel=\"noreferrer noopener\" class=\"ek-link\">ao vivo<\/a>&nbsp;para uma segunda edi\u00e7\u00e3o do Briefing. Nesta edi\u00e7\u00e3o, o assunto ser\u00e1 a repercuss\u00e3o da corrida, dos vitoriosos e derrotados. Al\u00e9m, claro, do \u2018Eis as Notas\u2019.<\/p>\n\n\n\n<p class=\"wp-block-paragraph\"><strong>\u25b6\ufe0f&nbsp;Inscreva-se nos dois canais do GRANDE PR\u00caMIO no YouTube:&nbsp;<a href=\"https:\/\/www.youtube.com\/channel\/UC9OlHEgxoaY6QY6nWPoiqQg?sub_confirmation=1\" target=\"_blank\" rel=\"noreferrer noopener\">GP<\/a>&nbsp;|&nbsp;<a href=\"https:\/\/www.youtube.com\/channel\/UC9csiS6q_C3C0FYhyr1rnFA?sub_confirmation=1\" target=\"_blank\" rel=\"noreferrer noopener\">GP2<\/a><\/strong><br><strong>\u25b6\ufe0f&nbsp;<a href=\"https:\/\/www.twitch.tv\/grandepremio\" target=\"_blank\" rel=\"noreferrer noopener\">Conhe\u00e7a o canal do GRANDE PR\u00caMIO na Twitch clicando aqui!<\/a><\/strong><\/p>\n\n\n\n<figure class=\"wp-block-embed is-type-video is-provider-youtube wp-block-embed-youtube wp-embed-aspect-16-9 wp-has-aspect-ratio\"><div class=\"wp-block-embed__wrapper\">\n<iframe loading=\"lazy\" title=\"F1 2023 em ABU DHABI: esquenta e pr\u00e9-corrida. Tudo sobre a final da MOTOGP | Briefing\" width=\"500\" height=\"281\" src=\"https:\/\/www.youtube.com\/embed\/z8KTInhTnaM?feature=oembed\" frameborder=\"0\" allow=\"accelerometer; autoplay; clipboard-write; encrypted-media; gyroscope; picture-in-picture; web-share\" referrerpolicy=\"strict-origin-when-cross-origin\" allowfullscreen><\/iframe>\n<\/div><\/figure>\n","protected":false},"excerpt":{"rendered":"<p>O GP de Abu Dhabi tem largada marcada para as 10h (de Bras\u00edlia, GMT-3). Antes, \u00e0s 8h15, o GRANDE PR\u00caMIO traz as \u00faltimas informa\u00e7\u00f5es da corrida<\/p>\n","protected":false},"author":0,"featured_media":1000635497,"comment_status":"closed","ping_status":"closed","sticky":false,"template":"","format":"standard","meta":{"42wp_featured_image_caption":"","42wp_featured_image_credits":"","42wp_featured_video":"","42wp_featured_image_hidden":false,"42wp_authors_list":[],"footnotes":""},"categories":[2],"tags":[3350,147,6533,180,30722,25424,37274,1491,28285,1901,37234],"42wp_author":[47149],"class_list":["post-93747","post","type-post","status-publish","format-standard","has-post-thumbnail","hentry","category-f1","tag-briefing","tag-f1","tag-f1-2023","tag-formula-1","tag-formula-1-2023","tag-gp-de-abu-dhabi","tag-gp-de-abu-dhabi-f1","tag-grande-premio","tag-grandepremio","tag-yas-marina","tag-yas-marina-2023","42wp_author-bernardo-castro"],"_links":{"self":[{"href":"https:\/\/grandepremio.com\/br\/wp-json\/wp\/v2\/posts\/93747","targetHints":{"allow":["GET"]}}],"collection":[{"href":"https:\/\/grandepremio.com\/br\/wp-json\/wp\/v2\/posts"}],"about":[{"href":"https:\/\/grandepremio.com\/br\/wp-json\/wp\/v2\/types\/post"}],"replies":[{"embeddable":true,"href":"https:\/\/grandepremio.com\/br\/wp-json\/wp\/v2\/comments?post=93747"}],"version-history":[{"count":0,"href":"https:\/\/grandepremio.com\/br\/wp-json\/wp\/v2\/posts\/93747\/revisions"}],"wp:featuredmedia":[{"embeddable":true,"href":"https:\/\/grandepremio.com\/br\/wp-json\/wp\/v2\/media\/1000635497"}],"wp:attachment":[{"href":"https:\/\/grandepremio.com\/br\/wp-json\/wp\/v2\/media?parent=93747"}],"wp:term":[{"taxonomy":"category","embeddable":true,"href":"https:\/\/grandepremio.com\/br\/wp-json\/wp\/v2\/categories?post=93747"},{"taxonomy":"post_tag","embeddable":true,"href":"https:\/\/grandepremio.com\/br\/wp-json\/wp\/v2\/tags?post=93747"},{"taxonomy":"42wp_author","embeddable":true,"href":"https:\/\/grandepremio.com\/br\/wp-json\/wp\/v2\/42wp_author?post=93747"}],"curies":[{"name":"wp","href":"https:\/\/api.w.org\/{rel}","templated":true}]}}