{"id":93818,"date":"2023-11-25T13:41:09","date_gmt":"2023-11-25T16:41:09","guid":{"rendered":"https:\/\/grandepremio.com\/br\/noticias\/francesco-bagnaia-precisa-5o-lugar-valencia-garantir-bi-motogp-confira-matematica\/"},"modified":"2023-11-25T13:44:31","modified_gmt":"2023-11-25T16:44:31","slug":"francesco-bagnaia-precisa-5o-lugar-valencia-garantir-bi-motogp-confira-matematica","status":"publish","type":"post","link":"https:\/\/grandepremio.com\/br\/motogp\/francesco-bagnaia-precisa-5o-lugar-valencia-garantir-bi-motogp-confira-matematica\/","title":{"rendered":"Bagnaia precisa de 5\u00ba lugar em Val\u00eancia para garantir bi da MotoGP. Confira matem\u00e1tica"},"content":{"rendered":"\n<p class=\"wp-block-paragraph\">Depois de 19 etapas, a <strong>MotoGP <\/strong>finalmente chega \u00e0 sua grande decis\u00e3o, no<strong> GP da Comunidade Valenciana<\/strong>. <strong>Francesco Bagnaia<\/strong> vai para a final com 442 pontos, apenas 14 a mais do que <strong>Jorge Mart\u00edn<\/strong>, que tem 428. Restam, por\u00e9m, mais 25 pontos em jogo na prova de Val\u00eancia.<\/p>\n\n\n\n<p class=\"wp-block-paragraph\">Agora, depois da vit\u00f3ria de Mart\u00edn na sprint, a matem\u00e1tica do t\u00edtulo fica muito simples. Basta uma quinta posi\u00e7\u00e3o para Pecco garantir o bicampeonato da classe rainha do Mundial, mas ainda existem muitas outras combina\u00e7\u00f5es de resultados.<\/p>\n\n\n\n<p class=\"wp-block-paragraph\">Al\u00e9m disso, o espanhol obrigatoriamente precisa chegar no p\u00f3dio para ter chances de levar o campeonato.<\/p>\n\n\n\n<p class=\"wp-block-paragraph\"><em>\u25cf Bagnaia ser\u00e1 campe\u00e3o se terminar em 5\u00ba ou melhor, independente do que fizer Mart\u00edn<br>\u25cf Bagnaia campe\u00e3o se terminar dentro do top-10 e Mart\u00edn n\u00e3o vencer<br>\u25cf Bagnaia campe\u00e3o se terminar em 14\u00ba ou melhor e Mart\u00edn fora do top-2<br>\u25cf Bagnaia campe\u00e3o se terminar \u00e0 frente de Mart\u00edn<\/em><\/p>\n\n\n\n<figure class=\"wp-block-image size-large\"><img decoding=\"async\" src=\"https:\/\/www.grandepremio.com\/br\/wp-content\/uploads\/2023\/11\/MotoGP-2023-Espanha-Valencia-Quinta-Francesco-Bagnaia-Jorge-Martin4-1024x682.jpg\" alt=\"\" class=\"wp-image-757469\"\/><figcaption class=\"wp-element-caption\">Francesco Bagnaia e Jorge Mart\u00edn brigam pelo t\u00edtulo (Foto: Divulga\u00e7\u00e3o\/MotoGP)<\/figcaption><\/figure>\n\n\n\n<p class=\"wp-block-paragraph\">As contas para Mart\u00edn s\u00e3o mais complicadas. Al\u00e9m de precisar chegar no p\u00f3dio, o piloto da Pramac ainda precisa contar com uma combina\u00e7\u00e3o de resultados para levar o in\u00e9dito t\u00edtulo da MotoGP.<\/p>\n\n\n\n<p class=\"wp-block-paragraph\"><em>\u25cf Mart\u00edn campe\u00e3o se vencer e Bagnaia terminar em 6\u00ba ou pior<br>\u25cf Mart\u00edn campe\u00e3o se for 2\u00ba e Bagnaia for 11\u00ba ou pior<br>\u25cf Mart\u00edn campe\u00e3o se for 3\u00ba e Bagnaia acabar em 15\u00ba ou pior<\/em><\/p>\n\n\n\n<p class=\"wp-block-paragraph\">O GP da Comunidade Valenciana, no circuito de&nbsp;<strong><a href=\"https:\/\/www.grandepremio.com\/br\/circuito\/valencia\" target=\"_blank\" rel=\"noreferrer noopener\">Val\u00eancia<\/a><\/strong>, acontece neste domingo, \u00e0s 11h (de Bras\u00edlia). O&nbsp;<strong>GRANDE PR\u00caMIO&nbsp;<\/strong>faz a cobertura completa do evento, assim como das outras classes do&nbsp;<strong>Mundial de&nbsp;<a href=\"https:\/\/www.grandepremio.com\/motovelocidade\/\" target=\"_blank\" rel=\"noreferrer noopener\">Motovelocidade<\/a><\/strong>.<\/p>\n\n\n\n<h2 class=\"wp-block-heading\" id=\"h-confira-a-classificacao-da-motogp-2023-apos-19-etapas\"><strong>Confira a classifica\u00e7\u00e3o da MotoGP 2023 ap\u00f3s 19 etapas:<\/strong><\/h2>\n\n\n\n<figure class=\"wp-block-table\"><table><tbody><tr><td>&nbsp;<\/td><td>&nbsp;<\/td><td>&nbsp;<\/td><td>Poles<\/td><td>Vit\u00f3rias Sprint<\/td><td>Vit\u00f3rias GP<\/td><td>Pontos<\/td><\/tr><tr><td>1<\/td><td>F BAGNAIA<\/td><td>Ducati<\/td><td>7<\/td><td>4<\/td><td>6<\/td><td>442<\/td><\/tr><tr><td>2<\/td><td>J MART\u00cdN<\/td><td>Pramac Ducati<\/td><td>4<\/td><td>9<\/td><td>4<\/td><td>428<\/td><\/tr><tr><td>3<\/td><td>M BEZZECCHI<\/td><td>VR46<\/td><td>3<\/td><td>1<\/td><td>2<\/td><td>329<\/td><\/tr><tr><td>4<\/td><td>B BINDER<\/td><td>KTM<\/td><td>&#8211;<\/td><td>2<\/td><td>&#8211;<\/td><td>277<\/td><\/tr><tr><td>5<\/td><td>J ZARCO<\/td><td>Pramac Ducati<\/td><td>&#8211;<\/td><td>&#8211;<\/td><td>1<\/td><td>205<\/td><\/tr><tr><td>6<\/td><td>A ESPARGAR\u00d3<\/td><td>Aprilia<\/td><td>1<\/td><td>1<\/td><td>2<\/td><td>198<\/td><\/tr><tr><td>7<\/td><td>M VI\u00d1ALES<\/td><td>Aprilia<\/td><td>1<\/td><td>&#8211;<\/td><td>&#8211;<\/td><td>198<\/td><\/tr><tr><td>8<\/td><td>L MARINI<\/td><td>VR46<\/td><td>2<\/td><td>&#8211;<\/td><td>&#8211;<\/td><td>194<\/td><\/tr><tr><td>9<\/td><td>\u00c1 M\u00c1RQUEZ<\/td><td>Gresini Ducati<\/td><td>&#8211;<\/td><td>2<\/td><td>&#8211;<\/td><td>167<\/td><\/tr><tr><td>10<\/td><td>F QUARTARARO<\/td><td>Yamaha<\/td><td>&#8211;<\/td><td>&#8211;<\/td><td>&#8211;<\/td><td>167<\/td><\/tr><tr><td>11<\/td><td>J MILLER<\/td><td>KTM<\/td><td>1<\/td><td>&#8211;<\/td><td>&#8211;<\/td><td>163<\/td><\/tr><tr><td>12<\/td><td>F DI GIANNANTONIO<\/td><td>Gresini Ducati<\/td><td>&#8211;<\/td><td>&#8211;<\/td><td>1<\/td><td>138<\/td><\/tr><tr><td>14<\/td><td>F MORBIDELLI<\/td><td>Yamaha<\/td><td>&#8211;<\/td><td>&#8211;<\/td><td>&#8211;<\/td><td>96<\/td><\/tr><tr><td>13<\/td><td>M M\u00c1RQUEZ<\/td><td>Honda<\/td><td>1<\/td><td>&#8211;<\/td><td>&#8211;<\/td><td>93<\/td><\/tr><tr><td>15<\/td><td>E BASTIANINI<\/td><td>Ducati<\/td><td>&#8211;<\/td><td>&#8211;<\/td><td>1<\/td><td>84<\/td><\/tr><tr><td>16<\/td><td>M OLIVEIRA<\/td><td>RNF APRILIA<\/td><td>&#8211;<\/td><td>&#8211;<\/td><td>&#8211;<\/td><td>76<\/td><\/tr><tr><td>17<\/td><td>A FERN\u00c1NDEZ<\/td><td>GasGas Tech3<\/td><td>&#8211;<\/td><td>&#8211;<\/td><td>&#8211;<\/td><td>71<\/td><\/tr><tr><td>18<\/td><td>\u00c1 RINS<\/td><td>LCR Honda<\/td><td>&#8211;<\/td><td>&#8211;<\/td><td>1<\/td><td>54<\/td><\/tr><tr><td>19<\/td><td>T NAKAGAMI<\/td><td>LCR Honda<\/td><td>&#8211;<\/td><td>&#8211;<\/td><td>&#8211;<\/td><td>52<\/td><\/tr><tr><td>20<\/td><td>R FERN\u00c1NDEZ<\/td><td>RNF APRILIA<\/td><td>&#8211;<\/td><td>&#8211;<\/td><td>&#8211;<\/td><td>40<\/td><\/tr><tr><td>21<\/td><td>D PEDROSA<\/td><td>KTM<\/td><td>&#8211;<\/td><td>&#8211;<\/td><td>&#8211;<\/td><td>32<\/td><\/tr><tr><td>22<\/td><td>J MIR<\/td><td>Honda<\/td><td>&#8211;<\/td><td>&#8211;<\/td><td>&#8211;<\/td><td>26<\/td><\/tr><tr><td>23<\/td><td>P ESPARGAR\u00d3<\/td><td>GasGas<\/td><td>&#8211;<\/td><td>&#8211;<\/td><td>&#8211;<\/td><td>13<\/td><\/tr><tr><td>24<\/td><td>L SAVADORI<\/td><td>Aprilia<\/td><td>&#8211;<\/td><td>&#8211;<\/td><td>&#8211;<\/td><td>9<\/td><\/tr><tr><td>25<\/td><td>J FOLGER<\/td><td>GasGas Tech3<\/td><td>&#8211;<\/td><td>&#8211;<\/td><td>&#8211;<\/td><td>9<\/td><\/tr><tr><td>26<\/td><td>S BRADL<\/td><td>Honda<\/td><td>&#8211;<\/td><td>&#8211;<\/td><td>&#8211;<\/td><td>8<\/td><\/tr><tr><td>27<\/td><td>M PIRRO<\/td><td>Ducati<\/td><td>&#8211;<\/td><td>&#8211;<\/td><td>&#8211;<\/td><td>5<\/td><\/tr><tr><td>28<\/td><td>D PETRUCCI<\/td><td>Ducati<\/td><td>&#8211;<\/td><td>&#8211;<\/td><td>&#8211;<\/td><td>5<\/td><\/tr><tr><td>29<\/td><td>C CRUTCHLOW<\/td><td>Yamaha<\/td><td>&#8211;<\/td><td>&#8211;<\/td><td>&#8211;<\/td><td>3<\/td><\/tr><tr><td>30<\/td><td>I LECUONA&nbsp;<\/td><td>Honda<\/td><td>&#8211;<\/td><td>&#8211;<\/td><td>&#8211;<\/td><td>0<\/td><\/tr><tr><td>31<\/td><td>A BAUTISTA<\/td><td>Ducati<\/td><td>&nbsp;&#8211;<\/td><td>&#8211;&nbsp;<\/td><td>&nbsp;&#8211;<\/td><td>0<\/td><\/tr><\/tbody><\/table><\/figure>\n\n\n\n<p class=\"wp-block-paragraph\"><strong>\u25b6\ufe0f&nbsp;Inscreva-se nos dois canais do GRANDE PR\u00caMIO no YouTube:&nbsp;<a href=\"https:\/\/www.youtube.com\/channel\/UC9OlHEgxoaY6QY6nWPoiqQg?sub_confirmation=1\" target=\"_blank\" rel=\"noreferrer noopener\">GP<\/a>&nbsp;|&nbsp;<a href=\"https:\/\/www.youtube.com\/channel\/UC9csiS6q_C3C0FYhyr1rnFA?sub_confirmation=1\" target=\"_blank\" rel=\"noreferrer noopener\">GP2<\/a><\/strong><br><strong>\u25b6\ufe0f&nbsp;<a href=\"https:\/\/www.twitch.tv\/grandepremio\" target=\"_blank\" rel=\"noreferrer noopener\">Conhe\u00e7a o canal do GRANDE PR\u00caMIO na Twitch clicando aqui!<\/a><\/strong><\/p>\n\n\n\n<figure class=\"wp-block-embed is-type-rich is-provider-spotify wp-block-embed-spotify wp-embed-aspect-21-9 wp-has-aspect-ratio\"><div class=\"wp-block-embed__wrapper\">\n<iframe title=\"Spotify Embed: Bagnaia X Mart\u00edn: MotoGP define campe\u00e3o na \u00faltima corrida de 2023 | Paddockast #181\" style=\"border-radius: 12px\" width=\"100%\" height=\"152\" frameborder=\"0\" allowfullscreen allow=\"autoplay; clipboard-write; encrypted-media; fullscreen; picture-in-picture\" loading=\"lazy\" src=\"https:\/\/open.spotify.com\/embed\/episode\/4gK84gnrQRWBrep3Gjq4Za?utm_source=oembed\"><\/iframe>\n<\/div><\/figure>\n","protected":false},"excerpt":{"rendered":"<p>Pecco Bagnaia sofreu um rev\u00e9s neste s\u00e1bado, com a vit\u00f3ria de Jorge Mart\u00edn na sprint em Val\u00eancia, mas o italiano da Ducati segue com 14 pontos de vantagem e a matem\u00e1tica a seu favor<\/p>\n","protected":false},"author":0,"featured_media":1000757464,"comment_status":"closed","ping_status":"closed","sticky":false,"template":"","format":"standard","meta":{"42wp_featured_image_caption":"","42wp_featured_image_credits":"","42wp_featured_video":"","42wp_featured_image_hidden":false,"42wp_authors_list":[],"footnotes":""},"categories":[8],"tags":[5214,2327,37237,28285,24704,79,78,27538,33202,33200,33201,25819,29345,28766,33203,26690,2716],"42wp_author":[47135],"class_list":["post-93818","post","type-post","status-publish","format-standard","has-post-thumbnail","hentry","category-motogp","tag-classificacao-motogp","tag-francesco-bagnaia","tag-gp-da-comunidade-valencia","tag-grandepremio","tag-jorge-martin","tag-moto-gp","tag-motogp","tag-motogp-2023","tag-motogp-2023-calendario","tag-motogp-calendario-2023","tag-motogp-classificacao-2023","tag-motogp-hoje","tag-motogp-horario","tag-motogp-standings","tag-onde-assistir-motogp-2023","tag-pilotos-motogp","tag-valencia","42wp_author-pedro-luis-cuenca"],"_links":{"self":[{"href":"https:\/\/grandepremio.com\/br\/wp-json\/wp\/v2\/posts\/93818","targetHints":{"allow":["GET"]}}],"collection":[{"href":"https:\/\/grandepremio.com\/br\/wp-json\/wp\/v2\/posts"}],"about":[{"href":"https:\/\/grandepremio.com\/br\/wp-json\/wp\/v2\/types\/post"}],"replies":[{"embeddable":true,"href":"https:\/\/grandepremio.com\/br\/wp-json\/wp\/v2\/comments?post=93818"}],"version-history":[{"count":0,"href":"https:\/\/grandepremio.com\/br\/wp-json\/wp\/v2\/posts\/93818\/revisions"}],"wp:featuredmedia":[{"embeddable":true,"href":"https:\/\/grandepremio.com\/br\/wp-json\/wp\/v2\/media\/1000757464"}],"wp:attachment":[{"href":"https:\/\/grandepremio.com\/br\/wp-json\/wp\/v2\/media?parent=93818"}],"wp:term":[{"taxonomy":"category","embeddable":true,"href":"https:\/\/grandepremio.com\/br\/wp-json\/wp\/v2\/categories?post=93818"},{"taxonomy":"post_tag","embeddable":true,"href":"https:\/\/grandepremio.com\/br\/wp-json\/wp\/v2\/tags?post=93818"},{"taxonomy":"42wp_author","embeddable":true,"href":"https:\/\/grandepremio.com\/br\/wp-json\/wp\/v2\/42wp_author?post=93818"}],"curies":[{"name":"wp","href":"https:\/\/api.w.org\/{rel}","templated":true}]}}