{"id":93863,"date":"2023-11-25T12:01:00","date_gmt":"2023-11-25T15:01:00","guid":{"rendered":"https:\/\/grandepremio.com\/br\/noticias\/max-verstappen-apaga-preocupacoes-conquista-pole-gp-de-abu-dhabi-formula-1-lewis-hamilton-cai-q2\/"},"modified":"2023-11-25T13:27:31","modified_gmt":"2023-11-25T16:27:31","slug":"max-verstappen-apaga-preocupacoes-conquista-pole-gp-de-abu-dhabi-formula-1-lewis-hamilton-cai-q2","status":"publish","type":"post","link":"https:\/\/grandepremio.com\/br\/f1\/max-verstappen-apaga-preocupacoes-conquista-pole-gp-de-abu-dhabi-formula-1-lewis-hamilton-cai-q2\/","title":{"rendered":"Verstappen apaga preocupa\u00e7\u00f5es e conquista pole do GP de Abu Dhabi. Hamilton cai no Q2"},"content":{"rendered":"\n<p class=\"wp-block-paragraph\"><strong>Extra! Extra! 11 pessoas enganadas!<\/strong> Quem conhece a frase, corriqueira da cultura popular brasileira por conta da s\u00e9rie mexicana &#8216;Chaves&#8217;, provavelmente pensou nela ao notar como se desenrolava a classifica\u00e7\u00e3o que formou grid de largada para o <strong>GP de Abu Dhabi<\/strong>, na manh\u00e3 deste s\u00e1bado (25). Depois de todas as dificuldades e reclama\u00e7\u00f5es dos treinos livres, <strong>Max Verstappen<\/strong> novamente colocou todo mundo no chinelo e conquistou a \u00faltima pole-position da temporada 2023 da <strong>F\u00f3rmula 1<\/strong>.<\/p>\n\n\n\n<p class=\"wp-block-paragraph\">Logo no Q1 j\u00e1 ficou claro que Verstappen sobrava para os demais. Tanto \u00e9 que, no fim das contas, no Q3, os rivais sequer usaram pneus novos para a primeira volta. Era melhor aceitar a derrota e poupar para a corrida. Desta feita, Verstappen garantiu a <strong>32\u00aa pole da carreira na F1 e 11\u00aa em 2023<\/strong>.<\/p>\n\n\n\n<p class=\"wp-block-paragraph\"><strong>Charles Leclerc<\/strong> \u00e9 quem larga ao lado de Verstappen na primeira fila, ap\u00f3s terminar 0s139 atr\u00e1s do pole e furar o que parecia uma for\u00e7a superior de <strong>Red Bull<\/strong> e <strong>McLaren<\/strong>.<\/p>\n\n\n\n<p class=\"wp-block-paragraph\"><strong>Oscar Piastri e George Russell<\/strong> formam a segunda fila, enquanto <strong>Lando Norris e Yuki Tsunoda<\/strong> largam na terceira. <strong>Sergio P\u00e9rez<\/strong> estaria entre os primeiros colocados, mas teve a \u00faltima volta r\u00e1pida deletada por desrespeitar os limites da pista e caiu para nono. F<strong>ernando Alonso e Nico H\u00fclkenberg<\/strong> ainda aparecem na frente dele, com <strong>Pierre Gasly<\/strong> em d\u00e9cimo.<\/p>\n\n\n\n<p class=\"wp-block-paragraph\"><strong>Lewis Hamilton<\/strong> voltou a ser eliminado antes do Q3 e larga apenas na 11\u00aa coloca\u00e7\u00e3o. \u00c9 a primeira vez desde 2014 que fica fora da fase final da classifica\u00e7\u00e3o em duas etapas seguidas. <strong>Carlos Sainz<\/strong> caiu ainda antes, no Q1, e larga somente no 16\u00ba posto com a <strong>Ferrari<\/strong>.<\/p>\n\n\n\n<p class=\"wp-block-paragraph\">O&nbsp;<strong>GRANDE PR\u00caMIO<\/strong>&nbsp;acompanha&nbsp;<a href=\"https:\/\/www.grandepremio.com\/br\/ao-vivo\/f1\/\" target=\"_blank\" rel=\"noreferrer noopener\"><strong>AO VIVO&nbsp;e&nbsp;EM&nbsp;<\/strong><\/a><a href=\"https:\/\/www.grandepremio.com\/br\/ao-vivo\/\" target=\"_blank\" rel=\"noreferrer noopener\"><strong>TEMPO REAL<\/strong><\/a>&nbsp;todas as atividades do GP de Abu Dhabi de&nbsp;<a href=\"https:\/\/www.grandepremio.com\/formula-1\/\" target=\"_blank\" rel=\"noreferrer noopener\"><\/a><strong><a href=\"https:\/\/www.grandepremio.com\/formula-1\/\" target=\"_blank\" rel=\"noreferrer noopener\">F\u00f3rmula 1<\/a><\/strong>. No domingo, a largada est\u00e1 programada para as 10h (de Bras\u00edlia, GMT-3).<\/p>\n\n\n\n<p class=\"wp-block-paragraph\">Em&nbsp;<strong>SEGUNDA TELA<\/strong>, o&nbsp;<strong>GP&nbsp;<\/strong>acompanha a etapa com transmiss\u00f5es da classifica\u00e7\u00e3o, da sprint e da corrida. Na sexta-feira, no s\u00e1bado e no domingo, o&nbsp;<strong>BRIEFING&nbsp;<\/strong>repercute tudo que acontece na etapa final da temporada 2023.<\/p>\n\n\n\n<figure class=\"wp-block-embed is-type-video is-provider-youtube wp-block-embed-youtube wp-embed-aspect-16-9 wp-has-aspect-ratio\"><div class=\"wp-block-embed__wrapper\">\n<iframe loading=\"lazy\" title=\"VERSTAPPEN POLE e HAMILTON FALHA DE NOVO: o grid de largada da F1 2023 em ABU DHABI | Briefing\" width=\"500\" height=\"281\" src=\"https:\/\/www.youtube.com\/embed\/cC-5DaCxsHk?feature=oembed\" frameborder=\"0\" allow=\"accelerometer; autoplay; clipboard-write; encrypted-media; gyroscope; picture-in-picture; web-share\" referrerpolicy=\"strict-origin-when-cross-origin\" allowfullscreen><\/iframe>\n<\/div><figcaption class=\"wp-element-caption\">\ud83d\udd34AO VIVO! F1 2023 em ABU DHABI: tudo sobre a CLASSIFICA\u00c7\u00c3O | Briefing<\/figcaption><\/figure>\n\n\n\n<h2 class=\"wp-block-heading\" id=\"h-confira-como-foi-a-classificacao\">Confira como foi a classifica\u00e7\u00e3o:<\/h2>\n\n\n\n<p class=\"wp-block-paragraph\">Hora de classificar e formar o grid para o GP de Abu Dhabi de F\u00f3rmula 1. O sol terminava de cair quando o rel\u00f3gio dos Emirados \u00c1rabes apontou 18h (11de Bras\u00edlia, GMT-3). <\/p>\n\n\n\n<p class=\"wp-block-paragraph\">Os term\u00f4metros, por sua vez, mostravam 27\u00b0C de temperatura ambiente e 33\u00b0C no asfalto, cerca de 10\u00b0C ao menos que no \u00faltima treino livre.<\/p>\n\n\n\n<p class=\"wp-block-paragraph\">As condi\u00e7\u00f5es noturnas em Abu Dhabi eram tanto quanto misteriosas para o s\u00e1bado, uma vez que, na sexta-feira, os acidentes de Carlos Sainz e Nico H\u00fclkenberg fizeram com que 35 dos 60 minutos acontecessem sem bandeira verde na pista. Charles Leclerc liderou, mas o qu\u00e3o real foi o resultado estava em d\u00favida.<\/p>\n\n\n\n<figure class=\"wp-block-image size-large\"><img decoding=\"async\" src=\"https:\/\/www.grandepremio.com\/br\/wp-content\/uploads\/2023\/11\/abu-dhabi-2023-f1-classificacao-red-bull-max-verstappen-afp-05-1024x683.jpg\" alt=\"\" class=\"wp-image-758700\"\/><figcaption class=\"wp-element-caption\">Verstappen surgiu na hora certa e garantiu a pole do GP de Abu Dhabi (Foto: AFP) <\/figcaption><\/figure>\n\n\n\n<h3 class=\"wp-block-heading\" id=\"h-q1-choque-sainz-e-eliminado-com-ferrari-verstappen-lidera\"><em>Q1 &#8211; Choque! Sainz \u00e9 eliminado com Ferrari. Verstappen lidera<\/em><\/h3>\n\n\n\n<p class=\"wp-block-paragraph\">Quando o pit-lane abriu e o cron\u00f4metro come\u00e7ou a contar os 18 minutos de Q1, por\u00e9m, ningu\u00e9m se interessou em sair ao tra\u00e7ado. Simplesmente, n\u00e3o havia viva alma que quisesse pegar a pista naqueles minutos iniciais. Desta feita, os pilotos continuavam de capacete e dentro do cockpit, mas sem que sa\u00edssem da garagem.<\/p>\n\n\n\n<p class=\"wp-block-paragraph\">Somente ap\u00f3s quatro minutos \u00e9 que o movimento saiu de zero. Max Verstappen, inclusive, deixou a garagem. O tricampe\u00e3o mundial ainda n\u00e3o mostrara a for\u00e7a do resto do ano em Abu Dhabi, com direito a reclama\u00e7\u00f5es constantes nos treinos livres e dist\u00e2ncia consider\u00e1vel para os l\u00edderes. Com tudo isso, at\u00e9 o piloto de desenvolvimento da Red Bull e campe\u00e3o da F\u00f3rmula E, Jake Dennis, foi flagrado ajudando os mec\u00e2nicos com o carro ap\u00f3s o TL3.<\/p>\n\n\n\n<p class=\"wp-block-paragraph\">A primeira volta r\u00e1pida veio das m\u00e3os de Logan Sargeant, mas o americano teve o tempo deletado por conta dos limites da pista. Max, oficialmente, ficou com a volta veloz inicial. A pista, \u00e0 essa altura, j\u00e1 estava lotada.<\/p>\n\n\n\n<figure class=\"wp-block-image size-large\"><img decoding=\"async\" src=\"https:\/\/www.grandepremio.com\/br\/wp-content\/uploads\/2023\/11\/abu-dhabi-2023-f1-treino-livre-red-bull-max-verstappen-afp-06-1024x682.jpg\" alt=\"\" class=\"wp-image-757996\"\/><figcaption class=\"wp-element-caption\">Verstappen ficou na frente do Q1 (Foto: AFP) <\/figcaption><\/figure>\n\n\n\n<p class=\"wp-block-paragraph\">Conforme a rodada de voltas r\u00e1pidas continuava, Verstappen se mantinha na dianteira com 1min24s160, enquanto Lando Norris aparecia na segunda coloca\u00e7\u00e3o e Leclerc era o terceiro. Lewis Hamilton n\u00e3o conseguia tirar grande coisa da Mercedes e aparecia em 13\u00ba entre os 18 que haviam anotado tempo. <\/p>\n\n\n\n<p class=\"wp-block-paragraph\">N\u00e3o que os outros tr\u00eas estivessem nos boxes: Sargeant, Guanyu Zhou e Nico H\u00fclkenberg tiveram voltas deletadas.<\/p>\n\n\n\n<p class=\"wp-block-paragraph\">A prepara\u00e7\u00e3o para a \u00faltima sequ\u00eancia de voltas r\u00e1pidas viu todo mundo entrar nos boxes com sete minutos restantes no Q1. Mas a Williams quis jogar outro jogo, chamou Alexander Albon um pouco antes e soltou na pista vazia. Naquela altura, o tailand\u00eas ocupava a quarta coloca\u00e7\u00e3o. Sargeant, que precisava do tempo, fez o mesmo em seguida. <\/p>\n\n\n\n<p class=\"wp-block-paragraph\">Ao menos quando passaram, cumpriram bem o objetivo: Logan foi para o quarto posto, com Albon em segundo. Mas a not\u00edcia chegou depois: novamente, Sargeant passou fora da pista e teve a volta deletada.<\/p>\n\n\n\n<figure class=\"wp-block-image size-large\"><img decoding=\"async\" src=\"https:\/\/www.grandepremio.com\/br\/wp-content\/uploads\/2023\/11\/abu-dhabi-2023-f1-classificacao-williams-logan-sargeant-afp-01-1024x683.jpg\" alt=\"\" class=\"wp-image-758621\"\/><figcaption class=\"wp-element-caption\">Logan Sargeant ficou sem volta cronometrada no Q1 (Foto: AFP) <\/figcaption><\/figure>\n\n\n\n<p class=\"wp-block-paragraph\">O restante da fila aparecia na sequ\u00eancia, portanto. E com a lembran\u00e7a da ordem expedida pela dire\u00e7\u00e3o de prova no s\u00e1bado: n\u00e3o era permitido ultrapassar na prociss\u00e3o da sa\u00edda do pit-lane. &#8220;Isso est\u00e1 desnecessariamente lento, n\u00e3o?&#8221;, questionou Verstappen, ap\u00f3s a s\u00e9rie de ultrapassagens que deu ao longo da fila no TL2.<\/p>\n\n\n\n<p class=\"wp-block-paragraph\">Conforme os pilotos abriam volta, estava evidente que a pista estava bem mais aderente e melhor para dar voltas lan\u00e7adas. Mas ningu\u00e9m superou Verstappen, na frente com 1min24s160. O \u00faltimo a completar volta r\u00e1pida foi Sergio P\u00e9rez, que estava na 16\u00aa coloca\u00e7\u00e3o, e fez o suficiente para ir ao segundo posto.<\/p>\n\n\n\n<p class=\"wp-block-paragraph\">Com a sa\u00edda da rabeira, P\u00e9rez empurrou Carlos Sainz para a zona de elimina\u00e7\u00e3o. &#8220;Tanto tr\u00e1fego na minha frente&#8221;, lamentou Sainz. De fato, o ferrarista pegou Pierre Gasly \u00e0 frente e acabou sem melhorar a volta. Elimina\u00e7\u00e3o chocante, mesmo com o pouco tempo de pista de Sainz por conta do acidente do dia anterior.<\/p>\n\n\n\n<p class=\"wp-block-paragraph\">Al\u00e9m de Verstappen e P\u00e9rez, o top-10 do Q1 teve Yuki Tsunoda, Albon, George Russell, Norris, Lance Stroll, H\u00fclkenberg, Lewis Hamilton e Leclerc. Os eliminados, nesta ordem, foram Sainz, Kevin Magnussen, Valtteri Bottas, Zhou e Sargeant, sem tempo.<\/p>\n\n\n\n<figure class=\"wp-block-image size-large\"><img decoding=\"async\" src=\"https:\/\/www.grandepremio.com\/br\/wp-content\/uploads\/2023\/11\/abu-dhabi-2023-f1-classificacao-ferrari-carlos-sainz-afp-01-1024x683.jpg\" alt=\"\" class=\"wp-image-758616\"\/><figcaption class=\"wp-element-caption\">Carlos Sainz caiu fora ainda no Q1 (Foto: AFP)<\/figcaption><\/figure>\n\n\n\n<h3 class=\"wp-block-heading\" id=\"h-q2-hamilton-volta-a-ser-eliminado-antes-da-hora-verstappen-termina-na-frente\"><em>Q2 &#8211; Hamilton volta a ser eliminado antes da hora. Verstappen termina na frente<\/em><\/h3>\n\n\n\n<p class=\"wp-block-paragraph\">Da mesma forma que no Q1, a expectativa na garagem deu lugar \u00e0 pista lotando como num passe de m\u00e1gica. E uma vez mais foi Verstappen quem comandou o pelot\u00e3o de sa\u00edda, conseguindo descer para a casa de 1min23s. A verdade que se apresentava era que, apesar das dificuldades dos treinos livres, a Red Bull tinha vantagem.<\/p>\n\n\n\n<p class=\"wp-block-paragraph\">Verstappen tinha 1min23s740 e vantagem de 0s180 para Norris, enquanto Sergio P\u00e9rez se lan\u00e7ava em 1min24s1. Da\u00ed para tr\u00e1s, ningu\u00e9m mais conseguia entrar no mesmo 0s5, mas Piastri era quem ficava com a quarta coloca\u00e7\u00e3o. Com isso, Red Bull e McLaren distanciavam um pouco mais de Mercedes e Ferrari.<\/p>\n\n\n\n<p class=\"wp-block-paragraph\">O \u00fanico que ainda n\u00e3o tinha volta r\u00e1pida registrada era H\u00fclkenberg. Assim como na primeira tentativa do Q1, o alem\u00e3o entrou agressivo demais numa das curvas e teve a volta deletada por conta dos limites de pista.<\/p>\n\n\n\n<figure class=\"wp-block-image size-large\"><img decoding=\"async\" src=\"https:\/\/www.grandepremio.com\/br\/wp-content\/uploads\/2023\/11\/abu-dhabi-2023-f1-classificacao-alphatauri-yuki-tsunoda-03-1024x683.jpg\" alt=\"\" class=\"wp-image-758614\"\/><figcaption class=\"wp-element-caption\">Yuki Tsunoda foi ao Q3 (Foto: Red Bull Content Pool)<\/figcaption><\/figure>\n\n\n\n<p class=\"wp-block-paragraph\">Novamente, conforme os pilotos come\u00e7avam a voltar para a pista em busca da \u00faltima volta no Q2, a Williams soltava Albon. Foi o suficiente para pular ao quinto posto. <\/p>\n\n\n\n<p class=\"wp-block-paragraph\">Restava torcer para ficar entre os dez, porque outros 13 ainda fariam outra tentativa.<\/p>\n\n\n\n<p class=\"wp-block-paragraph\">Assim como Albon, Verstappen estava na garagem conforme a pista esquentou com a tentativa derradeira. A Red Bull entendia que o tricampe\u00e3o j\u00e1 tinha o suficiente para avan\u00e7ar.<\/p>\n\n\n\n<p class=\"wp-block-paragraph\">Com a pista melhorando dramaticamente, ficou claro que Albon seria eliminado. Um a um, os oponentes batiam o tempo. Mas ningu\u00e9m superou Verstappen, que terminou o Q2 ainda na lideran\u00e7a.<\/p>\n\n\n\n<figure class=\"wp-block-image size-large\"><img decoding=\"async\" src=\"https:\/\/www.grandepremio.com\/br\/wp-content\/uploads\/2023\/11\/abu-dhabi-2023-f1-classificacao-haas-nico-hulkenberg-01-1024x683.jpg\" alt=\"\" class=\"wp-image-758648\"\/><figcaption class=\"wp-element-caption\">Nico H\u00fclkenberg avan\u00e7ou \u00e0 fase final da classifica\u00e7\u00e3o (Foto: Haas F1 Team)<\/figcaption><\/figure>\n\n\n\n<p class=\"wp-block-paragraph\">A dupla da Mercedes tinha de mostrar servi\u00e7o. Hamilton virou o suficiente para ficar no d\u00e9cimo posto, mas estava a perigo: qualquer um que melhorasse o tempo atr\u00e1s dele, eliminava o heptacampe\u00e3o. E a queda veio justamente com Russell, que foi 0s4 mais veloz e entrou confortavelmente.<\/p>\n\n\n\n<p class=\"wp-block-paragraph\">&#8220;H\u00e1 algo de errado com esse carro, cara&#8221;, lamentou. <\/p>\n\n\n\n<p class=\"wp-block-paragraph\">Hamilton, assim, ficou com o 11\u00ba posto. Atr\u00e1s dele, Esteban Ocon, Stroll, Albon e Daniel Ricciardo eram os outros eliminados.<\/p>\n\n\n\n<p class=\"wp-block-paragraph\">Enquanto isso, o top-10 que listava classificados ao Q3 pintava separado por 0s538 e era formado por Verstappen, Norris, Leclerc, Russell, Gasly, P\u00e9rez, Alonso, Tsunoda, H\u00fclkenberg e Piastri. Somente Red Bull e McLaren avan\u00e7aram com os dois carros.<\/p>\n\n\n\n<figure class=\"wp-block-image size-large\"><img decoding=\"async\" src=\"https:\/\/www.grandepremio.com\/br\/wp-content\/uploads\/2023\/11\/abu-dhabi-2023-f1-classificacao-mercedes-lewis-hamilton-afp-01-1024x683.jpg\" alt=\"\" class=\"wp-image-758693\"\/><figcaption class=\"wp-element-caption\">Lewis Hamilton foi eliminado no Q2 e larga no 11\u00ba lugar em Abu Dhabi (Foto: AFP)<\/figcaption><\/figure>\n\n\n\n<h3 class=\"wp-block-heading\" id=\"h-q3-sem-chances-verstappen-domina-e-conquista-pole-em-abu-dhabi\"><em>Q3 &#8211; Sem chances! Verstappen domina e conquista pole em Abu Dhabi<\/em><\/h3>\n\n\n\n<p class=\"wp-block-paragraph\">A fase final da classifica\u00e7\u00e3o j\u00e1 come\u00e7ou dando o gostinho do que seria: dom\u00ednio de Verstappen. E isso antes mesmo de voltas r\u00e1pidas. Apenas o tricampe\u00e3o mundial entrou na pista com pneus macios novos, enquanto todos os outros arriscaram come\u00e7ar com pneus usados e guardar um jogo para a corrida.<\/p>\n\n\n\n<p class=\"wp-block-paragraph\">Quando completaram a volta, ficou claro. Verstappen andou em 1min23s445 e colocou 0s371 em Norris, no segundo lugar. Piastri vinha na terceira posi\u00e7\u00e3o, ainda melhor que P\u00e9rez. Ali\u00e1s, &#8216;Checo&#8217; afirmou que a situa\u00e7\u00e3o era de &#8220;terr\u00edvel dirigibilidade&#8221;. Red Bull e McLaren realmente apareciam na frente.<\/p>\n\n\n\n<p class=\"wp-block-paragraph\">Na segunda tentativa de cada um, embora a briga tenha sido boa, foi mesmo uma briga pelo segundo lugar. Verstappen foi embora com mais uma pole, enquanto Leclerc ficou com a outra vaga da primeira fila. P\u00e9rez chegou a aparecer por ali, mas teve a volta deletada por conta dos limites de pista. Um feito de Leclerc, desbancar carros claramente melhores. Verstappen, uma vez mais, vai largar na frente em 2023.<\/p>\n\n\n\n<p class=\"wp-block-paragraph\"><strong>\u25b6\ufe0f&nbsp;Inscreva-se nos dois canais do GRANDE PR\u00caMIO no YouTube:&nbsp;<a href=\"https:\/\/www.youtube.com\/channel\/UC9OlHEgxoaY6QY6nWPoiqQg?sub_confirmation=1\" target=\"_blank\" rel=\"noreferrer noopener\">GP<\/a>&nbsp;|&nbsp;<a href=\"https:\/\/www.youtube.com\/channel\/UC9csiS6q_C3C0FYhyr1rnFA?sub_confirmation=1\" target=\"_blank\" rel=\"noreferrer noopener\">GP2<\/a><\/strong><br><strong>\u25b6\ufe0f&nbsp;<a href=\"https:\/\/www.twitch.tv\/grandepremio\" target=\"_blank\" rel=\"noreferrer noopener\">Conhe\u00e7a o canal do GRANDE PR\u00caMIO na Twitch clicando aqui!<\/a><\/strong><\/p>\n\n\n\n<h2 class=\"wp-block-heading\" id=\"h-f1-2023-gp-de-abu-dhabi-yas-marina-grid-de-largada\">F1 2023, GP de Abu Dhabi, Yas Marina, Grid de Largada:<\/h2>\n\n\n\n<figure class=\"wp-block-table\"><table><tbody><tr><td>1<\/td><td>M VERSTAPPEN<\/td><td>Red Bull Honda<\/td><td>1:23.445<\/td><td>&nbsp;<\/td><\/tr><tr><td>2<\/td><td>C LECLERC<\/td><td>Ferrari<\/td><td>1:23.584<\/td><td>+0.139<\/td><\/tr><tr><td>3<\/td><td>O PIASTRI<\/td><td>McLaren Mercedes<\/td><td>1:23.782<\/td><td>+0.337<\/td><\/tr><tr><td>4<\/td><td>G RUSSELL<\/td><td>Mercedes<\/td><td>1:23.788<\/td><td>+0.343<\/td><\/tr><tr><td>5<\/td><td>L NORRIS<\/td><td>McLaren Mercedes<\/td><td>1:23.816<\/td><td>+0.371<\/td><\/tr><tr><td>6<\/td><td>Y TSUNODA<\/td><td>AlphaTauri Honda<\/td><td>1:23.968<\/td><td>+0.523<\/td><\/tr><tr><td>7<\/td><td>F ALONSO<\/td><td>Aston Martin Mercedes<\/td><td>1:24.084<\/td><td>+0.639<\/td><\/tr><tr><td>8<\/td><td>N H\u00dcLKENBERG<\/td><td>Haas Ferrari<\/td><td>1:24.108<\/td><td>+0.663<\/td><\/tr><tr><td>9<\/td><td>S P\u00c9REZ<\/td><td>Red Bull Honda<\/td><td>1:24.171<\/td><td>+0.726<\/td><\/tr><tr><td>10<\/td><td>P GASLY<\/td><td>Alpine<\/td><td>1:24.548<\/td><td>+1.103<\/td><\/tr><tr><td>11<\/td><td>L HAMILTON<\/td><td>Mercedes<\/td><td>1:24.359<\/td><td>+0.914<\/td><\/tr><tr><td>12<\/td><td>E OCON<\/td><td>Alpine<\/td><td>1:24.391<\/td><td>+0.946<\/td><\/tr><tr><td>13<\/td><td>L STROLL<\/td><td>Aston Martin Mercedes<\/td><td>1:24.422<\/td><td>+0.977<\/td><\/tr><tr><td>14<\/td><td>A ALBON<\/td><td>Williams Mercedes<\/td><td>1:24.439<\/td><td>+0.994<\/td><\/tr><tr><td>15<\/td><td>D RICCIARDO<\/td><td>AlphaTauri Honda<\/td><td>1:29.442<\/td><td>+5.997<\/td><\/tr><tr><td>16<\/td><td>C SAINZ<\/td><td>Ferrari<\/td><td>1:24.738<\/td><td>+1.293<\/td><\/tr><tr><td>17<\/td><td>K MAGNUSSEN<\/td><td>Haas Ferrari<\/td><td>1:24.764<\/td><td>+1.319<\/td><\/tr><tr><td>18<\/td><td>V BOTTAS<\/td><td>Alfa Romeo Ferrari<\/td><td>1:24.788<\/td><td>+1.343<\/td><\/tr><tr><td>19<\/td><td>G ZHOU<\/td><td>Alfa Romeo Ferrari<\/td><td>1:25.159<\/td><td>+1.714<\/td><\/tr><tr><td>20<\/td><td>L SARGEANT<\/td><td>Williams Mercedes<\/td><td>\u2014<\/td><td>\u2014<\/td><\/tr><\/tbody><\/table><\/figure>\n\n\n\n<figure class=\"wp-block-embed is-type-video is-provider-youtube wp-block-embed-youtube wp-embed-aspect-4-3 wp-has-aspect-ratio\"><div class=\"wp-block-embed__wrapper\">\n<iframe loading=\"lazy\" title=\"F1 2023 em ABU DHABI: acompanhe a CLASSIFICA\u00c7\u00c3O no GRANDE PR\u00caMIO\" width=\"500\" height=\"281\" src=\"https:\/\/www.youtube.com\/embed\/MniZFyJtURw?feature=oembed\" frameborder=\"0\" allow=\"accelerometer; autoplay; clipboard-write; encrypted-media; gyroscope; picture-in-picture; web-share\" referrerpolicy=\"strict-origin-when-cross-origin\" allowfullscreen><\/iframe>\n<\/div><figcaption class=\"wp-element-caption\">\ud83d\udd34F1 2023 AO VIVO em ABU DHABI: acompanhe a CLASSIFICA\u00c7\u00c3O no GRANDE PR\u00caMIO<\/figcaption><\/figure>\n","protected":false},"excerpt":{"rendered":"<p>Max Verstappen enganou todo mundo! Ap\u00f3s as preocupa\u00e7\u00f5es ds treinos livres, o tricampe\u00e3o engoliu a concorr\u00eancia ficou com a pole em Abu Dhabi<\/p>\n","protected":false},"author":0,"featured_media":1000758696,"comment_status":"closed","ping_status":"closed","sticky":false,"template":"","format":"standard","meta":{"42wp_featured_image_caption":"","42wp_featured_image_credits":"","42wp_featured_video":"","42wp_featured_image_hidden":false,"42wp_authors_list":[],"footnotes":""},"categories":[2],"tags":[457,524,20491,309,546,209,211,302,6533,642,176,207,30722,800,25424,37256,1491,26123,30103,28285,3746,119,117,485,547,87,25553,203,90,82,1521,2916,676,204,3132,37042,612,215,597],"42wp_author":[47120],"class_list":["post-93863","post","type-post","status-publish","format-standard","has-post-thumbnail","hentry","category-f1","tag-alfa-romeo","tag-alphatauri","tag-alpine","tag-aston-martin","tag-carlos-sainz","tag-charles-leclerc","tag-daniel-ricciardo","tag-esteban-ocon","tag-f1-2023","tag-f1-ao-vivo","tag-fernando-alonso","tag-ferrari","tag-formula-1-2023","tag-george-russell","tag-gp-de-abu-dhabi","tag-gp-do-uae","tag-grande-premio","tag-grande-premio-ao-vivo","tag-grande-premio-f1","tag-grandepremio","tag-guanyu-zhou","tag-haas","tag-kevin-magnussen","tag-lance-stroll","tag-lando-norris","tag-lewis-hamilton","tag-logan-sargeant","tag-max-verstappen","tag-mclaren","tag-mercedes","tag-nico-hulkenberg","tag-oscar-piastri","tag-pierre-gasly","tag-red-bull","tag-sergio-perez","tag-transmissao-ao-vivo-f1","tag-valtteri-bottas","tag-williams","tag-yuki-tsunoda","42wp_author-pedro-henrique-marum"],"_links":{"self":[{"href":"https:\/\/grandepremio.com\/br\/wp-json\/wp\/v2\/posts\/93863","targetHints":{"allow":["GET"]}}],"collection":[{"href":"https:\/\/grandepremio.com\/br\/wp-json\/wp\/v2\/posts"}],"about":[{"href":"https:\/\/grandepremio.com\/br\/wp-json\/wp\/v2\/types\/post"}],"replies":[{"embeddable":true,"href":"https:\/\/grandepremio.com\/br\/wp-json\/wp\/v2\/comments?post=93863"}],"version-history":[{"count":0,"href":"https:\/\/grandepremio.com\/br\/wp-json\/wp\/v2\/posts\/93863\/revisions"}],"wp:featuredmedia":[{"embeddable":true,"href":"https:\/\/grandepremio.com\/br\/wp-json\/wp\/v2\/media\/1000758696"}],"wp:attachment":[{"href":"https:\/\/grandepremio.com\/br\/wp-json\/wp\/v2\/media?parent=93863"}],"wp:term":[{"taxonomy":"category","embeddable":true,"href":"https:\/\/grandepremio.com\/br\/wp-json\/wp\/v2\/categories?post=93863"},{"taxonomy":"post_tag","embeddable":true,"href":"https:\/\/grandepremio.com\/br\/wp-json\/wp\/v2\/tags?post=93863"},{"taxonomy":"42wp_author","embeddable":true,"href":"https:\/\/grandepremio.com\/br\/wp-json\/wp\/v2\/42wp_author?post=93863"}],"curies":[{"name":"wp","href":"https:\/\/api.w.org\/{rel}","templated":true}]}}