{"id":9394,"date":"2026-05-03T18:42:33","date_gmt":"2026-05-03T21:42:33","guid":{"rendered":"https:\/\/grandepremio.com\/br\/noticias\/red-bull-explica-estrategia-max-verstappen-gp-miami-precisavamos-arriscar\/"},"modified":"2026-05-03T18:46:02","modified_gmt":"2026-05-03T21:46:02","slug":"red-bull-explica-estrategia-max-verstappen-gp-miami-precisavamos-arriscar","status":"publish","type":"post","link":"https:\/\/grandepremio.com\/br\/f1\/red-bull-explica-estrategia-max-verstappen-gp-miami-precisavamos-arriscar\/","title":{"rendered":"Red Bull explica estrat\u00e9gia com Verstappen no GP de Miami: &#8220;Precis\u00e1vamos arriscar&#8221;"},"content":{"rendered":"\n<p class=\"wp-block-paragraph\"><strong>Laurent Mekies<\/strong> voltou a exaltar o trabalho feito pela <strong>Red Bull<\/strong> com as atualiza\u00e7\u00f5es e explicou a escolha estrat\u00e9gica adotada com <strong>Max Verstappen<\/strong> no <a href=\"https:\/\/www.grandepremio.com\/br\/f1\/noticias\/andrea-kimi-antonelli-neutraliza-ataque-lando-norris-seco-vence-gp-miami-gabriel-bortoleto-12o\/\"><strong>GP de Miami<\/strong> deste domingo (3)<\/a>, quarta etapa da temporada 2026 da <strong>F\u00f3rmula 1<\/strong>. Sobre <strong>Isack Hadjar<\/strong>, o dirigente negou que exista qualquer tipo de preocupa\u00e7\u00e3o com o desempenho abaixo do esperado neste fim de semana.<\/p>\n\n\n\n<p class=\"wp-block-paragraph\">Ao come\u00e7ar da segunda posi\u00e7\u00e3o, o neerland\u00eas ultrapassou <strong>Andrea Kimi Antonelli<\/strong> logo na largada, mas <a href=\"https:\/\/www.grandepremio.com\/br\/video\/f1\/max-verstappen-roda-largada-gp-de-miami-charles-leclerc-toma-lideranca-andrea-kimi-antonelli\/\">cometeu um erro sozinho<\/a> ao tentar se defender de <strong>Charles Leclerc<\/strong> na Curva 2 e despencou no grid. Para tentar coloc\u00e1-lo de volta na disputa, o time de Milton Keynes aproveitou o safety-car <a href=\"https:\/\/www.grandepremio.com\/br\/video\/f1\/isack-hadjar-se-enrola-tromba-muro-chicane-abandona-gp-miami-f1\/\">acionado poucas voltas depois<\/a> para cham\u00e1-lo aos boxes, trocando os pneus m\u00e9dios pelos duros.<\/p>\n\n\n\n<figure class=\"wp-block-embed is-type-video is-provider-youtube wp-block-embed-youtube wp-embed-aspect-16-9 wp-has-aspect-ratio\"><div class=\"wp-block-embed__wrapper\">\n<iframe loading=\"lazy\" title=\"F1 2026 EM MIAMI: ANTONELLI VENCE GP CA\u00d3TICO E LIDERA CLASSIFICA\u00c7\u00c3O  [narra\u00e7\u00e3o + Briefing]\" width=\"500\" height=\"281\" src=\"https:\/\/www.youtube.com\/embed\/EBfGSC58LoY?feature=oembed\" frameborder=\"0\" allow=\"accelerometer; autoplay; clipboard-write; encrypted-media; gyroscope; picture-in-picture; web-share\" referrerpolicy=\"strict-origin-when-cross-origin\" allowfullscreen><\/iframe>\n<\/div><\/figure>\n\n\n\n<h3 class=\"wp-block-heading has-vivid-red-color has-text-color has-link-color wp-elements-1\" id=\"h-gp-experience-o-novo-produto-do-grande-premio-conecta-voce-aos-maiores-eventos-de-esporte-a-motor-do-mundo-va-para-indianapolis-com-a-gente-saiba-aqui-todos-os-detalhes\"><strong>+ GP EXPERIENCE: o novo produto do GRANDE PR\u00caMIO conecta voc\u00ea aos maiores eventos de esporte a motor do mundo. V\u00e1 para Indian\u00e1polis com a gente:\u00a0<a href=\"https:\/\/gpexperience.tur.br\/\">saiba aqui todos os detalhes<\/a>.<\/strong><\/h3>\n\n\n\n<p class=\"wp-block-paragraph\">Embora tenha conseguido escalar o pelot\u00e3o, o alto desgaste da borracha fez o tetracampe\u00e3o ser superado por alguns rivais, tendo de se contentar com o quinto lugar na corrida. Em entrevista acompanhada pelo <strong>GRANDE PR\u00caMIO<\/strong>, Mekies explicou que a Red Bull precisava arriscar se quisesse terminar no p\u00f3dio.<\/p>\n\n\n\n<p class=\"wp-block-paragraph\">&#8220;Obviamente, n\u00e3o t\u00ednhamos planejado parar t\u00e3o cedo. Fizemos isso como rea\u00e7\u00e3o ao que aconteceu na primeira volta e por termos ficado fora de posi\u00e7\u00e3o ap\u00f3s o que ocorreu logo no in\u00edcio. Assumimos esse risco para tentar voltar a posi\u00e7\u00f5es mais fortes&#8221;, explicou. &#8220;Era uma tarefa muito dif\u00edcil completar 47 voltas com os pneus duros. E, no fim, faltaram algumas voltas para tornar isso mais eficaz. Mas faz parte do jogo. Precis\u00e1vamos assumir riscos depois da primeira volta \u2014 e foi isso que fizemos&#8221;, seguiu.<\/p>\n\n\n\n<p class=\"wp-block-paragraph\">O safety-car, inclusive, precisou ser acionado para que os fiscais de pista pudessem retirar o carro de Hadjar, que bateu sozinho na Curva 14. O franc\u00eas teve um fim de semana muito abaixo do esperado, ficando longe do ritmo de Verstappen em todas as atividades \u2014 algo, por\u00e9m, que o chefe da Red Bull afirmou que ainda n\u00e3o preocupa.<\/p>\n\n\n\n<figure class=\"wp-block-image size-large\"><img decoding=\"async\" src=\"https:\/\/www.grandepremio.com\/br\/wp-content\/uploads\/2026\/05\/miami-treino-livre-f1-2026-red-bull-isack-hadjar-01-1200x889.jpg\" alt=\"\" class=\"wp-image-1081436\"\/><figcaption class=\"wp-element-caption\">Chefe da Red Bull minimizou fim de semana dif\u00edcil de Isack Hadjar (Foto: Red Bull Content Pool)<\/figcaption><\/figure>\n\n\n\n<p class=\"wp-block-paragraph\">&#8220;N\u00e3o acho que devamos classificar isso como uma preocupa\u00e7\u00e3o. Tivemos um fim de semana dif\u00edcil. Para ser sincero, sabemos que n\u00e3o fizemos tudo perfeitamente \u2014 sem revelar muitos detalhes. Voc\u00eas provavelmente j\u00e1 perceberam que tivemos um d\u00e9ficit de desempenho em reta com este carro durante a maior parte do fim de semana, e isso n\u00e3o ajudou no desempenho geral&#8221;, pontuou.<\/p>\n\n\n\n<p class=\"wp-block-paragraph\">&#8220;Em termos de pilotagem e de ritmo, [Hadjar] foi entrando aos poucos no ritmo certo. Creio que teria sido forte na corrida, e foi forte dentro do pouco que conseguiu mostrar. Por isso, n\u00e3o acho que estejamos preocupados&#8221;, acrescentou Mekies, que voltou a celebrar o avan\u00e7o da equipe.<\/p>\n\n\n\n<p class=\"wp-block-paragraph\">&#8220;Claramente demos um passo \u00e0 frente. Sa\u00edmos do <strong>Jap\u00e3o<\/strong> a 1s2 do tempo da pole, na <strong>China<\/strong>, a 1s. A concorr\u00eancia n\u00e3o ia esperar por n\u00f3s com as atualiza\u00e7\u00f5es \u2014 todo mundo evoluiu o carro. Mas sab\u00edamos que, al\u00e9m da corrida de desenvolvimento, precis\u00e1vamos resolver alguns dos nossos problemas&#8221;, destacou.<\/p>\n\n\n\n<p class=\"wp-block-paragraph\">&#8220;Sab\u00edamos que havia tempo de volta a ser encontrado. Ver que neste fim de semana ficamos a 0s6 da pole na sexta-feira e a menos de 0s2 no s\u00e1bado \u00e9 um grande indicativo do tamanho do progresso. Qual desses n\u00fameros \u00e9 o mais representativo, n\u00e3o sabemos, mas, em compara\u00e7\u00e3o com onde est\u00e1vamos, \u00e9 algo muito melhor do que tudo o que mostramos at\u00e9 agora neste ano&#8221;, encerrou.<\/p>\n\n\n\n<figure class=\"wp-block-image size-large\"><img decoding=\"async\" src=\"https:\/\/www.grandepremio.com\/br\/wp-content\/uploads\/2026\/05\/miami-corrida-f1-2026-red-bull-max-verstappen-02-1-1200x800.jpg\" alt=\"\" class=\"wp-image-1083166\"\/><figcaption class=\"wp-element-caption\">Laurent Mekies tamb\u00e9m explicou estrat\u00e9gia com Max Verstappen (Foto: Red Bull Content Pool)<\/figcaption><\/figure>\n\n\n\n<p class=\"wp-block-paragraph\">A&nbsp;<strong>F\u00f3rmula 1<\/strong>&nbsp;volta de&nbsp;<strong>22 a 24 de maio<\/strong>, com o&nbsp;<strong>GP do Canad\u00e1<\/strong>, quinto da&nbsp;<strong>temporada 2026<\/strong>.<\/p>\n\n\n\n<p class=\"wp-block-paragraph\">\u25b6\ufe0f\u00a0<strong>Inscreva-se nos dois canais do GRANDE PR\u00caMIO no YouTube:\u00a0<a href=\"https:\/\/www.youtube.com\/channel\/UC9OlHEgxoaY6QY6nWPoiqQg?sub_confirmation=1\">GP<\/a>\u00a0|\u00a0<a href=\"https:\/\/www.youtube.com\/channel\/UC9csiS6q_C3C0FYhyr1rnFA?sub_confirmation=1\">GPTV<\/a><\/strong><\/p>\n\n\n\n<h2 class=\"wp-block-heading\" id=\"h-f1-hoje-saiba-aqui-as-noticias-mais-importantes-do-dia-da-formula-1\"><strong>F1 hoje: saiba aqui as not\u00edcias mais importantes do dia da F\u00f3rmula 1<\/strong><\/h2>\n\n\n\n<p class=\"wp-block-paragraph\">A reda\u00e7\u00e3o do&nbsp;<strong>GRANDE PR\u00caMIO<\/strong>&nbsp;selecionou as not\u00edcias mais importantes das \u00faltimas horas para voc\u00ea ficar por dentro de tudo que acontece na F1.<\/p>\n\n\n\n<p class=\"wp-block-paragraph\">\u25b6\ufe0f\u00a0<strong><a href=\"https:\/\/www.grandepremio.com\/br\/f1\/noticias\/andrea-kimi-antonelli-recoloca-mercedes-topo-pole-gp-miami-gabriel-bortoleto-ve-carro-pegar-fogo\/\"><\/a><a href=\"https:\/\/www.grandepremio.com\/br\/f1\/noticias\/andrea-kimi-antonelli-neutraliza-ataque-lando-norris-seco-vence-gp-miami-gabriel-bortoleto-12o\/\">Antonelli neutraliza ataque de Norris no seco e vence GP de Miami. Bortoleto \u00e9 12\u00ba<\/a><\/strong><br>\u25b6\ufe0f\u00a0<strong><a href=\"https:\/\/www.grandepremio.com\/br\/galeria\/f1\/f1-2026-como-ficou-o-grid-de-largada-do-gp-de-miami\/\"><\/a><a href=\"https:\/\/www.grandepremio.com\/br\/galeria\/f1\/f1-2026-como-ficou-a-classificacao-do-campeonato-apos-o-gp-de-miami\/\">F1 2026: como ficou a classifica\u00e7\u00e3o do campeonato ap\u00f3s o GP de Miami<\/a><\/strong><br>\u25b6\ufe0f\u00a0<strong><a href=\"https:\/\/www.grandepremio.com\/br\/f1\/noticias\/gabriel-bortoleto-volta-sofrer-classificacao-ve-audi-pegar-fogo-final-q1-miami\/\"><\/a><a href=\"https:\/\/www.grandepremio.com\/br\/f1\/noticias\/andrea-kimi-antonelli-vence-gp-miami-alcanca-feito-inedito-historia-formula-1\/\">Antonelli vence GP de Miami e alcan\u00e7a feito in\u00e9dito na hist\u00f3ria da F\u00f3rmula 1<\/a><\/strong><br>\u25b6\ufe0f\u00a0<a href=\"https:\/\/www.grandepremio.com\/br\/f1\/noticias\/andrea-kimi-antonelli-elogia-mercedes-otima-estrategia-miami-nao-estaria-aqui-sem-eles\/\"><strong>Antonelli elogia Mercedes por estrat\u00e9gia em Miami: \u201cN\u00e3o estaria aqui sem eles\u201d<\/strong><\/a><br>\u25b6\ufe0f\u00a0<a href=\"https:\/\/www.grandepremio.com\/br\/f1\/noticias\/lando-norris-lamenta-perda-vitoria-possivel-miami-estou-arrasado\/\"><strong>Norris lamenta perda de vit\u00f3ria \u201cque era poss\u00edvel\u201d em Miami: \u201cEstou arrasado\u201d<\/strong><\/a><br>\u25b6\ufe0f\u00a0<a href=\"https:\/\/www.grandepremio.com\/br\/f1\/noticias\/oscar-piastri-aprova-ritmo-mclaren-gp-miami-crava-animado-para-futuro\/\"><strong>Piastri aprova ritmo da McLaren no GP de Miami e crava: \u201cAnimado para o futuro\u201d<\/strong><\/a><\/p>\n","protected":false},"excerpt":{"rendered":"<p>Chefe da Red Bull, Laurent Mekies tamb\u00e9m analisou o fim de semana de Isack Hadjar em Miami e descartou qualquer tipo de preocupa\u00e7\u00e3o com a falta de desempenho do franc\u00eas<\/p>\n","protected":false},"author":0,"featured_media":1001082813,"comment_status":"closed","ping_status":"closed","sticky":false,"template":"","format":"standard","meta":{"42wp_featured_image_caption":"","42wp_featured_image_credits":"","42wp_featured_video":"","42wp_featured_image_hidden":false,"42wp_authors_list":[],"footnotes":""},"categories":[2],"tags":[26271,5273,896,147,29516,29148,180,31425,28995,873,34737,1491,28285,2834,30840,28104,10753,203,2470,45747,31473,35129,204,31470],"42wp_author":[47165,47160],"class_list":["post-9394","post","type-post","status-publish","format-standard","has-post-thumbnail","hentry","category-f1","tag-calendario-f1","tag-classificacao-f1","tag-estados-unidos","tag-f1","tag-f1-2026","tag-f1-hoje","tag-formula-1","tag-formula-1-2026","tag-formula-1-hoje","tag-gp-de-miami","tag-gp-de-miami-f1","tag-grande-premio","tag-grandepremio","tag-hard-rock-stadium","tag-horarios-f1","tag-isack-hadjar","tag-laurent-mekies","tag-max-verstappen","tag-miami","tag-miami-2026","tag-miami-f1","tag-onde-assistir-f1","tag-red-bull","tag-temporada-2026-f1","42wp_author-leonid-kluiev","42wp_author-vicente-soella"],"_links":{"self":[{"href":"https:\/\/grandepremio.com\/br\/wp-json\/wp\/v2\/posts\/9394","targetHints":{"allow":["GET"]}}],"collection":[{"href":"https:\/\/grandepremio.com\/br\/wp-json\/wp\/v2\/posts"}],"about":[{"href":"https:\/\/grandepremio.com\/br\/wp-json\/wp\/v2\/types\/post"}],"replies":[{"embeddable":true,"href":"https:\/\/grandepremio.com\/br\/wp-json\/wp\/v2\/comments?post=9394"}],"version-history":[{"count":0,"href":"https:\/\/grandepremio.com\/br\/wp-json\/wp\/v2\/posts\/9394\/revisions"}],"wp:featuredmedia":[{"embeddable":true,"href":"https:\/\/grandepremio.com\/br\/wp-json\/wp\/v2\/media\/1001082813"}],"wp:attachment":[{"href":"https:\/\/grandepremio.com\/br\/wp-json\/wp\/v2\/media?parent=9394"}],"wp:term":[{"taxonomy":"category","embeddable":true,"href":"https:\/\/grandepremio.com\/br\/wp-json\/wp\/v2\/categories?post=9394"},{"taxonomy":"post_tag","embeddable":true,"href":"https:\/\/grandepremio.com\/br\/wp-json\/wp\/v2\/tags?post=9394"},{"taxonomy":"42wp_author","embeddable":true,"href":"https:\/\/grandepremio.com\/br\/wp-json\/wp\/v2\/42wp_author?post=9394"}],"curies":[{"name":"wp","href":"https:\/\/api.w.org\/{rel}","templated":true}]}}