{"id":93948,"date":"2023-11-25T02:00:00","date_gmt":"2023-11-25T05:00:00","guid":{"rendered":"https:\/\/grandepremio.com\/br\/noticias\/classificacao-do-gp-da-comunidade-valenciana-de-motogp-vai-passar-na-tv-hoje\/"},"modified":"2023-11-23T16:57:12","modified_gmt":"2023-11-23T19:57:12","slug":"classificacao-do-gp-da-comunidade-valenciana-de-motogp-vai-passar-na-tv-hoje","status":"publish","type":"post","link":"https:\/\/grandepremio.com\/br\/motogp\/classificacao-do-gp-da-comunidade-valenciana-de-motogp-vai-passar-na-tv-hoje\/","title":{"rendered":"Classifica\u00e7\u00e3o do GP da Comunidade Valenciana de MotoGP vai passar na TV hoje?"},"content":{"rendered":"\n<p class=\"wp-block-paragraph\">A temporada\u00a0<strong>2023\u00a0<\/strong>do\u00a0<strong>Mundial de Motovelocidade<\/strong>\u00a0chega ao fim neste fim de semana com o GP da\u00a0<strong>Comunidade Valenciana<\/strong>. 20\u00aa etapa do campeonato, a corrida em\u00a0<strong>Cheste\u00a0<\/strong>define o campe\u00e3o da\u00a0<strong><a href=\"https:\/\/grandepremio.com\/motovelocidade\/\" target=\"_blank\" rel=\"noreferrer noopener\">MotoGP<\/a><\/strong>, j\u00e1 que\u00a0<strong><a href=\"https:\/\/www.grandepremio.com\/br\/piloto\/francesco-bagnaia\/\" target=\"_blank\" rel=\"noreferrer noopener\">Francesco Bagnaia<\/a>\u00a0<\/strong>e\u00a0<strong><a href=\"https:\/\/www.grandepremio.com\/br\/piloto\/jorge-martin\/\" target=\"_blank\" rel=\"noreferrer noopener\">Jorge Mart\u00edn<\/a>\u00a0<\/strong>chegam separados por 21 pontos, com 37 ainda em jogo.<\/p>\n\n\n\n<p class=\"wp-block-paragraph\">Neste s\u00e1bado (25), a\u00a0<strong>Moto3\u00a0<\/strong>rompe o sil\u00eancio na pista de\u00a0<strong>Cheste\u00a0<\/strong>\u00e0s 4h40, com o treino livre 3. A Moto2 faz a terceira sess\u00e3o do fim de semana \u00e0s 5h25, enquanto a\u00a0<a href=\"https:\/\/grandepremio.com\/motovelocidade\/\" target=\"_blank\" rel=\"noreferrer noopener\">MotoGP<\/a>\u00a0completa o \u00faltimo treino livre a partir de 6h10. O Q1 da classifica\u00e7\u00e3o est\u00e1 agendado para 6h50, com o Q2 a partir de 7h15.<\/p>\n\n\n\n<p class=\"wp-block-paragraph\">Depois de uma pausa, o Mundial volta com a classifica\u00e7\u00e3o da Moto3, a partir de 8h50. A Moto2 forma o grid a partir de 9h45. A largada da corrida sprint acontece \u00e0s 11h.<\/p>\n\n\n\n<p class=\"wp-block-paragraph\">No domingo, a\u00a0<a href=\"https:\/\/grandepremio.com\/motovelocidade\/\" target=\"_blank\" rel=\"noreferrer noopener\">MotoGP<\/a>\u00a0faz um warm-up de 10 minutos \u00e0s 6h40. A largada da Moto3 acontece \u00e0s 8h, seguida pela Moto2, \u00e0s 9h15. A largada para o GP da Comunidade Valenciana de MotoGP acontece \u00e0s 11h.<\/p>\n\n\n\n<figure class=\"wp-block-image size-large\"><img decoding=\"async\" src=\"https:\/\/www.grandepremio.com\/br\/wp-content\/uploads\/2020\/11\/Morbi-1024x682.jpg\" alt=\"\" class=\"wp-image-436446\"\/><figcaption class=\"wp-element-caption\">Val\u00eancia novamente recebe a etapa final do campeonato (Foto: Divulga\u00e7\u00e3o\/MotoGP)<\/figcaption><\/figure>\n\n\n\n<p class=\"wp-block-paragraph\"><strong>\u25b6\ufe0f&nbsp;Inscreva-se nos dois canais do GRANDE PR\u00caMIO no YouTube:&nbsp;<a href=\"https:\/\/www.youtube.com\/channel\/UC9OlHEgxoaY6QY6nWPoiqQg?sub_confirmation=1\" target=\"_blank\" rel=\"noreferrer noopener\">GP<\/a>&nbsp;|&nbsp;<a href=\"https:\/\/www.youtube.com\/channel\/UC9csiS6q_C3C0FYhyr1rnFA?sub_confirmation=1\" target=\"_blank\" rel=\"noreferrer noopener\">GP2<\/a><\/strong><br><strong>\u25b6\ufe0f&nbsp;<a href=\"https:\/\/www.twitch.tv\/grandepremio\" target=\"_blank\" rel=\"noreferrer noopener\">Conhe\u00e7a o canal do GRANDE PR\u00caMIO na Twitch clicando aqui!<\/a><\/strong><\/p>\n\n\n\n<p class=\"wp-block-paragraph\">A<strong>&nbsp;ESPN 4<\/strong>&nbsp;e o servi\u00e7o de&nbsp;<a href=\"https:\/\/teleguiado.com\/\" target=\"_blank\" rel=\"noreferrer noopener\">streaming<\/a>&nbsp;<strong>Star+<\/strong>&nbsp;exibem o Mundial de Motovelocidade no&nbsp;<strong>Brasil<\/strong>. Na sexta, a partir de 9h10, os canais da&nbsp;<strong>Disney&nbsp;<\/strong>exibem os segundos treinos das tr\u00eas classes. No s\u00e1bado, a transmiss\u00e3o come\u00e7a \u00e0s 6h, com o segundo treino livre da&nbsp;<a href=\"https:\/\/grandepremio.com\/motovelocidade\/\" target=\"_blank\" rel=\"noreferrer noopener\">MotoGP<\/a>. J\u00e1 o domingo, \u00e0s 7h45, a emissora inicia a exibi\u00e7\u00e3o das corridas.<\/p>\n\n\n\n<p class=\"wp-block-paragraph\">A narra\u00e7\u00e3o na ESPN fica por conta de&nbsp;<strong>Hamilton Rodrigues<\/strong>, com coment\u00e1rios de&nbsp;<strong>Fausto Macieira&nbsp;<\/strong>e&nbsp;<strong>Edgard Mello Filho<\/strong>.<\/p>\n\n\n\n<p class=\"wp-block-paragraph\">O f\u00e3 da\u00a0<a href=\"https:\/\/grandepremio.com\/motovelocidade\/\" target=\"_blank\" rel=\"noreferrer noopener\">MotoGP<\/a>\u00a0tamb\u00e9m tem a possibilidade de assistir todas as sess\u00f5es,\u00a0<a href=\"https:\/\/formula1aovivo.com\/\" target=\"_blank\" rel=\"noreferrer noopener\">ao vivo<\/a>, por meio do servi\u00e7o de\u00a0<a href=\"https:\/\/teleguiado.com\/\" target=\"_blank\" rel=\"noreferrer noopener\">streaming<\/a>\u00a0oficial da categoria, o\u00a0<strong>VideoPass<\/strong>, em ingl\u00eas. Em promo\u00e7\u00e3o de\u00a0<strong>Black Friday<\/strong>, o pacote com v\u00eddeo e cronometragem para o restante do campeonato de 2023 pode ser adquirido por \u20ac 10 (cerca de R$ 53,35).<\/p>\n\n\n\n<h3 class=\"wp-block-heading\" id=\"h-confira-os-horarios-do-gp-da-comunidade-valenciana\">Confira os hor\u00e1rios do GP da Comunidade Valenciana:<\/h3>\n\n\n\n<figure class=\"wp-block-table\"><table><tbody><tr><td><strong>DIA<\/strong><\/td><td><strong>CATEGORIA<\/strong><\/td><td><strong>SESS\u00c3O<\/strong><\/td><td><strong>HORA<\/strong><\/td><td><strong>NA TV<\/strong><\/td><\/tr><tr><td><strong>S\u00e1bado<\/strong><\/td><td>Moto3<\/td><td>Treino 3<\/td><td>4h40 \u2013 5h10<\/td><td>&nbsp;<\/td><\/tr><tr><td><strong>S\u00e1bado<\/strong><\/td><td>Moto2<\/td><td>Treino 3<\/td><td>5h25 \u2013 5h55<\/td><td>&nbsp;<\/td><\/tr><tr><td><strong>S\u00e1bado<\/strong><\/td><td>MotoGP<\/td><td>Treino livre 2<\/td><td>6h10 \u2013 6h40<\/td><td>\u2714\ufe0f<\/td><\/tr><tr><td><strong>S\u00e1bado<\/strong><\/td><td>MotoGP<\/td><td>Q1<\/td><td>6h50 \u2013 7h05<\/td><td>\u2714\ufe0f<\/td><\/tr><tr><td><strong>S\u00e1bado<\/strong><\/td><td>MotoGP<\/td><td>Q2<\/td><td>7h15 \u2013 7h30<\/td><td>\u2714\ufe0f<\/td><\/tr><tr><td><strong>S\u00e1bado<\/strong><\/td><td>Moto3<\/td><td>Q1<\/td><td>8h50 \u2013 9h05<\/td><td>\u2714\ufe0f<\/td><\/tr><tr><td><strong>S\u00e1bado<\/strong><\/td><td>Moto3<\/td><td>Q2<\/td><td>9h15 \u2013 9h30<\/td><td>\u2714\ufe0f<\/td><\/tr><tr><td><strong>S\u00e1bado<\/strong><\/td><td>Moto2<\/td><td>Q1<\/td><td>9h45 \u2013 10h<\/td><td>\u2714\ufe0f<\/td><\/tr><tr><td><strong>S\u00e1bado<\/strong><\/td><td>Moto2<\/td><td>Q2<\/td><td>10h10 \u2013 10h25<\/td><td>\u2714\ufe0f<\/td><\/tr><tr><td><strong>S\u00e1bado<\/strong><\/td><td>MotoGP<\/td><td>Corrida sprint<\/td><td>11h<\/td><td>\u2714\ufe0f<\/td><\/tr><tr><td><strong>Domingo<\/strong><\/td><td>MotoGP<\/td><td>Warm-Up<\/td><td>6h40 \u2013 6h50<\/td><td>&nbsp;<\/td><\/tr><tr><td><strong>Domingo<\/strong><\/td><td>Moto3<\/td><td>GP<\/td><td>8h<\/td><td>\u2714\ufe0f<\/td><\/tr><tr><td><strong>Domingo<\/strong><\/td><td>Moto2<\/td><td>GP<\/td><td>9h15<\/td><td>\u2714\ufe0f<\/td><\/tr><tr><td><strong>Domingo<\/strong><\/td><td>MotoGP<\/td><td>GP<\/td><td>11h<\/td><td>\u2714\ufe0f<\/td><\/tr><\/tbody><\/table><\/figure>\n\n\n\n<p class=\"wp-block-paragraph\"><strong>LEIA TAMB\u00c9M<br><\/strong>\ud83d\udccc\u00a0<strong><a href=\"https:\/\/www.grandepremio.com\/br\/motogp\/noticias\/francesco-bagnaia-tem-nova-chance-titulo-sprint-motogp-valencia-confira-matematica\/\">Bagnaia tem nova chance de t\u00edtulo na sprint da MotoGP em\u00a0<\/a><a href=\"https:\/\/es.grandepremio.com\/\" target=\"_blank\" rel=\"noreferrer noopener\">Val\u00eancia<\/a><a href=\"https:\/\/www.grandepremio.com\/br\/motogp\/noticias\/francesco-bagnaia-tem-nova-chance-titulo-sprint-motogp-valencia-confira-matematica\/\">. Confira matem\u00e1tica<\/a><\/strong><br>\ud83d\udccc\u00a0<strong><a href=\"https:\/\/www.grandepremio.com\/br\/motogp\/noticias\/classe-rainha-mundial-motovelocidade-decide-campeao-ultimo-gp-20a-vez\/\">Classe rainha do Mundial de Motovelocidade decide campe\u00e3o no \u00faltimo GP pela 20\u00aa vez<\/a><\/strong><br>\ud83d\udccc\u00a0<strong><a href=\"https:\/\/www.grandepremio.com\/br\/motogp\/noticias\/jorge-martin-x-historia-so-tres-pilotos-reverteram-deficit-pontos-final-classe-rainha\/\">Mart\u00edn x hist\u00f3ria: s\u00f3 tr\u00eas pilotos reverteram d\u00e9ficit de pontos na final da classe rainha<\/a><\/strong><br>\ud83d\udccc\u00a0<strong><a href=\"https:\/\/www.grandepremio.com\/br\/motogp\/noticias\/deficit-8-pontos-maior-ja-revertido-classe-rainha-mundial-motovelocidade\/\">D\u00e9ficit de 8 pontos foi maior j\u00e1 revertido no \u00faltimo GP na classe rainha do Mundial<\/a><\/strong><\/p>\n\n\n\n<p class=\"wp-block-paragraph\"><\/p>\n","protected":false},"excerpt":{"rendered":"<p>\u00daltima etapa da temporada 2023 acontece neste fim de semana, no circuito Ricardo Tormo, em Val\u00eancia<\/p>\n","protected":false},"author":0,"featured_media":1000639862,"comment_status":"closed","ping_status":"closed","sticky":false,"template":"","format":"standard","meta":{"42wp_featured_image_caption":"","42wp_featured_image_credits":"","42wp_featured_video":"","42wp_featured_image_hidden":false,"42wp_authors_list":[],"footnotes":""},"categories":[8],"tags":[22280,5214,37237,28285,79,78,27538,33202,33200,33201,25819,29345,28766,33203,26690,2716],"42wp_author":[47135],"class_list":["post-93948","post","type-post","status-publish","format-standard","has-post-thumbnail","hentry","category-motogp","tag-circuito-ricardo-tormo","tag-classificacao-motogp","tag-gp-da-comunidade-valencia","tag-grandepremio","tag-moto-gp","tag-motogp","tag-motogp-2023","tag-motogp-2023-calendario","tag-motogp-calendario-2023","tag-motogp-classificacao-2023","tag-motogp-hoje","tag-motogp-horario","tag-motogp-standings","tag-onde-assistir-motogp-2023","tag-pilotos-motogp","tag-valencia","42wp_author-pedro-luis-cuenca"],"_links":{"self":[{"href":"https:\/\/grandepremio.com\/br\/wp-json\/wp\/v2\/posts\/93948","targetHints":{"allow":["GET"]}}],"collection":[{"href":"https:\/\/grandepremio.com\/br\/wp-json\/wp\/v2\/posts"}],"about":[{"href":"https:\/\/grandepremio.com\/br\/wp-json\/wp\/v2\/types\/post"}],"replies":[{"embeddable":true,"href":"https:\/\/grandepremio.com\/br\/wp-json\/wp\/v2\/comments?post=93948"}],"version-history":[{"count":0,"href":"https:\/\/grandepremio.com\/br\/wp-json\/wp\/v2\/posts\/93948\/revisions"}],"wp:featuredmedia":[{"embeddable":true,"href":"https:\/\/grandepremio.com\/br\/wp-json\/wp\/v2\/media\/1000639862"}],"wp:attachment":[{"href":"https:\/\/grandepremio.com\/br\/wp-json\/wp\/v2\/media?parent=93948"}],"wp:term":[{"taxonomy":"category","embeddable":true,"href":"https:\/\/grandepremio.com\/br\/wp-json\/wp\/v2\/categories?post=93948"},{"taxonomy":"post_tag","embeddable":true,"href":"https:\/\/grandepremio.com\/br\/wp-json\/wp\/v2\/tags?post=93948"},{"taxonomy":"42wp_author","embeddable":true,"href":"https:\/\/grandepremio.com\/br\/wp-json\/wp\/v2\/42wp_author?post=93948"}],"curies":[{"name":"wp","href":"https:\/\/api.w.org\/{rel}","templated":true}]}}