{"id":93975,"date":"2023-11-24T14:27:25","date_gmt":"2023-11-24T17:27:25","guid":{"rendered":"https:\/\/grandepremio.com\/br\/noticias\/george-russell-dia-relativamente-bom-admite-nao-sabemos-como-estao-rivais\/"},"modified":"2023-11-24T14:30:13","modified_gmt":"2023-11-24T17:30:13","slug":"george-russell-dia-relativamente-bom-admite-nao-sabemos-como-estao-rivais","status":"publish","type":"post","link":"https:\/\/grandepremio.com\/br\/f1\/george-russell-dia-relativamente-bom-admite-nao-sabemos-como-estao-rivais\/","title":{"rendered":"Russell v\u00ea dia &#8220;relativamente bom&#8221;, mas admite: &#8220;N\u00e3o sabemos como est\u00e3o os rivais&#8221;"},"content":{"rendered":"\n<p class=\"wp-block-paragraph\">L\u00edder do TL1, <strong>George Russell<\/strong> <a href=\"https:\/\/www.grandepremio.com\/br\/f1\/noticias\/george-russell-lidera-tl1-cheio-novatos-sem-campeoes-formula-1-abu-dhabi-felipe-drugovich\/\" class=\"ek-link\">saiu da sexta-feira <\/a>(24) em <strong>Abu Dhabi<\/strong> sem ter qualquer ideia de onde a <strong>Mercedes <\/strong>est\u00e1 na ordem de for\u00e7as. \u00c9 que foi um dia ca\u00f3tico, com uma sess\u00e3o cheia de novatos e a outra praticamente rolando pela metade <a href=\"https:\/\/www.grandepremio.com\/br\/f1\/noticias\/charles-leclerc-lidera-tl2-bolso-abu-dhabi-marcado-acidentes-carlos-sainz-nico-hulkenberg-formula-1\/\" class=\"ek-link\">por conta de bandeiras vermelhas<\/a>. Para Russell, o clima \u00e9 de mist\u00e9rio nos <strong>Emirados \u00c1rabes<\/strong>.<\/p>\n\n\n\n<p class=\"wp-block-paragraph\">George falou que v\u00ea a Mercedes em um bom dia, valorizou o trabalho do novato <strong>Frederik Vesti<\/strong>, da <strong>F2<\/strong>, mas admitiu que tantos pilotos n\u00e3o-titulares juntos na pista mascararam muito as performances das equipes.<\/p>\n\n\n\n<p class=\"wp-block-paragraph\">&#8220;Foi uma sexta-feira, relativamente, positiva para n\u00f3s. O TL1 foi cheio de novatos, ent\u00e3o, n\u00e3o tivemos como ter uma vis\u00e3o completa de onde estamos em rela\u00e7\u00e3o ao ritmo. Mas o Vesti fez um bom trabalho e nos ajudou com informa\u00e7\u00f5es bem \u00fateis&#8221;, disse.<\/p>\n\n\n\n<p class=\"wp-block-paragraph\">Ainda tentando segurar o vice diante de uma Ferrari que vem 4 pontos abaixo, a Mercedes vai, segundo Russell, ter uma longa noite para evoluir o carro para a classifica\u00e7\u00e3o em Abu Dhabi.<\/p>\n\n\n\n<figure class=\"wp-block-image size-large\"><img decoding=\"async\" src=\"https:\/\/www.grandepremio.com\/br\/wp-content\/uploads\/2023\/11\/abu-dhabi-2023-f1-treino-livre-mercedes-george-russell-afp-01-1024x682.jpg\" alt=\"\" class=\"wp-image-757990\"\/><figcaption class=\"wp-element-caption\">George Russell n\u00e3o tem ideia do que achar da ordem de for\u00e7as em Abu Dhabi (Foto: AFP)<\/figcaption><\/figure>\n\n\n\n<p class=\"wp-block-paragraph\">&#8220;A\u00ed veio o TL2, que foi uma sess\u00e3o toda interrompida, n\u00e3o deu de novo para lermos os advers\u00e1rios, para termos uma fotografia exata das for\u00e7as. Temos muito a revisar durante a noite, mas esperamos estar em boa posi\u00e7\u00e3o para fechar a temporada&#8221;, completou.<\/p>\n\n\n\n<p class=\"wp-block-paragraph\">Russell vai fechar a temporada 2023 da <strong>F1 <\/strong><a href=\"https:\/\/www.grandepremio.com\/br\/f1\/classificacao\/\" class=\"ek-link\">na oitava posi\u00e7\u00e3o<\/a>. O brit\u00e2nico tem 160 pontos, 72 a menos que o companheiro, <strong>Lewis Hamilton<\/strong>.<\/p>\n\n\n\n<p class=\"wp-block-paragraph\">O\u00a0<strong>GRANDE PR\u00caMIO<\/strong>\u00a0acompanha\u00a0<a href=\"https:\/\/www.grandepremio.com\/br\/ao-vivo\/f1\/\" target=\"_blank\" rel=\"noreferrer noopener\"><strong>AO VIVO\u00a0e\u00a0EM\u00a0<\/strong><\/a><a href=\"https:\/\/www.grandepremio.com\/br\/ao-vivo\/\" target=\"_blank\" rel=\"noreferrer noopener\"><strong>TEMPO REAL<\/strong><\/a>\u00a0todas as atividades do GP de Abu Dhabi de\u00a0<a href=\"https:\/\/www.grandepremio.com\/formula-1\/\" target=\"_blank\" rel=\"noreferrer noopener\"><\/a><strong><a href=\"https:\/\/www.grandepremio.com\/formula-1\/\" target=\"_blank\" rel=\"noreferrer noopener\">F\u00f3rmula 1<\/a><\/strong>. O TL3 ser\u00e1 realizado \u00e0s 7h30 de s\u00e1bado, enquanto a classifica\u00e7\u00e3o acontece \u00e0s 11h. No domingo, a largada est\u00e1 programada para as 10h.<\/p>\n\n\n\n<p class=\"wp-block-paragraph\">Em&nbsp;<strong>SEGUNDA TELA<\/strong>, o&nbsp;<strong>GP&nbsp;<\/strong>acompanha a etapa com transmiss\u00f5es da classifica\u00e7\u00e3o, da sprint e da corrida. Na sexta-feira, no s\u00e1bado e no domingo, o&nbsp;<strong>BRIEFING&nbsp;<\/strong>repercute tudo que acontece na etapa final da temporada 2023.<\/p>\n\n\n\n<p class=\"wp-block-paragraph\"><strong>\u25b6\ufe0f\u00a0Inscreva-se nos dois canais do GRANDE PR\u00caMIO no YouTube:\u00a0<a href=\"https:\/\/www.youtube.com\/channel\/UC9OlHEgxoaY6QY6nWPoiqQg?sub_confirmation=1\" target=\"_blank\" rel=\"noreferrer noopener\">GP<\/a>\u00a0|\u00a0<a href=\"https:\/\/www.youtube.com\/channel\/UC9csiS6q_C3C0FYhyr1rnFA?sub_confirmation=1\" target=\"_blank\" rel=\"noreferrer noopener\">GP2<\/a><\/strong><br><strong>\u25b6\ufe0f\u00a0<a href=\"https:\/\/www.twitch.tv\/grandepremio\" target=\"_blank\" rel=\"noreferrer noopener\">Conhe\u00e7a o canal do GRANDE PR\u00caMIO na Twitch clicando aqui!<\/a><\/strong><\/p>\n\n\n\n<figure class=\"wp-block-embed is-type-video is-provider-youtube wp-block-embed-youtube wp-embed-aspect-16-9 wp-has-aspect-ratio\"><div class=\"wp-block-embed__wrapper\">\n<iframe loading=\"lazy\" title=\"LECLERC lidera sexta-feira. DRUGOVICH 2\u00ba no TL1: os treinos livres em Abu Dhabi | Briefing\" width=\"500\" height=\"281\" src=\"https:\/\/www.youtube.com\/embed\/xeZslpU0Sy4?feature=oembed\" frameborder=\"0\" allow=\"accelerometer; autoplay; clipboard-write; encrypted-media; gyroscope; picture-in-picture; web-share\" referrerpolicy=\"strict-origin-when-cross-origin\" allowfullscreen><\/iframe>\n<\/div><\/figure>\n","protected":false},"excerpt":{"rendered":"<p>George Russell chegou a liderar o TL1, mas reconheceu que o dia foi praticamente inconclusivo com tanto caos em Abu Dhabi<\/p>\n","protected":false},"author":0,"featured_media":1000757992,"comment_status":"closed","ping_status":"closed","sticky":false,"template":"","format":"standard","meta":{"42wp_featured_image_caption":"","42wp_featured_image_credits":"","42wp_featured_video":"","42wp_featured_image_hidden":false,"42wp_authors_list":[],"footnotes":""},"categories":[2],"tags":[26271,5273,147,6533,207,180,30722,800,25424,1491,28285,30840,87,82,35129,31447],"42wp_author":[47117],"class_list":["post-93975","post","type-post","status-publish","format-standard","has-post-thumbnail","hentry","category-f1","tag-calendario-f1","tag-classificacao-f1","tag-f1","tag-f1-2023","tag-ferrari","tag-formula-1","tag-formula-1-2023","tag-george-russell","tag-gp-de-abu-dhabi","tag-grande-premio","tag-grandepremio","tag-horarios-f1","tag-lewis-hamilton","tag-mercedes","tag-onde-assistir-f1","tag-temporada-2023-f1","42wp_author-gabriel-curty"],"_links":{"self":[{"href":"https:\/\/grandepremio.com\/br\/wp-json\/wp\/v2\/posts\/93975","targetHints":{"allow":["GET"]}}],"collection":[{"href":"https:\/\/grandepremio.com\/br\/wp-json\/wp\/v2\/posts"}],"about":[{"href":"https:\/\/grandepremio.com\/br\/wp-json\/wp\/v2\/types\/post"}],"replies":[{"embeddable":true,"href":"https:\/\/grandepremio.com\/br\/wp-json\/wp\/v2\/comments?post=93975"}],"version-history":[{"count":0,"href":"https:\/\/grandepremio.com\/br\/wp-json\/wp\/v2\/posts\/93975\/revisions"}],"wp:featuredmedia":[{"embeddable":true,"href":"https:\/\/grandepremio.com\/br\/wp-json\/wp\/v2\/media\/1000757992"}],"wp:attachment":[{"href":"https:\/\/grandepremio.com\/br\/wp-json\/wp\/v2\/media?parent=93975"}],"wp:term":[{"taxonomy":"category","embeddable":true,"href":"https:\/\/grandepremio.com\/br\/wp-json\/wp\/v2\/categories?post=93975"},{"taxonomy":"post_tag","embeddable":true,"href":"https:\/\/grandepremio.com\/br\/wp-json\/wp\/v2\/tags?post=93975"},{"taxonomy":"42wp_author","embeddable":true,"href":"https:\/\/grandepremio.com\/br\/wp-json\/wp\/v2\/42wp_author?post=93975"}],"curies":[{"name":"wp","href":"https:\/\/api.w.org\/{rel}","templated":true}]}}