{"id":94074,"date":"2023-11-24T08:38:04","date_gmt":"2023-11-24T11:38:04","guid":{"rendered":"https:\/\/grandepremio.com\/br\/noticias\/jack-doohan-crava-pole-f2-abu-dhabi-enzo-fittipaldi-10o-theo-pourchaire-14o\/"},"modified":"2023-11-24T09:13:13","modified_gmt":"2023-11-24T12:13:13","slug":"jack-doohan-crava-pole-f2-abu-dhabi-enzo-fittipaldi-10o-theo-pourchaire-14o","status":"publish","type":"post","link":"https:\/\/grandepremio.com\/br\/f2\/jack-doohan-crava-pole-f2-abu-dhabi-enzo-fittipaldi-10o-theo-pourchaire-14o\/","title":{"rendered":"Doohan se mete na briga e crava pole da F2 em Abu Dhabi. Fittipaldi \u00e9 10\u00ba e Pourchaire, 14\u00ba"},"content":{"rendered":"\n<p class=\"wp-block-paragraph\">Nem <strong>Th\u00e9o Pourchaire<\/strong>, nem <strong>Frederik Vesti<\/strong>, muito menos <strong>Ayumu Iwasa<\/strong>. Na classifica\u00e7\u00e3o desta sexta-feira (24), em <strong>Abu Dhabi<\/strong>, a pole-position para a corrida 2 da <strong>F\u00f3rmula 2<\/strong> ficou nas m\u00e3os de <strong>Jack Doohan<\/strong>. O australiano surgiu forte no fim e roubou a cena, enquanto entre os postulantes ao t\u00edtulo, apenas Iwasa conseguiu flertar com a lideran\u00e7a. <strong>Enzo Fittipaldi<\/strong> terminou em d\u00e9cimo e parte em primeiro no grid da sprint. <\/p>\n\n\n\n<p class=\"wp-block-paragraph\">No trecho final da classifica\u00e7\u00e3o, Doohan estabeleceu 1min35s703 como tempo a ser batido. O primeiro a tentar foi Iwasa, buscando manter vivas as chances remotas de t\u00edtulo. Depois, um r\u00e1pido <strong>Zane Maloney<\/strong> tamb\u00e9m perseguiu a lideran\u00e7a, mas foi em v\u00e3o. O \u00fanico que conseguiu bater a marca foi o pr\u00f3prio australiano da <strong>Virtuosi<\/strong>, que melhorou o giro e conquistou a pole-position com 1min35s567.<\/p>\n\n\n\n<p class=\"wp-block-paragraph\"><strong>Victor Martins<\/strong> ficou em segundo, seguido por <strong>Kush Maini<\/strong> e Maloney. Iwasa terminou em quinto, encerrando na classifica\u00e7\u00e3o a possibilidade de ser campe\u00e3o \u2014 teria de fazer os 39 pontos da rodada, sendo que a pole vale dois. <strong>Dennis Hauger<\/strong>, <strong>Richard Verschoor<\/strong>, <strong>Isack Hadjar<\/strong>, Vesti e Fittipaldi fecharam o top-10.<\/p>\n\n\n\n<p class=\"wp-block-paragraph\">O l\u00edder Pourchaire ter\u00e1 uma tarefa \u00e1rdua pela frente, pois ficou apenas em 14\u00ba, posi\u00e7\u00e3o que vale tanto no grid da sprint quanto na corrida de domingo. J\u00e1 Vesti larga em segundo na prova curta gra\u00e7as ao grid invertido. Fittipaldi ser\u00e1 o pole-position.<\/p>\n\n\n\n<p class=\"wp-block-paragraph\">A F\u00f3rmula 2 retorna neste <strong>s\u00e1bado <\/strong>(25), \u00e0s <strong>9h20<\/strong>, para a largada da corrida sprint. O <strong>GRANDE PR\u00caMIO<\/strong> acompanha todas as atividades.<\/p>\n\n\n\n<figure class=\"wp-block-image size-large\"><img decoding=\"async\" src=\"https:\/\/www.grandepremio.com\/br\/wp-content\/uploads\/2023\/11\/Vesti-e-Bearman-em-Abu-Dhabi-1024x576.jpg\" alt=\"\" class=\"wp-image-757572\"\/><figcaption class=\"wp-element-caption\">Duo da Prema em a\u00e7\u00e3o durante a classifica\u00e7\u00e3o da F2 em Abu Dhabi (Foto: reprodu\u00e7\u00e3o\/F1 TV)<\/figcaption><\/figure>\n\n\n\n<p class=\"wp-block-paragraph\"><strong>Confira como foi a classifica\u00e7\u00e3o da F2 em Abu Dhabi:<\/strong><\/p>\n\n\n\n<p class=\"wp-block-paragraph\">Ap\u00f3s quase longos tr\u00eas meses, os pilotos enfim partiram para o primeiro embate da final: a disputa pelos dois pontos da pole-position \u2014 resultado, ali\u00e1s, <a href=\"https:\/\/www.grandepremio.com\/br\/f2\/noticias\/theo-pourchaire-campeao-sprint-matematica-titulo-f2-2023\/\" class=\"ek-link\">que j\u00e1 deixaria Pourchaire em posi\u00e7\u00e3o ainda melhor na briga pelo t\u00edtulo<\/a>, uma vez que o franc\u00eas chegou em Abu Dhabi com 25 de frente para Vesti. Se ampliasse a vantagem para 27, jogaria toda a press\u00e3o em cima do piloto da Prema para a sprint.<\/p>\n\n\n\n<p class=\"wp-block-paragraph\">Nos term\u00f4metros, 28,1\u00b0C de temperatura ambiente, com o asfalto em 40,5\u00b0C e umidade relativa do ar em 57%. Calor, portanto, e a j\u00e1 costumeira preocupa\u00e7\u00e3o com o desgaste de pneus.<\/p>\n\n\n\n<p class=\"wp-block-paragraph\">Na primeira rodada de tempos, o estreante <strong>Paul Aron <\/strong>colocou a <strong>Trident <\/strong>no topo, ainda na casa de 1min39s, por\u00e9m os tempos de volta come\u00e7aram a baixar gradativamente. Primeiro, o estoniano oriundo da F3 foi superado pelo companheiro de equipe, <strong>Roman Stanek<\/strong>. Mais uma rodada, e Iwasa colocou-se \u00e0 frente com a <strong>DAMS<\/strong>, por\u00e9m viu o tempo de volta ser imediatamente superado por Martins, que estabeleceu 1min36s692 como marca a ser batida.<\/p>\n\n\n\n<p class=\"wp-block-paragraph\">Enquanto isso, Vesti era apenas o oitavo, com Pourchaire num distante 14\u00ba lugar, a 1s2 do companheiro de <strong>ART <\/strong>no topo da tabela. Na segunda tentativa, Vesti, conseguiu o melhor primeiro setor, mas perdeu tempo no seguinte, fechando o giro em 1min36s984, resultado que o fez subir para quarto.<\/p>\n\n\n\n<p class=\"wp-block-paragraph\">Martins, ent\u00e3o, bateu o pr\u00f3prio tempo em 0s3, cravando 1min36s351, enquanto Doohan surgiu a apenas 0s051 da marca do franc\u00eas, j\u00e1 ensaiando o bote do fim. Pourchaire, que instantes antes participara do TL1 da F1 com a Alfa Romeo, ainda passava longe do top-10, mas a dist\u00e2ncia para a melhor volta j\u00e1 baixava de 1s.<\/p>\n\n\n\n<p class=\"wp-block-paragraph\">De contrato renovado com a <strong>Red Bull<\/strong> <a href=\"https:\/\/www.grandepremio.com\/br\/f2\/noticias\/enzo-fittipaldi-mantem-apoio-futuro-academia-red-bull-2024-incerto\/\" class=\"ek-link\">para representar a marca em 2024<\/a>, Fittipaldi vinha em 11\u00ba, logo \u00e0 frente do companheiro de equipe, Maloney. Tamb\u00e9m estreante na F2, <strong>Franco Colapinto<\/strong> ocupava a 20\u00aa posi\u00e7\u00e3o com a MP a 15 minutos para o final da classifica\u00e7\u00e3o.<\/p>\n\n\n\n<p class=\"wp-block-paragraph\">Ap\u00f3s um instante nos boxes para troca de pneus, os pilotos retornaram \u00e0 pista com pouco menos de oito minutos no cron\u00f4metro na regressiva. Iwasa puxou a fila j\u00e1 baixando em 0s2 o tempo de Martins no primeiro setor. Pourchaire veio no embalo, com um tempo de volta bem pr\u00f3ximo ao do japon\u00eas. Mais um trecho e Iwasa manteve-se abaixo, por\u00e9m agora apenas 0s1, enquanto o l\u00edder do campeonato era 0s034 mais lento no segundo trecho. O piloto da DAMS, ent\u00e3o, conseguiu segurar o ritmo e pulou para a lideran\u00e7a com 1min36s085.<\/p>\n\n\n\n<p class=\"wp-block-paragraph\">Martins at\u00e9 tentou recuperar o posto, mas por 0s008 ficou com a moment\u00e2nea segunda posi\u00e7\u00e3o, logo \u00e0 frente um veloz Maloney. Mas eis que Doohan resolveu colocar um tempero a mais na briga do t\u00edtulo e voou na pista: 1min35s703, nada menos que 0s382 sobre Iwasa. De quebra, Maini ainda tirou &#8216;casca&#8217;, pulando para segundo.<\/p>\n\n\n\n<p class=\"wp-block-paragraph\">Iwasa, ent\u00e3o, resolveu manter suas remotas chances de t\u00edtulo vivas fazendo novamente o melhor primeiro setor, s\u00f3 que foi 0s2 acima de Doohan no segundo trecho. No final, nada de melhorar a volta, mantendo-se em quarto.<\/p>\n\n\n\n<p class=\"wp-block-paragraph\">S\u00f3 que conseguiu foi o pr\u00f3prio Doohan, numa performance impressionante de despedida \u2014 o filho de Mick Doohan <a href=\"https:\/\/www.grandepremio.com\/br\/f2\/noticias\/jack-doohan-confirma-saida-formula-2-teria-muito-perder-pouco-ganhar-2024\/\" class=\"ek-link\">j\u00e1 confirmou que n\u00e3o estar\u00e1 no grid da F2 em 2024<\/a>. Quanto \u00e0 disputa do t\u00edtulo, pimenta mais que merecida para a alegria dos torcedores, uma vez que Vesti ter\u00e1 uma bela oportunidade de descontar pontos de Pourchaire, enquanto o l\u00edder ter\u00e1 de fazer duas corridas de recupera\u00e7\u00e3o.<\/p>\n\n\n\n<p class=\"wp-block-paragraph\"><strong>\u25b6\ufe0f&nbsp;Inscreva-se nos dois canais do GRANDE PR\u00caMIO no YouTube:&nbsp;<a href=\"https:\/\/www.youtube.com\/channel\/UC9OlHEgxoaY6QY6nWPoiqQg?sub_confirmation=1\" target=\"_blank\" rel=\"noreferrer noopener\">GP<\/a>&nbsp;|&nbsp;<a href=\"https:\/\/www.youtube.com\/channel\/UC9csiS6q_C3C0FYhyr1rnFA?sub_confirmation=1\" target=\"_blank\" rel=\"noreferrer noopener\">GP2<\/a><\/strong><br><strong>\u25b6\ufe0f&nbsp;<a href=\"https:\/\/www.twitch.tv\/grandepremio\" target=\"_blank\" rel=\"noreferrer noopener\">Conhe\u00e7a o canal do GRANDE PR\u00caMIO na Twitch clicando aqui!<\/a><\/strong><\/p>\n\n\n\n<h2 class=\"wp-block-heading\" id=\"h-f2-2023-etapa-de-abu-dhabi-yas-marina-grid-de-largada\">F2 2023, etapa de Abu Dhabi, Yas Marina, grid de largada:<\/h2>\n\n\n\n<figure class=\"wp-block-table\"><table><tbody><tr><td>1<\/td><td>J DOOHAN<\/td><td>Virtuosi<\/td><td>1:35.567<\/td><td>&nbsp;<\/td><\/tr><tr><td>2<\/td><td>V MARTINS<\/td><td>ART<\/td><td>1:35.791<\/td><td>+0.224<\/td><\/tr><tr><td>3<\/td><td>K MAINI<\/td><td>Campos<\/td><td>1:35.976<\/td><td>+0.409<\/td><\/tr><tr><td>4<\/td><td>Z MALONEY<\/td><td>Carlin<\/td><td>1:36.065<\/td><td>+0.498<\/td><\/tr><tr><td>5<\/td><td>A IWASA<\/td><td>DAMS<\/td><td>1:36.085<\/td><td>+0.518<\/td><\/tr><tr><td>6<\/td><td>D HAUGER<\/td><td>MP<\/td><td>1:36.168<\/td><td>+0.601<\/td><\/tr><tr><td>7<\/td><td>R VERSCHOOR<\/td><td>Van Amersfoort<\/td><td>1:36.227<\/td><td>+0.660<\/td><\/tr><tr><td>8<\/td><td>I HADJAR<\/td><td>Hitech<\/td><td>1:36.230<\/td><td>+0.663<\/td><\/tr><tr><td>9<\/td><td>F VESTI<\/td><td>Prema<\/td><td>1:36.274<\/td><td>+0.707<\/td><\/tr><tr><td>10<\/td><td>E FITTIPALDI<\/td><td>Carlin<\/td><td>1:36.282<\/td><td>+0.715<\/td><\/tr><tr><td>11<\/td><td>J.M. CORREA<\/td><td>Van Amersfoort<\/td><td>1:36.324<\/td><td>+0.757<\/td><\/tr><tr><td>12<\/td><td>R NISSANY<\/td><td>PHM<\/td><td>1:36.373<\/td><td>+0.806<\/td><\/tr><tr><td>13<\/td><td>A LECLERC<\/td><td>DAMS<\/td><td>1:36.377<\/td><td>+0.810<\/td><\/tr><tr><td>14<\/td><td>T POURCHAIRE<\/td><td>ART<\/td><td>1:36.437<\/td><td>+0.870<\/td><\/tr><tr><td>15<\/td><td>R STANEK<\/td><td>Trident<\/td><td>1:36.449<\/td><td>+0.882<\/td><\/tr><tr><td>16<\/td><td>R BOSCHUNG<\/td><td>Campos<\/td><td>1:36.503<\/td><td>+0.936<\/td><\/tr><tr><td>17<\/td><td>O BEARMAN<\/td><td>Prema<\/td><td>1:36.620<\/td><td>+1.053<\/td><\/tr><tr><td>18<\/td><td>A CORDEEL<\/td><td>Virtuosi<\/td><td>1:36.648<\/td><td>+1.081<\/td><\/tr><tr><td>19<\/td><td>J CRAWFORD<\/td><td>Hitech<\/td><td>1:36.718<\/td><td>+1.151<\/td><\/tr><tr><td>20<\/td><td>F COLAPINTO<\/td><td>MP<\/td><td>1:37.231<\/td><td>+1.664<\/td><\/tr><tr><td>21<\/td><td>P ARON<\/td><td>Trident<\/td><td>1:37.391<\/td><td>+1.824<\/td><\/tr><tr><td>22<\/td><td>J MASON<\/td><td>PHM<\/td><td>1:38.159<\/td><td>+2.592<\/td><\/tr><\/tbody><\/table><\/figure>\n","protected":false},"excerpt":{"rendered":"<p>Nem Th\u00e9o Pourchaire, nem Frederik Vesti, muito menos Ayumu Iwasa. A pole-position para a corrida 2 da F2 em Abu Dhabi \u00e9 de Jack Doohan. Enzo Fittipaldi parte em primeiro no grid da sprint<\/p>\n","protected":false},"author":0,"featured_media":1000757577,"comment_status":"closed","ping_status":"closed","sticky":false,"template":"","format":"standard","meta":{"42wp_featured_image_caption":"","42wp_featured_image_credits":"","42wp_featured_video":"","42wp_featured_image_hidden":false,"42wp_authors_list":[],"footnotes":""},"categories":[9],"tags":[30624,6086,3158,30246,1581,409,29651,2208,25440,1318,1491,596,35911,107,32107,4606,29923,35030,25439,32749,349,2205,33070,26543,799,31651,25479,2204,33975,486,30312,1901,37234,37232,28107],"42wp_author":[47147],"class_list":["post-94074","post","type-post","status-publish","format-standard","has-post-thumbnail","hentry","category-f2","tag-amaury-cordeel","tag-art","tag-campos","tag-classificacao-f2","tag-dennis-hauger","tag-enzo-fittipaldi","tag-f2-2022","tag-formula-2","tag-franco-colapinto","tag-frederik-vesti","tag-grande-premio","tag-jack-doohan","tag-joshua-mason","tag-juan-manuel-correa","tag-kush-maini","tag-mp","tag-oliver-bearman","tag-onde-assistir-f2","tag-paul-aron","tag-phm","tag-prema","tag-ralph-boschung","tag-rodada-de-abu-dhabi","tag-roman-stanek","tag-roy-nissany","tag-temporada-2022-f2","tag-theo-pourchaire","tag-trident","tag-van-amersfoot","tag-victor-martins","tag-virtuosi","tag-yas-marina","tag-yas-marina-2023","tag-yas-marina-f2","tag-zane-maloney","42wp_author-luana-marino"],"_links":{"self":[{"href":"https:\/\/grandepremio.com\/br\/wp-json\/wp\/v2\/posts\/94074","targetHints":{"allow":["GET"]}}],"collection":[{"href":"https:\/\/grandepremio.com\/br\/wp-json\/wp\/v2\/posts"}],"about":[{"href":"https:\/\/grandepremio.com\/br\/wp-json\/wp\/v2\/types\/post"}],"replies":[{"embeddable":true,"href":"https:\/\/grandepremio.com\/br\/wp-json\/wp\/v2\/comments?post=94074"}],"version-history":[{"count":0,"href":"https:\/\/grandepremio.com\/br\/wp-json\/wp\/v2\/posts\/94074\/revisions"}],"wp:featuredmedia":[{"embeddable":true,"href":"https:\/\/grandepremio.com\/br\/wp-json\/wp\/v2\/media\/1000757577"}],"wp:attachment":[{"href":"https:\/\/grandepremio.com\/br\/wp-json\/wp\/v2\/media?parent=94074"}],"wp:term":[{"taxonomy":"category","embeddable":true,"href":"https:\/\/grandepremio.com\/br\/wp-json\/wp\/v2\/categories?post=94074"},{"taxonomy":"post_tag","embeddable":true,"href":"https:\/\/grandepremio.com\/br\/wp-json\/wp\/v2\/tags?post=94074"},{"taxonomy":"42wp_author","embeddable":true,"href":"https:\/\/grandepremio.com\/br\/wp-json\/wp\/v2\/42wp_author?post=94074"}],"curies":[{"name":"wp","href":"https:\/\/api.w.org\/{rel}","templated":true}]}}