{"id":94099,"date":"2023-11-24T07:10:03","date_gmt":"2023-11-24T10:10:03","guid":{"rendered":"https:\/\/grandepremio.com\/br\/noticias\/mclaren-renova-contrato-corre-motor-mercedes-formula-1-2030\/"},"modified":"2023-11-24T09:02:55","modified_gmt":"2023-11-24T12:02:55","slug":"mclaren-renova-contrato-corre-motor-mercedes-formula-1-2030","status":"publish","type":"post","link":"https:\/\/grandepremio.com\/br\/f1\/mclaren-renova-contrato-corre-motor-mercedes-formula-1-2030\/","title":{"rendered":"McLaren renova contrato e corre com motor Mercedes na F\u00f3rmula 1 at\u00e9 2030"},"content":{"rendered":"\n<p class=\"wp-block-paragraph\">A <strong>McLaren <\/strong>renovou o recente acordo de motores com a <strong>Mercedes <\/strong>at\u00e9 a <strong>temporada 2030 da F\u00f3rmula 1<\/strong>. O an\u00fancio foi feito na manh\u00e3 desta sexta-feira (24), pouco antes do in\u00edcio do treino livre 1 de <strong>Abu Dhabi<\/strong>, o que significa que, ao fim, ser\u00e3o nada menos que 30 anos de parceria entre as marcas na categoria.<\/p>\n\n\n\n<p class=\"wp-block-paragraph\">O an\u00fancio tamb\u00e9m representa que a McLaren passa a ser oficialmente a primeira cliente da Mercedes para a nova era de motores da F1, que entra em vigor a partir da temporada 2026. As unidades de pot\u00eancia ter\u00e3o a parte eletr\u00f4nica ampliada e ser\u00e3o fabricadas para trabalhar com combust\u00edvel sustent\u00e1vel.<\/p>\n\n\n\n<p class=\"wp-block-paragraph\">O time de Woking voltou a competir com motores Mercedes em 2021, depois de um per\u00edodo longo de parceria de 1995 a 2014. Depois, a McLaren correu com propulsores <strong>Honda <\/strong>e <strong>Renault <\/strong>por tr\u00eas temporadas cada at\u00e9 retornar a Brackley. <\/p>\n\n\n\n<figure class=\"wp-block-image size-large\"><img decoding=\"async\" src=\"https:\/\/www.grandepremio.com\/br\/wp-content\/uploads\/2023\/11\/las-vegas-2023-f1-treino-livre-mclaren-lando-norris-afp-01-2-1024x682.jpg\" alt=\"\" class=\"wp-image-755018\"\/><figcaption class=\"wp-element-caption\"> 2030 representar\u00e1 o 30\u00ba ano da parceria McLaren\/Mercedes (Foto: AFP)<\/figcaption><\/figure>\n\n\n\n<p class=\"wp-block-paragraph\">Chefe da Mercedes, <strong>Toto Wolff<\/strong> disse que &#8220;trabalhar com equipes fortes como clientes tem sido uma pedra angular em nossa estrat\u00e9gia de automobilismo&#8221;. &#8220;Isso traz muitas vantagens: proporciona uma refer\u00eancia competitiva clara, acelera nosso aprendizado t\u00e9cnico e fortalece os neg\u00f3cios gerais na F1 para a Mercedes-Benz. A McLaren tem sido uma competidora feroz e justa desde 2021, especialmente na segunda metade desta temporada. O forte desempenho dela sublinha a import\u00e2ncia do fornecimento transparente e igualit\u00e1rio a todas as equipes clientes, se quisermos ter as dez em condi\u00e7\u00f5es de brigar pelo p\u00f3dio&#8221;, salientou.<\/p>\n\n\n\n<p class=\"wp-block-paragraph\"><strong>Zak Brown<\/strong>, CEO da McLaren, classificou a extens\u00e3o de contrato como reflexo &#8220;da confian\u00e7a que nossos acionistas e a equipe t\u00eam nos motores e na dire\u00e7\u00e3o que estamos tomando com eles para o pr\u00f3ximo regulamento&#8221;.<\/p>\n\n\n\n<p class=\"wp-block-paragraph\">&#8220;Tivemos sucesso juntos, tanto nas \u00faltimas tr\u00eas temporadas como no per\u00edodo anterior, por isso estamos ansiosos pelo sucesso que est\u00e1 por vir enquanto continuamos nossa caminhada para brigar de forma consistente na frente do grid&#8221;, completou Brown.<\/p>\n\n\n\n<p class=\"wp-block-paragraph\">Por fim, <strong>Andrea Stella<\/strong>, chefe da equipe inglesa, tamb\u00e9m celebrou a manuten\u00e7\u00e3o da Mercedes como fornecedora de motores. &#8220;Temos grande confian\u00e7a na Mercedes e em nossa rela\u00e7\u00e3o com eles. Eles apoiaram nosso regresso \u00e0 frente do grid, e a seguran\u00e7a e a estabilidade que esta parceria traz s\u00e3o vitais para garantir que permane\u00e7amos nesta trajet\u00f3ria ascendente&#8221;, concluiu.<\/p>\n\n\n\n<p class=\"wp-block-paragraph\">O\u00a0<strong>GRANDE PR\u00caMIO<\/strong>\u00a0acompanha\u00a0<a href=\"https:\/\/www.grandepremio.com\/br\/ao-vivo\/f1\/\" target=\"_blank\" rel=\"noreferrer noopener\"><strong>AO VIVO\u00a0e\u00a0EM\u00a0<\/strong><\/a><a href=\"https:\/\/www.grandepremio.com\/br\/ao-vivo\/\" target=\"_blank\" rel=\"noreferrer noopener\"><strong>TEMPO REAL<\/strong><\/a>\u00a0todas as atividades do GP de Abu Dhabi de\u00a0<a href=\"https:\/\/www.grandepremio.com\/formula-1\/\" target=\"_blank\" rel=\"noreferrer noopener\"><\/a><strong><a href=\"https:\/\/www.grandepremio.com\/formula-1\/\" target=\"_blank\" rel=\"noreferrer noopener\">F\u00f3rmula 1<\/a><\/strong>. Na sexta-feira, o TL2 come\u00e7a \u00e0s 10h (de Bras\u00edlia); no s\u00e1bado, o TL3 inicia \u00e0s 7h30, com a classifica\u00e7\u00e3o \u00e0s 11h. Por fim, a largada, no domingo, est\u00e1 programada para as 10h. Em\u00a0<strong>SEGUNDA TELA<\/strong>, o\u00a0<strong>GP\u00a0<\/strong>acompanha a etapa com transmiss\u00f5es da classifica\u00e7\u00e3o, da sprint e da corrida. Na sexta-feira, no s\u00e1bado e no domingo, o\u00a0<strong>BRIEFING\u00a0<\/strong>repercute tudo que acontece na etapa final da temporada 2023.<\/p>\n\n\n\n<p class=\"wp-block-paragraph\"><strong>\u25b6\ufe0f&nbsp;Inscreva-se nos dois canais do GRANDE PR\u00caMIO no YouTube:&nbsp;<a href=\"https:\/\/www.youtube.com\/channel\/UC9OlHEgxoaY6QY6nWPoiqQg?sub_confirmation=1\" target=\"_blank\" rel=\"noreferrer noopener\">GP<\/a>&nbsp;|&nbsp;<a href=\"https:\/\/www.youtube.com\/channel\/UC9csiS6q_C3C0FYhyr1rnFA?sub_confirmation=1\" target=\"_blank\" rel=\"noreferrer noopener\">GP2<\/a><\/strong><br><strong>\u25b6\ufe0f&nbsp;<a href=\"https:\/\/www.twitch.tv\/grandepremio\" target=\"_blank\" rel=\"noreferrer noopener\">Conhe\u00e7a o canal do GRANDE PR\u00caMIO na Twitch clicando aqui!<\/a><\/strong><\/p>\n\n\n\n<figure class=\"wp-block-embed is-type-video is-provider-youtube wp-block-embed-youtube wp-embed-aspect-16-9 wp-has-aspect-ratio\"><div class=\"wp-block-embed__wrapper\">\n<iframe loading=\"lazy\" title=\"HAMILTON na RED BULL seria o maior PLOT TWIST da hist\u00f3ria da F1? | WGP\" width=\"500\" height=\"281\" src=\"https:\/\/www.youtube.com\/embed\/hO78UXC6ff4?feature=oembed\" frameborder=\"0\" allow=\"accelerometer; autoplay; clipboard-write; encrypted-media; gyroscope; picture-in-picture; web-share\" referrerpolicy=\"strict-origin-when-cross-origin\" allowfullscreen><\/iframe>\n<\/div><\/figure>\n","protected":false},"excerpt":{"rendered":"<p>A McLaren anunciou na manh\u00e3 desta sexta-feira (24) a extens\u00e3o do acordo para correr com motores Mercedes na F\u00f3rmula 1 at\u00e9 2030. O contrato significa ainda que o time de Woking \u00e9 o primeiro cliente da Mercedes para a nova era da F1, a partir de 2026<\/p>\n","protected":false},"author":0,"featured_media":1000750272,"comment_status":"closed","ping_status":"closed","sticky":false,"template":"","format":"standard","meta":{"42wp_featured_image_caption":"","42wp_featured_image_credits":"","42wp_featured_video":"","42wp_featured_image_hidden":false,"42wp_authors_list":[],"footnotes":""},"categories":[2],"tags":[26271,5273,147,6533,180,30722,25424,1491,28285,30840,90,82,656,35129,31447,1901,37234,37255],"42wp_author":[47147],"class_list":["post-94099","post","type-post","status-publish","format-standard","has-post-thumbnail","hentry","category-f1","tag-calendario-f1","tag-classificacao-f1","tag-f1","tag-f1-2023","tag-formula-1","tag-formula-1-2023","tag-gp-de-abu-dhabi","tag-grande-premio","tag-grandepremio","tag-horarios-f1","tag-mclaren","tag-mercedes","tag-motores","tag-onde-assistir-f1","tag-temporada-2023-f1","tag-yas-marina","tag-yas-marina-2023","tag-yas-marina-f1","42wp_author-luana-marino"],"_links":{"self":[{"href":"https:\/\/grandepremio.com\/br\/wp-json\/wp\/v2\/posts\/94099","targetHints":{"allow":["GET"]}}],"collection":[{"href":"https:\/\/grandepremio.com\/br\/wp-json\/wp\/v2\/posts"}],"about":[{"href":"https:\/\/grandepremio.com\/br\/wp-json\/wp\/v2\/types\/post"}],"replies":[{"embeddable":true,"href":"https:\/\/grandepremio.com\/br\/wp-json\/wp\/v2\/comments?post=94099"}],"version-history":[{"count":0,"href":"https:\/\/grandepremio.com\/br\/wp-json\/wp\/v2\/posts\/94099\/revisions"}],"wp:featuredmedia":[{"embeddable":true,"href":"https:\/\/grandepremio.com\/br\/wp-json\/wp\/v2\/media\/1000750272"}],"wp:attachment":[{"href":"https:\/\/grandepremio.com\/br\/wp-json\/wp\/v2\/media?parent=94099"}],"wp:term":[{"taxonomy":"category","embeddable":true,"href":"https:\/\/grandepremio.com\/br\/wp-json\/wp\/v2\/categories?post=94099"},{"taxonomy":"post_tag","embeddable":true,"href":"https:\/\/grandepremio.com\/br\/wp-json\/wp\/v2\/tags?post=94099"},{"taxonomy":"42wp_author","embeddable":true,"href":"https:\/\/grandepremio.com\/br\/wp-json\/wp\/v2\/42wp_author?post=94099"}],"curies":[{"name":"wp","href":"https:\/\/api.w.org\/{rel}","templated":true}]}}