{"id":94208,"date":"2023-11-23T09:14:53","date_gmt":"2023-11-23T12:14:53","guid":{"rendered":"https:\/\/grandepremio.com\/br\/noticias\/alphatauri-anuncia-ayumu-iwasa-junto-daniel-ricciardo-yuki-tsunoda-teste-pos-abu-dhabi\/"},"modified":"2023-11-23T11:42:19","modified_gmt":"2023-11-23T14:42:19","slug":"alphatauri-anuncia-ayumu-iwasa-junto-daniel-ricciardo-yuki-tsunoda-teste-pos-abu-dhabi","status":"publish","type":"post","link":"https:\/\/grandepremio.com\/br\/f1\/alphatauri-anuncia-ayumu-iwasa-junto-daniel-ricciardo-yuki-tsunoda-teste-pos-abu-dhabi\/","title":{"rendered":"AlphaTauri anuncia Iwasa junto de Ricciardo e Tsunoda para teste p\u00f3s-GP de Abu Dhabi"},"content":{"rendered":"\n<p class=\"wp-block-paragraph\"><strong>Ayumu Iwasa<\/strong> vai \u00e0 pista pela <strong><a href=\"https:\/\/www.grandepremio.com\/br\/f1\/\" class=\"ek-link\">F\u00f3rmula 1<\/a><\/strong>! O melhor piloto do programa de desenvolvimento da <strong>Red Bull<\/strong> na temporada 2023 da <strong><a href=\"https:\/\/www.grandepremio.com\/br\/f2\/\" class=\"ek-link\">F\u00f3rmula 2<\/a><\/strong> foi selecionado pela marca dos energ\u00e9ticos para participar do teste de novatos do dia 28 de novembro, em <strong>Abu Dhabi<\/strong>. An\u00fancio foi feito pela <strong>AlphaTauri<\/strong> na manh\u00e3 desta quinta-feira (23).<\/p>\n\n\n\n<p class=\"wp-block-paragraph\">De acordo com a AlphaTauri, Iwasa far\u00e1 o dia inteiro no carro para um dos testes, enquanto os titulares <strong>Daniel Ricciardo e Yuki Tsunoda<\/strong>, renovados h\u00e1 tempos para 2024, v\u00e3o dividir o outro carro: Ricciardo pela manh\u00e3, Tsunoda no turno da tarde.<\/p>\n\n\n\n<p class=\"wp-block-paragraph\">H\u00e1 uma explica\u00e7\u00e3o, contudo. A atividade da pr\u00f3xima ter\u00e7a-feira engloba dois testes diferentes: <strong>o de novatos<\/strong>, que precisa ser tomado por pilotos sem experi\u00eancia na F1, <strong>e o de pneus<\/strong>, da Pirelli, para o qual faz mais sentido ter pilotos experientes que conhe\u00e7am as borrachas e sejam mais versados na maneira de dar feedback. Portanto, um carro tem finalidade de cada teste.<\/p>\n\n\n\n<p class=\"wp-block-paragraph\">N\u00e3o \u00e9 s\u00f3 isso de an\u00fancio para Iwasa. Ainda no comunucado, a AlphaTauri avisa que o piloto deixa a F2 ao fim da temporada, ap\u00f3s dois campeonatos. O 2024 de Iwasa ser\u00e1 justamente no Jap\u00e3o, disputando a Super F\u00f3rmula, coisa que a equipe tem feito de maneira recorrente com pilotos que espera colocar em fase final de prepara\u00e7\u00e3o para a F1. Foi o caso de <strong>Pierre Gasly<\/strong> e, neste 2023, de <strong>Liam Lawson<\/strong>.<\/p>\n\n\n\n<figure class=\"wp-block-image size-large\"><img decoding=\"async\" src=\"https:\/\/www.grandepremio.com\/br\/wp-content\/uploads\/2022\/12\/Iwasa-DAMS-1024x683.jpg\" alt=\"\" class=\"wp-image-639386\"\/><figcaption class=\"wp-element-caption\">Ayumu Iwasa est\u00e1 na esteira de prepara\u00e7\u00e3o da Red Bull para a F1 (Foto: DAMS)<\/figcaption><\/figure>\n\n\n\n<p class=\"wp-block-paragraph\">Antes do teste, Iwasa compete no fim da temporada da F2 no mesmo circuito de <strong>Yas Marina<\/strong>, em Abu Dhabi, no fim de semana. Apesar de ter chances apenas matem\u00e1ticas, mas muito remotas, de t\u00edtulo, o atual terceiro colocado da tabela de pontos <strong><a href=\"https:\/\/www.grandepremio.com\/br\/f2\/noticias\/ayumu-iwasa-descarta-milagre-fixa-meta-realista-abu-dhabi-lutar-vice-f2-2023\/\" class=\"ek-link\">tem boas chances de ser vice-campe\u00e3o<\/a><\/strong>.<\/p>\n\n\n\n<p class=\"wp-block-paragraph\">O\u00a0<strong>GRANDE PR\u00caMIO<\/strong>\u00a0acompanha <a href=\"https:\/\/www.grandepremio.com\/br\/ao-vivo\/f1\/\" target=\"_blank\" rel=\"noreferrer noopener\" class=\"ek-link\"><strong>AO VIVO\u00a0e\u00a0EM\u00a0<\/strong><\/a><a href=\"https:\/\/www.grandepremio.com\/br\/ao-vivo\/\" target=\"_blank\" rel=\"noreferrer noopener\"><strong>TEMPO REAL<\/strong><\/a> todas as atividades do GP de Abu Dhabi de\u00a0<a href=\"https:\/\/www.grandepremio.com\/formula-1\/\" target=\"_blank\" rel=\"noreferrer noopener\" class=\"ek-link\"><strong>F\u00f3rmula 1<\/strong><\/a>. Na sexta-feira, o TL1 est\u00e1 marcado para as 6h30 (de Bras\u00edlia), enquanto o TL2 come\u00e7a \u00e0s 10h; no s\u00e1bado, o TL3 inicia \u00e0s 7h30, com a classifica\u00e7\u00e3o \u00e0s 11h. Por fim, a largada, no domingo, est\u00e1 programada para as 10h. Em\u00a0<strong>SEGUNDA TELA<\/strong>, o\u00a0<strong>GP\u00a0<\/strong>acompanha a etapa com transmiss\u00f5es da classifica\u00e7\u00e3o, da sprint e da corrida. Na sexta-feira, no s\u00e1bado e no domingo, o\u00a0<strong>BRIEFING\u00a0<\/strong>repercute tudo que acontece na etapa final da temporada 2023.<\/p>\n\n\n\n<figure class=\"wp-block-embed is-type-video is-provider-youtube wp-block-embed-youtube wp-embed-aspect-16-9 wp-has-aspect-ratio\"><div class=\"wp-block-embed__wrapper\">\n<iframe loading=\"lazy\" title=\"Toto BRIG\u00c3O e Hamilton INFANTIL: MERCEDES ENVERGONHA na F1 | TT GP #123\" width=\"500\" height=\"281\" src=\"https:\/\/www.youtube.com\/embed\/VB9FA73XnPc?feature=oembed\" frameborder=\"0\" allow=\"accelerometer; autoplay; clipboard-write; encrypted-media; gyroscope; picture-in-picture; web-share\" referrerpolicy=\"strict-origin-when-cross-origin\" allowfullscreen><\/iframe>\n<\/div><figcaption class=\"wp-element-caption\">Toto BRIG\u00c3O e Hamilton INFANTIL: MERCEDES ENVERGONHA na F1 | TT GP\u00a0<a href=\"https:\/\/www.youtube.com\/hashtag\/123\">#123<\/a><\/figcaption><\/figure>\n","protected":false},"excerpt":{"rendered":"<p>Melhor piloto da academia de desenvolvimento da Red Bull, Ayumu Iwasa vai \u00e0 pista na F1 e deixa F2 com rumo \u00e0 Super F\u00f3rmula em 2024<\/p>\n","protected":false},"author":0,"featured_media":1000662345,"comment_status":"closed","ping_status":"closed","sticky":false,"template":"","format":"standard","meta":{"42wp_featured_image_caption":"","42wp_featured_image_credits":"","42wp_featured_video":"","42wp_featured_image_hidden":false,"42wp_authors_list":[],"footnotes":""},"categories":[2],"tags":[524,28711,6533,642,30722,25424,37256,1491,26123,30103,28285,204],"42wp_author":[47120],"class_list":["post-94208","post","type-post","status-publish","format-standard","has-post-thumbnail","hentry","category-f1","tag-alphatauri","tag-ayumu-iwasa","tag-f1-2023","tag-f1-ao-vivo","tag-formula-1-2023","tag-gp-de-abu-dhabi","tag-gp-do-uae","tag-grande-premio","tag-grande-premio-ao-vivo","tag-grande-premio-f1","tag-grandepremio","tag-red-bull","42wp_author-pedro-henrique-marum"],"_links":{"self":[{"href":"https:\/\/grandepremio.com\/br\/wp-json\/wp\/v2\/posts\/94208","targetHints":{"allow":["GET"]}}],"collection":[{"href":"https:\/\/grandepremio.com\/br\/wp-json\/wp\/v2\/posts"}],"about":[{"href":"https:\/\/grandepremio.com\/br\/wp-json\/wp\/v2\/types\/post"}],"replies":[{"embeddable":true,"href":"https:\/\/grandepremio.com\/br\/wp-json\/wp\/v2\/comments?post=94208"}],"version-history":[{"count":0,"href":"https:\/\/grandepremio.com\/br\/wp-json\/wp\/v2\/posts\/94208\/revisions"}],"wp:featuredmedia":[{"embeddable":true,"href":"https:\/\/grandepremio.com\/br\/wp-json\/wp\/v2\/media\/1000662345"}],"wp:attachment":[{"href":"https:\/\/grandepremio.com\/br\/wp-json\/wp\/v2\/media?parent=94208"}],"wp:term":[{"taxonomy":"category","embeddable":true,"href":"https:\/\/grandepremio.com\/br\/wp-json\/wp\/v2\/categories?post=94208"},{"taxonomy":"post_tag","embeddable":true,"href":"https:\/\/grandepremio.com\/br\/wp-json\/wp\/v2\/tags?post=94208"},{"taxonomy":"42wp_author","embeddable":true,"href":"https:\/\/grandepremio.com\/br\/wp-json\/wp\/v2\/42wp_author?post=94208"}],"curies":[{"name":"wp","href":"https:\/\/api.w.org\/{rel}","templated":true}]}}