{"id":94235,"date":"2023-11-23T05:00:00","date_gmt":"2023-11-23T08:00:00","guid":{"rendered":"https:\/\/grandepremio.com\/br\/noticias\/f1-foi-arrogante-esnobe-vegas-diz-evelyn-guimaraes-sensibilidade-zero\/"},"modified":"2023-11-21T13:26:46","modified_gmt":"2023-11-21T16:26:46","slug":"f1-foi-arrogante-esnobe-vegas-diz-evelyn-guimaraes-sensibilidade-zero","status":"publish","type":"post","link":"https:\/\/grandepremio.com\/br\/f1\/f1-foi-arrogante-esnobe-vegas-diz-evelyn-guimaraes-sensibilidade-zero\/","title":{"rendered":"F1 foi &#8220;arrogante e esnobe&#8221; em Vegas, diz Evelyn Guimar\u00e3es: &#8220;Sensibilidade zero&#8221;"},"content":{"rendered":"\n<p class=\"wp-block-paragraph\">Evelyn Guimar\u00e3es n\u00e3o poupou cr\u00edticas \u00e0 F1 em Las Vegas, que foi, em sua opini\u00e3o, insens\u00edvel e sequer se importou com o p\u00fablico. <\/p>\n\n\n\n<p class=\"wp-block-paragraph\">Confira:<\/p>\n\n\n\n<figure class=\"wp-block-embed is-type-video is-provider-youtube wp-block-embed-youtube wp-embed-aspect-16-9 wp-has-aspect-ratio\"><div class=\"wp-block-embed__wrapper\">\n<iframe loading=\"lazy\" title=\"GP DE LAS VEGAS DE F1: DO SHOW de VERSTAPPEN e LECLERC ao SHOW DE HORRORES | Paddock GP #356\" width=\"500\" height=\"281\" src=\"https:\/\/www.youtube.com\/embed\/qXxvG06NT1o?start=5487&amp;feature=oembed\" frameborder=\"0\" allow=\"accelerometer; autoplay; clipboard-write; encrypted-media; gyroscope; picture-in-picture; web-share\" referrerpolicy=\"strict-origin-when-cross-origin\" allowfullscreen><\/iframe>\n<\/div><\/figure>\n","protected":false},"excerpt":{"rendered":"<p>Toda segunda-feira, Victor Martins, Evelyn Guimar\u00e3es e Gabriel Curty debatem tudo sobre F\u00f3rmula 1 no Paddock GP, programa do GRANDE PR\u00caMIO<\/p>\n","protected":false},"author":0,"featured_media":1000755858,"comment_status":"closed","ping_status":"closed","sticky":false,"template":"","format":"standard","meta":{"42wp_featured_image_caption":"","42wp_featured_image_credits":"","42wp_featured_video":"","42wp_featured_image_hidden":false,"42wp_authors_list":[],"footnotes":""},"categories":[2],"tags":[2154,147,6533,207,180,30722,1492,230,31212,1491,30103,28285,31295,82,1537,27357,204,25978,486],"42wp_author":[47139],"class_list":["post-94235","post","type-post","status-publish","format-standard","has-post-thumbnail","hentry","category-f1","tag-evelyn-guimaraes","tag-f1","tag-f1-2023","tag-ferrari","tag-formula-1","tag-formula-1-2023","tag-gabriel-carvalho","tag-gabriel-curty","tag-gp-de-las-vegas","tag-grande-premio","tag-grande-premio-f1","tag-grandepremio","tag-las-vegas-f1","tag-mercedes","tag-paddock-gp","tag-programas-grande-premio","tag-red-bull","tag-temporada-2023","tag-victor-martins","42wp_author-ana-cerveira"],"_links":{"self":[{"href":"https:\/\/grandepremio.com\/br\/wp-json\/wp\/v2\/posts\/94235","targetHints":{"allow":["GET"]}}],"collection":[{"href":"https:\/\/grandepremio.com\/br\/wp-json\/wp\/v2\/posts"}],"about":[{"href":"https:\/\/grandepremio.com\/br\/wp-json\/wp\/v2\/types\/post"}],"replies":[{"embeddable":true,"href":"https:\/\/grandepremio.com\/br\/wp-json\/wp\/v2\/comments?post=94235"}],"version-history":[{"count":0,"href":"https:\/\/grandepremio.com\/br\/wp-json\/wp\/v2\/posts\/94235\/revisions"}],"wp:featuredmedia":[{"embeddable":true,"href":"https:\/\/grandepremio.com\/br\/wp-json\/wp\/v2\/media\/1000755858"}],"wp:attachment":[{"href":"https:\/\/grandepremio.com\/br\/wp-json\/wp\/v2\/media?parent=94235"}],"wp:term":[{"taxonomy":"category","embeddable":true,"href":"https:\/\/grandepremio.com\/br\/wp-json\/wp\/v2\/categories?post=94235"},{"taxonomy":"post_tag","embeddable":true,"href":"https:\/\/grandepremio.com\/br\/wp-json\/wp\/v2\/tags?post=94235"},{"taxonomy":"42wp_author","embeddable":true,"href":"https:\/\/grandepremio.com\/br\/wp-json\/wp\/v2\/42wp_author?post=94235"}],"curies":[{"name":"wp","href":"https:\/\/api.w.org\/{rel}","templated":true}]}}