{"id":94290,"date":"2023-11-22T09:42:37","date_gmt":"2023-11-22T12:42:37","guid":{"rendered":"https:\/\/grandepremio.com\/br\/noticias\/mick-schumacher-mantem-ambiente-f1-continua-reserva-mercedes-2024\/"},"modified":"2023-11-24T15:53:13","modified_gmt":"2023-11-24T18:53:13","slug":"mick-schumacher-mantem-ambiente-f1-continua-reserva-mercedes-2024","status":"publish","type":"post","link":"https:\/\/grandepremio.com\/br\/f1\/mick-schumacher-mantem-ambiente-f1-continua-reserva-mercedes-2024\/","title":{"rendered":"Schumacher se mant\u00e9m no ambiente da F1 e continua como reserva da Mercedes em 2024"},"content":{"rendered":"\n<p class=\"wp-block-paragraph\"><strong>Mick Schumacher <\/strong>seguir\u00e1 como piloto reserva da <strong>Mercedes<\/strong> em 2024. O piloto alem\u00e3o tomou esse cargo na equipe ap\u00f3s a sa\u00edda da <strong>Haas <\/strong>em 2022. Nessa temporada, esteve nos bastidores do time de <strong>Brackley<\/strong>, ajudando no desenvolvimento do dif\u00edcil <strong>W14 <\/strong>\u2014 e tamb\u00e9m sendo emprestado, quando necess\u00e1rio, \u00e0 <strong>McLaren<\/strong>. <\/p>\n\n\n\n<p class=\"wp-block-paragraph\">&#8220;Feliz e grato por ser piloto reserva da Mercedes no pr\u00f3ximo ano. \u00c9 bom ficar conectado com esse grande time na F1&#8221;, escreveu o alem\u00e3o em suas redes sociais. <\/p>\n\n\n\n<p class=\"wp-block-paragraph\">Ainda assim, Schumacher procurou alternativas para o pr\u00f3ximo ano. Ele vai se aventurar no <strong>WEC<\/strong>, nos hipercarros, com a <strong>Alpine<\/strong>. Estar\u00e1 ao lado dos franceses <strong>Nicolas Lapierre, Matthieu Vaxiviere, Charles Milesi e Paul-Loup Chatin,<\/strong> e o austr\u00edaco <strong>Ferdinand Habsburg.<\/strong><\/p>\n\n\n\n<p class=\"wp-block-paragraph\">\u201cUm novo cap\u00edtulo est\u00e1 come\u00e7ando para mim com a Alpine na categoria de hipercarros no WEC. O carro \u00e9 impressionante e mal posso esperar para come\u00e7ar&#8221;, disse. <\/p>\n\n\n\n<figure class=\"wp-block-image size-large\"><img decoding=\"async\" src=\"https:\/\/www.grandepremio.com\/br\/wp-content\/uploads\/2023\/06\/mick-schumacher-teste-barcelona-f1-2023-10-1024x683.jpg\" alt=\"Mick Schumacher andou com o W14 em teste de pneus em Barcelona nesta quarta-feira (07) (Foto: Mercedes\/Divulga\u00e7\u00e3o)\" class=\"wp-image-692449\"\/><figcaption class=\"wp-element-caption\">Mick Schumacher seguir\u00e1 como reserva da Mercedes (Foto: Mercedes\/Divulga\u00e7\u00e3o)<\/figcaption><\/figure>\n\n\n\n<p class=\"wp-block-paragraph\"><strong><img decoding=\"async\" src=\"https:\/\/a.slack-edge.com\/production-standard-emoji-assets\/14.0\/google-medium\/25b6-fe0f.png\" alt=\":seta_para_frente:\"><\/strong><strong>&nbsp;Inscreva-se nos dois canais do GRANDE PR\u00caMIO no YouTube:&nbsp;<\/strong><strong><a target=\"_blank\" href=\"https:\/\/www.youtube.com\/channel\/UC9OlHEgxoaY6QY6nWPoiqQg?sub_confirmation=1\" rel=\"noreferrer noopener\">GP<\/a><\/strong><strong>&nbsp;|&nbsp;<\/strong><strong><a target=\"_blank\" href=\"https:\/\/www.youtube.com\/channel\/UC9csiS6q_C3C0FYhyr1rnFA?sub_confirmation=1\" rel=\"noreferrer noopener\">GP2<\/a><\/strong><br><strong><img decoding=\"async\" src=\"https:\/\/a.slack-edge.com\/production-standard-emoji-assets\/14.0\/google-medium\/25b6-fe0f.png\" alt=\":seta_para_frente:\"><\/strong><strong><a target=\"_blank\" href=\"https:\/\/www.twitch.tv\/grandepremio\" rel=\"noreferrer noopener\">Conhe\u00e7a o canal do GRANDE PR\u00caMIO na Twitch clicando aqui!<\/a><\/strong><\/p>\n\n\n\n<p class=\"wp-block-paragraph\">\u201cCresci nos monopostos, ent\u00e3o guiar um carro com o cockpit fechado e rodas cobertas \u00e9 uma \u00f3tima oportunidade para aprimorar minhas habilidades de dire\u00e7\u00e3o&#8221;, completou. <\/p>\n\n\n\n<p class=\"wp-block-paragraph\">A Alpine ir\u00e1 lan\u00e7ar o A424 em 7 de fevereiro de 2024, j\u00e1 em prepara\u00e7\u00e3o para o novo campeonato do WEC. Por outro lado, o encerramento da F1 2023 acontece neste fim de semana, com o<strong> GP de Abu Dhabi. <\/strong><\/p>\n\n\n\n<figure class=\"wp-block-embed is-type-video is-provider-youtube wp-block-embed-youtube wp-embed-aspect-16-9 wp-has-aspect-ratio\"><div class=\"wp-block-embed__wrapper\">\n<iframe loading=\"lazy\" title=\"VIVA LAS VEGAS? Como avaliar a 3\u00aa corrida da F1 nos EUA? | PADDOCK VIP #9\" width=\"500\" height=\"281\" src=\"https:\/\/www.youtube.com\/embed\/ufPhcTBPImA?feature=oembed\" frameborder=\"0\" allow=\"accelerometer; autoplay; clipboard-write; encrypted-media; gyroscope; picture-in-picture; web-share\" referrerpolicy=\"strict-origin-when-cross-origin\" allowfullscreen><\/iframe>\n<\/div><\/figure>\n","protected":false},"excerpt":{"rendered":"<p>Mick Schumacher mant\u00e9m conex\u00e3o \u00e0 Mercedes na F1 e seguir\u00e1 como piloto reserva da equipe para a temporada 2024<\/p>\n","protected":false},"author":0,"featured_media":1000692440,"comment_status":"closed","ping_status":"closed","sticky":false,"template":"","format":"standard","meta":{"42wp_featured_image_caption":"","42wp_featured_image_credits":"","42wp_featured_video":"","42wp_featured_image_hidden":false,"42wp_authors_list":[],"footnotes":""},"categories":[2],"tags":[147,6533,180,30722,25424,1491,30103,28285,82,1294,25978,1901],"42wp_author":[47139],"class_list":["post-94290","post","type-post","status-publish","format-standard","has-post-thumbnail","hentry","category-f1","tag-f1","tag-f1-2023","tag-formula-1","tag-formula-1-2023","tag-gp-de-abu-dhabi","tag-grande-premio","tag-grande-premio-f1","tag-grandepremio","tag-mercedes","tag-mick-schumacher","tag-temporada-2023","tag-yas-marina","42wp_author-ana-cerveira"],"_links":{"self":[{"href":"https:\/\/grandepremio.com\/br\/wp-json\/wp\/v2\/posts\/94290","targetHints":{"allow":["GET"]}}],"collection":[{"href":"https:\/\/grandepremio.com\/br\/wp-json\/wp\/v2\/posts"}],"about":[{"href":"https:\/\/grandepremio.com\/br\/wp-json\/wp\/v2\/types\/post"}],"replies":[{"embeddable":true,"href":"https:\/\/grandepremio.com\/br\/wp-json\/wp\/v2\/comments?post=94290"}],"version-history":[{"count":0,"href":"https:\/\/grandepremio.com\/br\/wp-json\/wp\/v2\/posts\/94290\/revisions"}],"wp:featuredmedia":[{"embeddable":true,"href":"https:\/\/grandepremio.com\/br\/wp-json\/wp\/v2\/media\/1000692440"}],"wp:attachment":[{"href":"https:\/\/grandepremio.com\/br\/wp-json\/wp\/v2\/media?parent=94290"}],"wp:term":[{"taxonomy":"category","embeddable":true,"href":"https:\/\/grandepremio.com\/br\/wp-json\/wp\/v2\/categories?post=94290"},{"taxonomy":"post_tag","embeddable":true,"href":"https:\/\/grandepremio.com\/br\/wp-json\/wp\/v2\/tags?post=94290"},{"taxonomy":"42wp_author","embeddable":true,"href":"https:\/\/grandepremio.com\/br\/wp-json\/wp\/v2\/42wp_author?post=94290"}],"curies":[{"name":"wp","href":"https:\/\/api.w.org\/{rel}","templated":true}]}}