{"id":94342,"date":"2023-11-21T10:48:52","date_gmt":"2023-11-21T13:48:52","guid":{"rendered":"https:\/\/grandepremio.com\/br\/noticias\/formula-e-identifica-razao-incendio-pre-temporada-medidas-seguranca\/"},"modified":"2023-11-21T11:03:01","modified_gmt":"2023-11-21T14:03:01","slug":"formula-e-identifica-razao-incendio-pre-temporada-medidas-seguranca","status":"publish","type":"post","link":"https:\/\/grandepremio.com\/br\/formula-e\/formula-e-identifica-razao-incendio-pre-temporada-medidas-seguranca\/","title":{"rendered":"F\u00f3rmula E identifica raz\u00e3o de inc\u00eandio na pr\u00e9-temporada e prepara medidas de seguran\u00e7a"},"content":{"rendered":"\n<p class=\"wp-block-paragraph\">Depois de ver a pr\u00e9-temporada de <strong>Val\u00eancia <\/strong><a href=\"https:\/\/www.grandepremio.com\/br\/formula-e\/noticias\/explosao-incendio-correria-conturbado-comeco-testes-formula-e-valencia\/\" target=\"_blank\" aria-label=\" (opens in a new tab)\" rel=\"noreferrer noopener\" class=\"ek-link\">ser duramente afetada por um inc\u00eandio<\/a> na garagem da <strong>Williams Advanced Engineering <\/strong>(WAE), que fornece as baterias da <strong>F\u00f3rmula E<\/strong>, a categoria se prepara para implementar uma s\u00e9rie de medidas de seguran\u00e7a ap\u00f3s o fim da investiga\u00e7\u00e3o conduzida pela empresa. O objetivo \u00e9 impedir uma repeti\u00e7\u00e3o do problema, o primeiro do tipo desde a funda\u00e7\u00e3o da categoria, em 2014.<\/p>\n\n\n\n<p class=\"wp-block-paragraph\">O inc\u00eandio aconteceu no dia 24 de outubro, uma ter\u00e7a-feira, primeiro dia de testes da categoria em solo espanhol. Durante a pausa para o almo\u00e7o, ap\u00f3s as primeiras tr\u00eas horas de atividades, o fogo se alastrou pela garagem da WAE e foi rapidamente controlado, mas causou a evacua\u00e7\u00e3o do circuito e o adiamento das sess\u00f5es em mais de um dia.<\/p>\n\n\n\n<p class=\"wp-block-paragraph\">Tudo come\u00e7ou com um problema no dispositivo de armazenamento de energia, conhecido como <strong>RESS <\/strong>(rechargeable energy storage system), na <strong>DS Penske <\/strong>de <strong>Robert Shwartzman<\/strong>. Parado na pista, o piloto deixou o carro, que foi conduzido de volta ao pit-lane pelos fiscais.<\/p>\n\n\n\n<p class=\"wp-block-paragraph\">Depois disso, seguindo os protocolos de seguran\u00e7a, o carro foi levado a uma zona de quarentena e sua unidade de pot\u00eancia foi removida. Foi a partir da\u00ed que os problemas come\u00e7aram.<\/p>\n\n\n\n<figure class=\"wp-block-image size-large\"><img decoding=\"async\" src=\"https:\/\/www.grandepremio.com\/br\/wp-content\/uploads\/2023\/10\/GPF1-2-1024x768.jpeg\" alt=\"\" class=\"wp-image-744888\"\/><figcaption class=\"wp-element-caption\">A fuma\u00e7a bem escura nos boxes da F\u00f3rmula E em Val\u00eancia durante o inc\u00eandio (Foto: Reprodu\u00e7\u00e3o\/Formula E Zone)<\/figcaption><\/figure>\n\n\n\n<p class=\"wp-block-paragraph\">Durante a investiga\u00e7\u00e3o do problema, segundo o portal ingl\u00eas<em> The Race<\/em>, a WAE e a <strong>FIA <\/strong>descobriram uma falha de comunica\u00e7\u00e3o entre o RESS e o sistema de gerenciamento de bateria, normalmente usado para avaliar as condi\u00e7\u00f5es do motor e identificado como <strong>BMS <\/strong>(battery management system).<\/p>\n\n\n\n<p class=\"wp-block-paragraph\">Assim, a pe\u00e7a foi levada \u00e0 garagem da fabricante, onde uma &#8216;falha secund\u00e1ria&#8217; disparou uma s\u00e9rie de fa\u00edscas e causou o inc\u00eandio. Entre a parada de Shwartzman na pista e o in\u00edcio do fogo, se passaram duas horas.<\/p>\n\n\n\n<p class=\"wp-block-paragraph\">A investiga\u00e7\u00e3o declarou, ent\u00e3o, que o problema no carro do piloto foi causado por um <strong>contator<\/strong>, que \u00e9 respons\u00e1vel pelo ato de ligar e desligar circuitos el\u00e9tricos. Assim, a fornecedora garantiu que novos contatores ser\u00e3o produzidos para substituir os atuais em todas as unidades de RESS do grid.<\/p>\n\n\n\n<figure class=\"wp-block-video\"><video class=\"video-js vjs-big-play-centered\" data-gp-vjs=\"1\" controls src=\"https:\/\/www.grandepremio.com\/br\/wp-content\/uploads\/2023\/10\/Incendio-boxes-Mahindra-testes-Formula-E-Valencia.mp4\"><\/video><figcaption class=\"wp-element-caption\">O inc\u00eandio chegou a afetar os boxes da Mahindra, que completou os testes com um carro apenas (V\u00eddeo: Reprodu\u00e7\u00e3o)<\/figcaption><\/figure>\n\n\n\n<p class=\"wp-block-paragraph\">Al\u00e9m disso, novos protocolos ser\u00e3o introduzidos, como a publica\u00e7\u00e3o dos limites de seguran\u00e7a e temperatura dos contatores, assim como atualiza\u00e7\u00f5es no sistema de gerenciamento de bateria. A partir de agora, qualquer falha na comunica\u00e7\u00e3o entre o BMS e o RESS registrar\u00e1 um alerta vermelho imediato nas garagens da WAE e nas zonas de quarentena.<\/p>\n\n\n\n<p class=\"wp-block-paragraph\">Outras altera\u00e7\u00f5es incluem a testagem dos sistemas de RESS, que precisar\u00e3o superar par\u00e2metros estabelecidos de temperatura dos contatores. Em todas as novas medidas a serem implementadas, a WAE ter\u00e1 o apoio da F\u00f3rmula E, que planeja colocar tudo em pr\u00e1tica j\u00e1 para a estreia do campeonato, na <strong>Cidade do M\u00e9xico<\/strong>.<\/p>\n\n\n\n<p class=\"wp-block-paragraph\">Por outro lado, h\u00e1 relatos de que n\u00e3o houve um alarme sonoro no centro de m\u00eddia do paddock, que normalmente recebe os jornalistas e fica situada logo acima da garagem da WAE, e de falta de m\u00e1scaras de oxig\u00eanio para algumas pessoas da equipe de bombeiros. Como ponto positivo, o fogo passou a ser combatido apenas cinco minutos depois de come\u00e7ar.<\/p>\n\n\n\n<p class=\"wp-block-paragraph\"><strong>\u25b6\ufe0f\u00a0Inscreva-se nos dois canais do GRANDE PR\u00caMIO no YouTube:\u00a0<a href=\"https:\/\/www.youtube.com\/channel\/UC9OlHEgxoaY6QY6nWPoiqQg?sub_confirmation=1\" target=\"_blank\" rel=\"noreferrer noopener\">GP<\/a>\u00a0|\u00a0<a href=\"https:\/\/www.youtube.com\/channel\/UC9csiS6q_C3C0FYhyr1rnFA?sub_confirmation=1\" target=\"_blank\" rel=\"noreferrer noopener\">GP2<\/a><\/strong><br><strong>\u25b6\ufe0f\u00a0<a href=\"https:\/\/www.twitch.tv\/grandepremio\" target=\"_blank\" rel=\"noreferrer noopener\">Conhe\u00e7a o canal do GRANDE PR\u00caMIO na Twitch clicando aqui!<\/a><\/strong><\/p>\n\n\n\n<figure class=\"wp-block-embed is-type-video is-provider-youtube wp-block-embed-youtube wp-embed-aspect-16-9 wp-has-aspect-ratio\"><div class=\"wp-block-embed__wrapper\">\n<iframe loading=\"lazy\" title=\"GP DE LAS VEGAS DE F1: DO SHOW de VERSTAPPEN e LECLERC ao SHOW DE HORRORES | Paddock GP #356\" width=\"500\" height=\"281\" src=\"https:\/\/www.youtube.com\/embed\/qXxvG06NT1o?feature=oembed\" frameborder=\"0\" allow=\"accelerometer; autoplay; clipboard-write; encrypted-media; gyroscope; picture-in-picture; web-share\" referrerpolicy=\"strict-origin-when-cross-origin\" allowfullscreen><\/iframe>\n<\/div><\/figure>\n","protected":false},"excerpt":{"rendered":"<p>Depois de uma extensa investiga\u00e7\u00e3o da WAE, fornecedora de baterias da F\u00f3rmula E, um contator el\u00e9trico foi identificado como respons\u00e1vel pelo inc\u00eandio em Val\u00eancia. Categoria prepara uma s\u00e9rie de medidas de seguran\u00e7a para impedir repeti\u00e7\u00e3o do problema, o primeiro do tipo em sua hist\u00f3ria<\/p>\n","protected":false},"author":0,"featured_media":1000744881,"comment_status":"closed","ping_status":"closed","sticky":false,"template":"","format":"standard","meta":{"42wp_featured_image_caption":"","42wp_featured_image_credits":"","42wp_featured_video":"","42wp_featured_image_hidden":false,"42wp_authors_list":[],"footnotes":""},"categories":[19],"tags":[28679,6853,19052,31184,379,30779,840,31435,1601,1491,30103,28285,26783,1172,2716],"42wp_author":[47142],"class_list":["post-94342","post","type-post","status-publish","format-standard","has-post-thumbnail","hentry","category-formula-e","tag-calendario-formula-e","tag-classificacao-formula-e","tag-ep-de-londres","tag-excel-arena","tag-fe","tag-fe-2023","tag-formula-e","tag-formula-e-2023","tag-gen3","tag-grande-premio","tag-grande-premio-f1","tag-grandepremio","tag-incendio","tag-mahindra","tag-valencia","42wp_author-jp-nascimento"],"_links":{"self":[{"href":"https:\/\/grandepremio.com\/br\/wp-json\/wp\/v2\/posts\/94342","targetHints":{"allow":["GET"]}}],"collection":[{"href":"https:\/\/grandepremio.com\/br\/wp-json\/wp\/v2\/posts"}],"about":[{"href":"https:\/\/grandepremio.com\/br\/wp-json\/wp\/v2\/types\/post"}],"replies":[{"embeddable":true,"href":"https:\/\/grandepremio.com\/br\/wp-json\/wp\/v2\/comments?post=94342"}],"version-history":[{"count":0,"href":"https:\/\/grandepremio.com\/br\/wp-json\/wp\/v2\/posts\/94342\/revisions"}],"wp:featuredmedia":[{"embeddable":true,"href":"https:\/\/grandepremio.com\/br\/wp-json\/wp\/v2\/media\/1000744881"}],"wp:attachment":[{"href":"https:\/\/grandepremio.com\/br\/wp-json\/wp\/v2\/media?parent=94342"}],"wp:term":[{"taxonomy":"category","embeddable":true,"href":"https:\/\/grandepremio.com\/br\/wp-json\/wp\/v2\/categories?post=94342"},{"taxonomy":"post_tag","embeddable":true,"href":"https:\/\/grandepremio.com\/br\/wp-json\/wp\/v2\/tags?post=94342"},{"taxonomy":"42wp_author","embeddable":true,"href":"https:\/\/grandepremio.com\/br\/wp-json\/wp\/v2\/42wp_author?post=94342"}],"curies":[{"name":"wp","href":"https:\/\/api.w.org\/{rel}","templated":true}]}}