{"id":94499,"date":"2023-11-19T11:50:03","date_gmt":"2023-11-19T14:50:03","guid":{"rendered":"https:\/\/grandepremio.com\/br\/noticias\/jaume-masia-conquista-titulo-moto3-antecedencia-vitoria-catar\/"},"modified":"2023-11-19T12:04:03","modified_gmt":"2023-11-19T15:04:03","slug":"jaume-masia-conquista-titulo-moto3-antecedencia-vitoria-catar","status":"publish","type":"post","link":"https:\/\/grandepremio.com\/br\/motogp\/jaume-masia-conquista-titulo-moto3-antecedencia-vitoria-catar\/","title":{"rendered":"Masi\u00e0 conquista t\u00edtulo da Moto3 por anteced\u00eancia com vit\u00f3ria no Catar. Sasaki \u00e9 6\u00ba"},"content":{"rendered":"\n<p class=\"wp-block-paragraph\">A disputa da <strong>Moto3 <\/strong>acabou com uma rodada de anteced\u00eancia. A corrida em <strong>Lusail <\/strong>foi eletrizante, mas tamb\u00e9m recheada de pol\u00eamicas. No fim,<strong> Jaume Masi\u00e0<\/strong> superou os advers\u00e1rios para vencer o <strong>GP do Catar <\/strong>e contar com o modesto sexto lugar do rival <strong>Ayumu Sasaki<\/strong> para conquistar o t\u00edtulo da classe menor do <strong>Mundial de Motovelocidade<\/strong>.<\/p>\n\n\n\n<p class=\"wp-block-paragraph\">A prova, por\u00e9m, foi marcada por dois incidentes entre os postulantes ao t\u00edtulo. Masi\u00e0 for\u00e7ou a ultrapassagem duas vezes contra Sasaki, ganhando assim uma advert\u00eancia dos comiss\u00e1rios. Nada disso importou no fim, pois o japon\u00eas perdeu rendimento nas voltas finais e foi engolido pelo pelot\u00e3o ao ser atrapalhado pelo outro piloto da Leopard, <strong>Adri\u00e1n Fern\u00e1ndez<\/strong>.<\/p>\n\n\n\n<p class=\"wp-block-paragraph\"><strong>David Alonso<\/strong> foi o segundo colocado no Catar. <strong>Deniz \u00d6nc\u00fc<\/strong> foi o terceiro colocado depois de queimar a largada, pagar duas voltas longas e fazer uma excelente corrida de recupera\u00e7\u00e3o. <strong>Ricardo Rossi<\/strong> e <strong>Vicente P\u00e9rez<\/strong> ainda fecharam o top-5.<\/p>\n\n\n\n<p class=\"wp-block-paragraph\">Sasaki foi sexto, com <strong>Matteo Bertelle<\/strong>, <strong>Kaito Toba<\/strong>, <strong>Daniel Holgado<\/strong> e <strong>Collin Veijer<\/strong> encerrando os dez melhores da corrida.<\/p>\n\n\n\n<figure class=\"wp-block-image size-large\"><img decoding=\"async\" src=\"https:\/\/www.grandepremio.com\/br\/wp-content\/uploads\/2023\/11\/MJ1_3898-1024x682.jpeg\" alt=\"\" class=\"wp-image-756196\"\/><figcaption class=\"wp-element-caption\">Jaume Masi\u00e0 \u00e9 o novo campe\u00e3o da Moto3 (Foto: Leopard Racing)<\/figcaption><\/figure>\n\n\n\n<p class=\"wp-block-paragraph\"><strong>\u25b6\ufe0f&nbsp;Inscreva-se nos dois canais do GRANDE PR\u00caMIO no YouTube:&nbsp;<a href=\"https:\/\/www.youtube.com\/channel\/UC9OlHEgxoaY6QY6nWPoiqQg?sub_confirmation=1\" target=\"_blank\" rel=\"noreferrer noopener\">GP<\/a>&nbsp;|&nbsp;<a href=\"https:\/\/www.youtube.com\/channel\/UC9csiS6q_C3C0FYhyr1rnFA?sub_confirmation=1\" target=\"_blank\" rel=\"noreferrer noopener\">GP2<\/a><\/strong><br><strong>\u25b6\ufe0f&nbsp;<a href=\"https:\/\/www.twitch.tv\/grandepremio\" target=\"_blank\" rel=\"noreferrer noopener\">Conhe\u00e7a o canal do GRANDE PR\u00caMIO na Twitch clicando aqui!<\/a><\/strong><\/p>\n\n\n\n<p class=\"wp-block-paragraph\">O brasileiro <strong>Diogo Moreira<\/strong> brigava pela vit\u00f3ria, mas acabou tocado por <strong>Ivan Ortol\u00e1<\/strong> e caiu. Apesar de voltar para a disputa em Lusail, acabou apenas na 26\u00aa coloca\u00e7\u00e3o.<\/p>\n\n\n\n<p class=\"wp-block-paragraph\">A <strong><a href=\"https:\/\/grandepremio.com\/motovelocidade\/\" target=\"_blank\" rel=\"noreferrer noopener\" class=\"ek-link\">Moto3<\/a><\/strong> volta a acelerar no fim de semana do dia 26 de novembro, com o GP da Comunidade Valenciana, no circuito de&nbsp;<strong><a aria-label=\"Val\u00eancia (opens in a new tab)\" href=\"https:\/\/www.grandepremio.com\/br\/circuito\/valencia\" target=\"_blank\" rel=\"noreferrer noopener\" class=\"ek-link\">Val\u00eancia<\/a><\/strong>, para a etapa que encerra a temporada 2023. O&nbsp;<strong>GRANDE PR\u00caMIO&nbsp;<\/strong>faz a cobertura completa do evento, assim como das outras classes do&nbsp;<strong>Mundial de Motovelocidade<\/strong>.<\/p>\n\n\n\n<h2 class=\"wp-block-heading\" id=\"h-confira-como-foi-o-gp-do-catar-da-moto3\"><strong>Confira como foi o GP do Catar da Moto3:<\/strong><\/h2>\n\n\n\n<p class=\"wp-block-paragraph\">Achou que est\u00e1 calor s\u00f3 aqui no Brasil? Achou errado! A noite chegou no Catar, mas as altas temperaturas continuaram firmes, com term\u00f4metros na casa de 26\u00baC no ar e 32\u00baC na pista, al\u00e9m de ventos de apenas 3 km\/h.<\/p>\n\n\n\n<p class=\"wp-block-paragraph\">Na largada, Deniz \u00d6nc\u00fc foi para o ataque e tomou a lideran\u00e7a antes mesmo da primeira curva, seguido por Ayumu Sasaki e Daniel Holgado. Logo depois, Diogo Moreira, que tinha ca\u00eddo para o quarto lugar, se recuperou e subiu para a ponta.<\/p>\n\n\n\n<figure class=\"wp-block-video\"><video class=\"video-js vjs-big-play-centered\" data-gp-vjs=\"1\" controls src=\"https:\/\/www.grandepremio.com\/br\/wp-content\/uploads\/2023\/11\/moto3-catar-corrida-largada.mp4\"><\/video><figcaption class=\"wp-element-caption\">A agitada largada da Moto3 no Catar (V\u00eddeo: MotoGP)<\/figcaption><\/figure>\n\n\n\n<p class=\"wp-block-paragraph\">A primeira v\u00edtima do dia foi Joshua Whatley, que caiu nas primeiras curvas e abandonou a prova em Lusail.<\/p>\n\n\n\n<p class=\"wp-block-paragraph\">Ainda na primeira volta, os comiss\u00e1rios avisaram que \u00d6nc\u00fc queimou a largada. Por conta disso, o turco foi punido com uma dupla volta longa. Na primeira delas, caiu para 17\u00ba e cedeu a ponta para Sasaki. Na segunda, foi para 25\u00ba.<\/p>\n\n\n\n<p class=\"wp-block-paragraph\">Enquanto Sasaki liderava, o rival Masi\u00e0 fazia prova de recupera\u00e7\u00e3o e j\u00e1 aparecia na quarta coloca\u00e7\u00e3o.<\/p>\n\n\n\n<p class=\"wp-block-paragraph\">No in\u00edcio da terceira volta, por\u00e9m, tudo mudou. Moreira pegou o v\u00e1cuo na reta principal e tomou a lideran\u00e7a. No embalo, Masi\u00e0 tamb\u00e9m superou Sasaki e foi para o segundo lugar.<\/p>\n\n\n\n<p class=\"wp-block-paragraph\">Ainda na terceira volta, o momento importante para a briga pelo t\u00edtulo. Masi\u00e0 for\u00e7ou uma ultrapassagem sobre Sasaki na curva 6, espalhou e os dois perderam posi\u00e7\u00f5es, com o espanhol caindo para sexto e o japon\u00eas para oitavo.<\/p>\n\n\n\n<figure class=\"wp-block-video\"><video class=\"video-js vjs-big-play-centered\" data-gp-vjs=\"1\" controls src=\"https:\/\/www.grandepremio.com\/br\/wp-content\/uploads\/2023\/11\/moto3-catar-corrida-masia-sasaki.mp4\"><\/video><figcaption class=\"wp-element-caption\">O primeiro incidente entre Masi\u00e0 e Sasaki na prova (V\u00eddeo: MotoGP)<\/figcaption><\/figure>\n\n\n\n<p class=\"wp-block-paragraph\">A briga pela lideran\u00e7a, por\u00e9m, era intensa. David Alonso tomou o posto, depois foi superado por Holgado e Moreira. O espanhol, no entanto, se recuperou e passou o brasileiro. Mais atr\u00e1s, Masi\u00e0 era quarto, seguido por Sasaki.<\/p>\n\n\n\n<p class=\"wp-block-paragraph\">Na abertura da quinta volta, Masi\u00e0 se aproveitou do v\u00e1cuo e subiu para segundo lugar, mas foi superado por Ivan Ortol\u00e1 logo depois, deixando Holgado ainda na lideran\u00e7a.<\/p>\n\n\n\n<p class=\"wp-block-paragraph\">Como de costume, o final da reta principal foi ponto de ultrapassagem. Ortol\u00e1 mergulhou por dentro e passou Holgado para tomar a dianteira, com Masi\u00e0 acompanhando de pertinho. Depois, Sasaki foi bem e subiu para terceiro.<\/p>\n\n\n\n<p class=\"wp-block-paragraph\">Mais atr\u00e1s, Jos\u00e9 Antonio Rueda foi punido por dire\u00e7\u00e3o irrespons\u00e1vel na corrida e precisou pagar uma dupla volta longa de puni\u00e7\u00e3o.<\/p>\n\n\n\n<p class=\"wp-block-paragraph\">Na volta 7, nova pol\u00eamica. Masi\u00e0 mais uma vez for\u00e7ou a passagem contra Sasaki e empurrou o japon\u00eas para fora, dando a lideran\u00e7a para David Mu\u00f1oz. Masi\u00e0 caiu para quarto, Sasaki para sexto.<\/p>\n\n\n\n<p class=\"wp-block-paragraph\">No mesmo giro, Moreira caiu no \u00faltimo setor ao ser torcado por Ortol\u00e1, mas conseguiu retornar para a disputa em 26\u00ba. Por conta disso, o espanhol foi punido com duas voltas longas.<\/p>\n\n\n\n<figure class=\"wp-block-video\"><video class=\"video-js vjs-big-play-centered\" data-gp-vjs=\"1\" controls src=\"https:\/\/www.grandepremio.com\/br\/wp-content\/uploads\/2023\/11\/Diogo_Moreira_Moto3_Catar.mp4\"><\/video><figcaption class=\"wp-element-caption\">Diogo Moreira foi tocado por Iv\u00e1n Ortol\u00e1 no GP do Catar da Moto 3 (V\u00eddeo: MotoGP)<\/figcaption><\/figure>\n\n\n\n<p class=\"wp-block-paragraph\">Por conta das duas manobras duras, os comiss\u00e1rios deram um aviso de condu\u00e7\u00e3o perigosa para Masi\u00e0. Enquanto isso, na frente, Holgado liderava com Sasaki em segundo, Alonso em terceiro e o l\u00edder do campeonato apenas em quarto.<\/p>\n\n\n\n<p class=\"wp-block-paragraph\">Na metade da corrida, Sasaki reassumiu a lideran\u00e7a ao superar Holgado. Na reta principal, por\u00e9m, o espanhol reagiu e retomou a lideran\u00e7a, com Masi\u00e0 no embalo subindo para segundo.<\/p>\n\n\n\n<p class=\"wp-block-paragraph\">A 6 voltas para o fim, mais mudan\u00e7as. Sasaki foi para o ataque e superou Masi\u00e0 e Holgado em sequ\u00eancia, tomando a lideran\u00e7a. O rival espanhol, por\u00e9m, caiu para o quarto lugar depois de briga com Alonso.<\/p>\n\n\n\n<p class=\"wp-block-paragraph\">No giro seguinte, Sasaki tomou a ponta na curva 5, mas Holgado respondeu na curva 6 e depois ainda fechou a porta do japon\u00eas. Masi\u00e0 tamb\u00e9m entrou na briga e subiu para a segunda coloca\u00e7\u00e3o.<\/p>\n\n\n\n<figure class=\"wp-block-video\"><video class=\"video-js vjs-big-play-centered\" data-gp-vjs=\"1\" controls src=\"https:\/\/www.grandepremio.com\/br\/wp-content\/uploads\/2023\/11\/moto3-catar-corrida-lideres.mp4\"><\/video><figcaption class=\"wp-element-caption\">O segundo incidente entre os postulantes ao t\u00edtulo (V\u00eddeo: MotoGP)<\/figcaption><\/figure>\n\n\n\n<p class=\"wp-block-paragraph\">Na abertura da volta 13, Masi\u00e0 retomou a lideran\u00e7a ao mergulhar no final da reta principal, mas Sasaki foi no embalo e subiu para a segunda coloca\u00e7\u00e3o. Os dois rivais, inclusive, trocaram de posi\u00e7\u00e3o algumas vezes no giro.<\/p>\n\n\n\n<p class=\"wp-block-paragraph\">Logo depois, Sasaki foi para o ataque e passou para a ponta. Masi\u00e0, por\u00e9m, n\u00e3o deu folga e retomou o posto. O japon\u00eas levou a pior e caiu para a quinta posi\u00e7\u00e3o, mas depois foi a nono ao ser levemente tocado por Adri\u00e1n Fern\u00e1ndez.<\/p>\n\n\n\n<p class=\"wp-block-paragraph\">Na pen\u00faltima volta, o drama de Sasaki aumentou. O japon\u00eas caiu para a d\u00e9cima posi\u00e7\u00e3o, enquanto o rival seguia firme na lideran\u00e7a em Lusail ao segurar Holgado e Ricardo Rossi.<\/p>\n\n\n\n<p class=\"wp-block-paragraph\">Sasaki ainda conseguiu se recuperar na pen\u00faltima volta e foi para a s\u00e9tima coloca\u00e7\u00e3o.<\/p>\n\n\n\n<p class=\"wp-block-paragraph\">Depois das muitas puni\u00e7\u00f5es, \u00d6nc\u00fc abriu a \u00faltima volta na segunda posi\u00e7\u00e3o ao superar Ricardo Rossi e David Alonso na reta principal. O colombiano, por\u00e9m, reagiu e foi a segundo logo depois.<\/p>\n\n\n\n<p class=\"wp-block-paragraph\">As brigas atr\u00e1s deram a vantagem necess\u00e1ria para Masi\u00e0. O espanhol apenas administrou o ritmo para vencer em Lusail e ser campe\u00e3o da Moto3, contanto com o sexto lugar de Sasaki. Alonso e \u00d6nc\u00fc fecharam o p\u00f3dio.<\/p>\n\n\n\n<figure class=\"wp-block-video\"><video class=\"video-js vjs-big-play-centered\" data-gp-vjs=\"1\" controls src=\"https:\/\/www.grandepremio.com\/br\/wp-content\/uploads\/2023\/11\/moto3-catar-masia-festa.mp4\"><\/video><figcaption class=\"wp-element-caption\">A festa de Jaume Masi\u00e0 com o t\u00edtulo da Moto3 (V\u00eddeo: MotoGP)<\/figcaption><\/figure>\n\n\n\n<h2 class=\"wp-block-heading\" id=\"h-moto-3-2023-gp-do-catar-lusail-corrida\">Moto 3 2023, GP do Catar, Lusail, Corrida:<\/h2>\n\n\n\n<figure class=\"wp-block-table\"><table><tbody><tr><td>POSI\u00c7\u00c3O<\/td><td>PILOTO<\/td><td>EQUIPE<\/td><td>DIFEREN\u00c7A<\/td><\/tr><tr><td>1<\/td><td>J MASI\u00c0<\/td><td>Leopard Honda<\/td><td>16 VOLTAS<\/td><\/tr><tr><td>2<\/td><td>D ALONSO<\/td><td>Aspar GasGas<\/td><td>+0.068<\/td><\/tr><tr><td>3<\/td><td>D \u00d6NC\u00dc<\/td><td>Red Bull KTM Ajo<\/td><td>+0.163<\/td><\/tr><tr><td>4<\/td><td>R ROSSI<\/td><td>Sic58 Honda<\/td><td>+0.285<\/td><\/tr><tr><td>5<\/td><td>V P\u00c9REZ<\/td><td>BOE KTM<\/td><td>+1.553<\/td><\/tr><tr><td>6<\/td><td>A SASAKI<\/td><td>IntactGP Husqvarna<\/td><td>+1.566<\/td><\/tr><tr><td>7<\/td><td>M BERTELLE<\/td><td>Snipers Honda<\/td><td>+1.725<\/td><\/tr><tr><td>8<\/td><td>K TOBA<\/td><td>Sic58 Honda<\/td><td>+1.846<\/td><\/tr><tr><td>9<\/td><td>D HOLGADO<\/td><td>Red Bull KTM Tech3<\/td><td>+1.943<\/td><\/tr><tr><td>10<\/td><td>C VEIJER<\/td><td>IntactGP Husqvarna<\/td><td>+2.019<\/td><\/tr><tr><td>11<\/td><td>R FENATI<\/td><td>Snipers Honda<\/td><td>+3.634<\/td><\/tr><tr><td>12<\/td><td>D MU\u00d1OZ<\/td><td>BOE KTM<\/td><td>+4.003<\/td><\/tr><tr><td>13<\/td><td>J KELSO<\/td><td>Pr\u00fcstelGP CFMoto<\/td><td>+4.060<\/td><\/tr><tr><td>14<\/td><td>T FURUSATO<\/td><td>Team Asia Honda<\/td><td>+4.166<\/td><\/tr><tr><td>15<\/td><td>I ORTOL\u00c1<\/td><td>MTA KTM<\/td><td>+4.228<\/td><\/tr><tr><td>16<\/td><td>J RUEDA<\/td><td>Red Bull KTM Ajo<\/td><td>+4.707<\/td><\/tr><tr><td>17<\/td><td>A FERN\u00c1NDEZ<\/td><td>Leopard Honda<\/td><td>+5.139<\/td><\/tr><tr><td>18<\/td><td>S NEPA<\/td><td>MTA KTM<\/td><td>+5.221<\/td><\/tr><tr><td>19<\/td><td>S OGDEN<\/td><td>VisionTrack Honda<\/td><td>+5.589<\/td><\/tr><tr><td>20<\/td><td>X ARTIGAS<\/td><td>Pr\u00fcstelGP CFMoto<\/td><td>+7.934<\/td><\/tr><tr><td>21<\/td><td>R YAMANAKA<\/td><td>Aspar GasGas<\/td><td>+8.140<\/td><\/tr><tr><td>22<\/td><td>S AZMAN<\/td><td>MSI KTM<\/td><td>+22.445<\/td><\/tr><tr><td>23<\/td><td>D SALVADOR<\/td><td>CIP KTM<\/td><td>+22.622<\/td><\/tr><tr><td>24<\/td><td>L FELLON<\/td><td>CIP KTM<\/td><td>33.718<\/td><\/tr><tr><td>25<\/td><td>M AJI<\/td><td>Team Asia Honda<\/td><td>+34.010<\/td><\/tr><tr><td>26<\/td><td>D MOREIRA<\/td><td>MSI KTM<\/td><td>+41.722<\/td><\/tr><tr><td>27<\/td><td>F FARIOLI<\/td><td>Red Bull KTM Tech3<\/td><td>N\u00e3o completou<\/td><\/tr><tr><td>28<\/td><td>J WHATLEY<\/td><td>VisionTrack Honda<\/td><td>N\u00e3o largou<\/td><\/tr><\/tbody><\/table><\/figure>\n\n\n\n<figure class=\"wp-block-embed is-type-video is-provider-youtube wp-block-embed-youtube wp-embed-aspect-16-9 wp-has-aspect-ratio\"><div class=\"wp-block-embed__wrapper\">\n<iframe loading=\"lazy\" title=\"Bagnaia e Mart\u00edn evitam pol\u00eamicas em RIVALIDADE SILENCIOSA na decis\u00e3o da MotoGP | GP \u00e0s 10\" width=\"500\" height=\"281\" src=\"https:\/\/www.youtube.com\/embed\/kdP2ZQx2PbE?feature=oembed\" frameborder=\"0\" allow=\"accelerometer; autoplay; clipboard-write; encrypted-media; gyroscope; picture-in-picture; web-share\" referrerpolicy=\"strict-origin-when-cross-origin\" allowfullscreen><\/iframe>\n<\/div><figcaption class=\"wp-element-caption\">Bagnaia e Mart\u00edn evitam pol\u00eamicas em RIVALIDADE SILENCIOSA na decis\u00e3o da MotoGP | GP \u00e0s 10<\/figcaption><\/figure>\n","protected":false},"excerpt":{"rendered":"<p>Com uma corrida agressiva, Jaume Masi\u00e0 chegou a ser advertido pelos comiss\u00e1rios, mas segurou o rival Ayumu Sasaki e venceu no Catar para garantir o t\u00edtulo da Moto3. Diogo Moreira foi derrubado e ficou em 26\u00ba<\/p>\n","protected":false},"author":0,"featured_media":1000756197,"comment_status":"closed","ping_status":"closed","sticky":false,"template":"","format":"standard","meta":{"42wp_featured_image_caption":"","42wp_featured_image_credits":"","42wp_featured_video":"","42wp_featured_image_hidden":false,"42wp_authors_list":[],"footnotes":""},"categories":[8],"tags":[28163,1113,5214,26718,600,28285,2273,31014,79,1809,32905,78,27538,33202,33200,33201,25819,29345,28766,33203,26690],"42wp_author":[47135],"class_list":["post-94499","post","type-post","status-publish","format-standard","has-post-thumbnail","hentry","category-motogp","tag-ayumu-sasaki","tag-catar","tag-classificacao-motogp","tag-diogo-moreira","tag-gp-do-catar","tag-grandepremio","tag-jaume-masia","tag-lusail","tag-moto-gp","tag-moto3","tag-moto3-2023","tag-motogp","tag-motogp-2023","tag-motogp-2023-calendario","tag-motogp-calendario-2023","tag-motogp-classificacao-2023","tag-motogp-hoje","tag-motogp-horario","tag-motogp-standings","tag-onde-assistir-motogp-2023","tag-pilotos-motogp","42wp_author-pedro-luis-cuenca"],"_links":{"self":[{"href":"https:\/\/grandepremio.com\/br\/wp-json\/wp\/v2\/posts\/94499","targetHints":{"allow":["GET"]}}],"collection":[{"href":"https:\/\/grandepremio.com\/br\/wp-json\/wp\/v2\/posts"}],"about":[{"href":"https:\/\/grandepremio.com\/br\/wp-json\/wp\/v2\/types\/post"}],"replies":[{"embeddable":true,"href":"https:\/\/grandepremio.com\/br\/wp-json\/wp\/v2\/comments?post=94499"}],"version-history":[{"count":0,"href":"https:\/\/grandepremio.com\/br\/wp-json\/wp\/v2\/posts\/94499\/revisions"}],"wp:featuredmedia":[{"embeddable":true,"href":"https:\/\/grandepremio.com\/br\/wp-json\/wp\/v2\/media\/1000756197"}],"wp:attachment":[{"href":"https:\/\/grandepremio.com\/br\/wp-json\/wp\/v2\/media?parent=94499"}],"wp:term":[{"taxonomy":"category","embeddable":true,"href":"https:\/\/grandepremio.com\/br\/wp-json\/wp\/v2\/categories?post=94499"},{"taxonomy":"post_tag","embeddable":true,"href":"https:\/\/grandepremio.com\/br\/wp-json\/wp\/v2\/tags?post=94499"},{"taxonomy":"42wp_author","embeddable":true,"href":"https:\/\/grandepremio.com\/br\/wp-json\/wp\/v2\/42wp_author?post=94499"}],"curies":[{"name":"wp","href":"https:\/\/api.w.org\/{rel}","templated":true}]}}