{"id":9455,"date":"2026-05-02T19:50:57","date_gmt":"2026-05-02T22:50:57","guid":{"rendered":"https:\/\/grandepremio.com\/br\/noticias\/ferrari-se-enche-confianca-briga-contra-rivais-miami-e-possivel-vencer\/"},"modified":"2026-05-02T21:37:13","modified_gmt":"2026-05-03T00:37:13","slug":"ferrari-se-enche-confianca-briga-contra-rivais-miami-e-possivel-vencer","status":"publish","type":"post","link":"https:\/\/grandepremio.com\/br\/f1\/ferrari-se-enche-confianca-briga-contra-rivais-miami-e-possivel-vencer\/","title":{"rendered":"Ferrari se enche de confian\u00e7a na briga contra rivais em Miami: &#8220;\u00c9 poss\u00edvel vencer&#8221;"},"content":{"rendered":"\n<p class=\"wp-block-paragraph\">Ainda que a <strong>Ferrari<\/strong> n\u00e3o tenha conseguido superar <strong>Mercedes<\/strong> e <strong>Red Bull<\/strong> na classifica\u00e7\u00e3o do <strong>GP de Miami<\/strong>, <a href=\"https:\/\/www.grandepremio.com\/br\/f1\/noticias\/andrea-kimi-antonelli-recoloca-mercedes-topo-pole-gp-miami-gabriel-bortoleto-ve-carro-pegar-fogo\/\">realizada neste s\u00e1bado (2)<\/a>, <strong>Fr\u00e9d\u00e9ric Vasseur<\/strong> mostrou confian\u00e7a na possibilidade de a equipe sair da quarta etapa da temporada 2026 da <strong>F\u00f3rmula 1<\/strong> com a vit\u00f3ria. O dirigente ainda minimizou a falta de desempenho da unidade de pot\u00eancia e explicou a quest\u00e3o do gerenciamento de energia.<\/p>\n\n\n\n<p class=\"wp-block-paragraph\">Ao anotar 1min28s143 como melhor tempo, <strong>Charles Leclerc<\/strong> teve de se contentar com o terceiro lugar no grid, atr\u00e1s de <strong>Max Verstappen<\/strong> e do pole-position <strong>Andrea Kimi Antonelli<\/strong>. <strong>Lewis Hamilton<\/strong>, por sua vez, viveu um cen\u00e1rio mais complicado e garantiu apenas a sexta posi\u00e7\u00e3o, com 1min28s319, atr\u00e1s ainda de <strong>Lando Norris<\/strong> e <strong>George Russell<\/strong>.<\/p>\n\n\n\n<figure class=\"wp-block-embed is-type-video is-provider-youtube wp-block-embed-youtube wp-embed-aspect-16-9 wp-has-aspect-ratio\"><div class=\"wp-block-embed__wrapper\">\n<iframe loading=\"lazy\" title=\"F1 2026 EM MIAMI: ANTONELLI POLE, BORTOLETO EM \u00daLTIMO NO GRID [narra\u00e7\u00e3o + Briefing]\" width=\"500\" height=\"281\" src=\"https:\/\/www.youtube.com\/embed\/Fa0YRi5NzFw?feature=oembed\" frameborder=\"0\" allow=\"accelerometer; autoplay; clipboard-write; encrypted-media; gyroscope; picture-in-picture; web-share\" referrerpolicy=\"strict-origin-when-cross-origin\" allowfullscreen><\/iframe>\n<\/div><\/figure>\n\n\n\n<h3 class=\"wp-block-heading has-vivid-red-color has-text-color has-link-color wp-elements-1\" id=\"h-gp-experience-o-novo-produto-do-grande-premio-conecta-voce-aos-maiores-eventos-de-esporte-a-motor-do-mundo-va-para-indianapolis-com-a-gente-nbsp-saiba-aqui-todos-os-detalhes\"><strong>+ GP EXPERIENCE: o novo produto do GRANDE PR\u00caMIO conecta voc\u00ea aos maiores eventos de esporte a motor do mundo. V\u00e1 para Indian\u00e1polis com a gente:&nbsp;<a href=\"https:\/\/gpexperience.tur.br\/\">saiba aqui todos os detalhes<\/a>.<\/strong><\/h3>\n\n\n\n<p class=\"wp-block-paragraph\">Com o monegasco na terceira posi\u00e7\u00e3o, Vasseur afirmou que a vit\u00f3ria \u00e9 um objetivo realista. &#8220;\u00c9 sempre poss\u00edvel vencer quando voc\u00ea larga da segunda fila. E \u00e9 verdade que, desde o in\u00edcio da temporada, temos ido um pouco melhor em corrida do que na classifica\u00e7\u00e3o. Tenho a sensa\u00e7\u00e3o de que estamos melhorando passo a passo, que estamos no in\u00edcio de algo&#8221;, come\u00e7ou em entrevista \u00e0 emissora brit\u00e2nica <em>Sky Sports<\/em>.<\/p>\n\n\n\n<p class=\"wp-block-paragraph\">&#8220;Mas \u00e9 verdade que o caminho ainda \u00e9 longo, sem contar que o que vai acontecer na corrida tamb\u00e9m ser\u00e1 influenciado pelo clima&#8221;, alertou o dirigente, que minimizou o fato de a Ferrari ter sido melhor do que a Mercedes em largadas. &#8220;At\u00e9 agora foi assim, mas isso n\u00e3o quer dizer que, por termos sido melhores at\u00e9 ontem, tamb\u00e9m seremos amanh\u00e3&#8221;, pontuou.<\/p>\n\n\n\n<p class=\"wp-block-paragraph\">&#8220;N\u00e3o \u00e9 apenas uma quest\u00e3o de pot\u00eancia [do motor], mas tamb\u00e9m de entrega de pot\u00eancia. \u00c0s vezes, \u00e9 tamb\u00e9m uma quest\u00e3o de estrat\u00e9gia sobre como decidimos entregar essa pot\u00eancia \u2014 se queremos faz\u00ea-lo ao longo de toda a reta ou tamb\u00e9m em outros pontos. Conversando com <strong>Toto<\/strong> [<strong>Wolff<\/strong>], acredito que a Mercedes tamb\u00e9m tenha mudado a abordagem entre ontem e hoje. Estamos todos em um processo de aprendizado, n\u00e3o \u00e9 simples&#8221;, explicou.<\/p>\n\n\n\n<figure class=\"wp-block-image size-full\"><img decoding=\"async\" src=\"https:\/\/www.grandepremio.com\/br\/wp-content\/uploads\/2026\/03\/AFP__20260305__99ZL3DB__v1__MidRes__AutoPrixF1Aus.jpg\" alt=\"\" class=\"wp-image-1065993\"\/><figcaption class=\"wp-element-caption\">Fr\u00e9d\u00e9ric Vasseur acredita na vit\u00f3ria da Ferrari em Miami (Foto: AFP)<\/figcaption><\/figure>\n\n\n\n<p class=\"wp-block-paragraph\">&#8220;Preciso me concentrar no desenvolvimento para incentivar todos na equipe a trazer atualiza\u00e7\u00f5es para o chassi, como fizemos neste campeonato, e \u00e9 isso que faremos o quanto antes tamb\u00e9m no motor. \u00c9 verdade que agora existe a oportunidade do <strong>ADUO<\/strong> (<strong>Oportunidades Adicionais de Desenvolvimento e Atualiza\u00e7\u00e3o<\/strong>). Precisamos esperar a divulga\u00e7\u00e3o do ranking da <strong>FIA<\/strong> (<strong>Federa\u00e7\u00e3o Internacional de Automobilismo<\/strong>), ou seja l\u00e1 como for chamado, e depois entender se poderemos desenvolver a unidade de pot\u00eancia ou n\u00e3o&#8221;, destacou o chefe da Ferrari.<\/p>\n\n\n\n<p class=\"wp-block-paragraph\">&#8220;No fim das contas, cada cent\u00e9simo far\u00e1 diferen\u00e7a. Haver\u00e1 uma converg\u00eancia de desempenho, como sempre, e n\u00f3s teremos de encontrar aquele d\u00e9cimo a mais&#8221;, concluiu.<\/p>\n\n\n\n<p class=\"wp-block-paragraph\">O&nbsp;<strong>GRANDE PR\u00caMIO<\/strong>&nbsp;acompanha todas as atividades do&nbsp;<strong>GP de Miami<\/strong>&nbsp;<a href=\"https:\/\/www.grandepremio.com\/br\/ao-vivo\/f1\/\"><strong>AO VIVO E EM&nbsp;<\/strong><\/a><strong><a href=\"https:\/\/www.grandepremio.com\/br\/ao-vivo\/\" target=\"_blank\" rel=\"noreferrer noopener\">TEMPO REAL<\/a><\/strong>,&nbsp;<a href=\"https:\/\/www.youtube.com\/@GrandePremio1\/streams\">al\u00e9m de classifica\u00e7\u00f5es e corridas em&nbsp;<strong>SEGUNDA TELA&nbsp;<\/strong>no YouTube<\/a>, em parceria com a&nbsp;<strong>Voz do Esporte<\/strong>. O&nbsp;<strong>Briefing&nbsp;<\/strong>chega para analisar ap\u00f3s o fim de cada dia de atividades nas redes sociais e na&nbsp;<strong>GPTV<\/strong>.<\/p>\n\n\n\n<p class=\"wp-block-paragraph\">Al\u00e9m disso, o&nbsp;<strong>GRANDE PR\u00caMIO<\/strong>&nbsp;est\u00e1 in loco em Miami com os rep\u00f3rteres&nbsp;<strong>Bernardo Castro<\/strong>&nbsp;e&nbsp;<strong>Leonid Kliuev<\/strong>.<\/p>\n\n\n\n<h2 class=\"wp-block-heading\" id=\"h-gp-de-miami-de-f1-veja-os-horarios-em-brasil-cabo-verde-portugal-angola-e-mocambique\">GP de Miami de F1: veja os hor\u00e1rios em Brasil, Cabo Verde, Portugal, Angola e Mo\u00e7ambique:<\/h2>\n\n\n\n<figure class=\"wp-block-table\"><table class=\"has-fixed-layout\"><tbody><tr><td class=\"has-text-align-left\" data-align=\"left\"><strong>Sess\u00e3o<\/strong><\/td><td class=\"has-text-align-left\" data-align=\"left\"><strong>BRA*<\/strong><\/td><td class=\"has-text-align-left\" data-align=\"left\"><strong>CBV<\/strong><\/td><td class=\"has-text-align-left\" data-align=\"left\"><strong>POR<\/strong><br><strong>ANG<\/strong><\/td><td class=\"has-text-align-left\" data-align=\"left\"><strong>MOZ<\/strong><\/td><\/tr><tr><td class=\"has-text-align-left\" data-align=\"left\">Corrida<\/td><td class=\"has-text-align-left\" data-align=\"left\">14:00<\/td><td class=\"has-text-align-left\" data-align=\"left\">16:00<\/td><td class=\"has-text-align-left\" data-align=\"left\">18:00<\/td><td class=\"has-text-align-left\" data-align=\"left\">19:00<\/td><\/tr><\/tbody><\/table><\/figure>\n\n\n\n<p class=\"wp-block-paragraph\">\u25b6\ufe0f&nbsp;<strong>Inscreva-se nos dois canais do GRANDE PR\u00caMIO no YouTube:&nbsp;<a href=\"https:\/\/www.youtube.com\/channel\/UC9OlHEgxoaY6QY6nWPoiqQg?sub_confirmation=1\">GP<\/a>&nbsp;|&nbsp;<a href=\"https:\/\/www.youtube.com\/channel\/UC9csiS6q_C3C0FYhyr1rnFA?sub_confirmation=1\">GPTV<\/a><\/strong><\/p>\n\n\n\n<h2 class=\"wp-block-heading\" id=\"h-f1-hoje-saiba-aqui-as-noticias-mais-importantes-do-dia-da-formula-1\">F1 hoje: saiba aqui as not\u00edcias mais importantes do dia da F\u00f3rmula 1<\/h2>\n\n\n\n<p class=\"wp-block-paragraph\">A reda\u00e7\u00e3o do&nbsp;<strong>GRANDE PR\u00caMIO<\/strong>&nbsp;selecionou as not\u00edcias mais importantes das \u00faltimas horas para voc\u00ea ficar por dentro de tudo que acontece na F1.<\/p>\n\n\n\n<p class=\"wp-block-paragraph\">\u25b6\ufe0f&nbsp;<a href=\"https:\/\/www.grandepremio.com\/br\/f1\/noticias\/5-coisas-aprendemos-sexta-feira-gp-miami-formula-1-2026\/\"><\/a><strong><a href=\"https:\/\/www.grandepremio.com\/br\/f1\/noticias\/andrea-kimi-antonelli-recoloca-mercedes-topo-pole-gp-miami-gabriel-bortoleto-ve-carro-pegar-fogo\/\">Antonelli recoloca Mercedes no topo com pole do GP de Miami. Bortoleto v\u00ea carro pegar fogo<\/a><\/strong><br>\u25b6\ufe0f&nbsp;<strong><a href=\"https:\/\/www.grandepremio.com\/br\/f1\/noticias\/lando-norris-voa-poe-mclaren-pole-corrida-sprint-gp-miami-bortoleto-11o\/\"><\/a><a href=\"https:\/\/www.grandepremio.com\/br\/galeria\/f1\/f1-2026-como-ficou-o-grid-de-largada-do-gp-de-miami\/\">F1 2026: como ficou o grid de largada do GP de Miami<\/a><\/strong><br>\u25b6\ufe0f&nbsp;<strong><a href=\"https:\/\/www.grandepremio.com\/br\/f1\/noticias\/charles-leclerc-danca-macarena-ferrari-lidera-treino-livre-gp-miami-gabriel-bortoleto-14o\/\"><\/a><a href=\"https:\/\/www.grandepremio.com\/br\/f1\/noticias\/gabriel-bortoleto-volta-sofrer-classificacao-ve-audi-pegar-fogo-final-q1-miami\/\">Bortoleto volta a sofrer na classifica\u00e7\u00e3o e v\u00ea Audi pegar fogo no final do Q1 em Miami<\/a><\/strong><br>\u25b6\ufe0f&nbsp;<a href=\"https:\/\/www.grandepremio.com\/br\/f1\/noticias\/andrea-kimi-antonelli-torce-magica-para-segurar-ponta-largada-gp-de-miami\/\"><strong>Antonelli torce por \u201cm\u00e1gica\u201d para segurar ponta na largada do GP de Miami<\/strong><\/a><br>\u25b6\ufe0f&nbsp;<a href=\"https:\/\/www.grandepremio.com\/br\/f1\/noticias\/max-verstappen-ve-2o-lugar-grid-miami-luz-fim-tunel-red-bull-f1\/\"><strong>Verstappen v\u00ea 2\u00ba lugar no grid de Miami como \u201cluz no fim do t\u00fanel\u201d para Red Bull na F1<\/strong><\/a><br>\u25b6\ufe0f&nbsp;<a href=\"https:\/\/www.grandepremio.com\/br\/f1\/noticias\/charles-leclerc-se-contenta-3o-lugar-grid-miami-nao-estamos-rapidos-bastante\/\"><strong>Leclerc se contenta com 3\u00ba lugar no grid de Miami: \u201cN\u00e3o estamos r\u00e1pidos o bastante\u201d<\/strong><\/a><\/p>\n","protected":false},"excerpt":{"rendered":"<p>Fr\u00e9d\u00e9ric Vasseur apostou no ritmo de corrida da Ferrari, que, de acordo com ele, tem apresentado bons sinais de evolu\u00e7\u00e3o desde o in\u00edcio da temporada 2026 da F\u00f3rmula 1<\/p>\n","protected":false},"author":0,"featured_media":1001082558,"comment_status":"closed","ping_status":"closed","sticky":false,"template":"","format":"standard","meta":{"42wp_featured_image_caption":"","42wp_featured_image_credits":"","42wp_featured_video":"","42wp_featured_image_hidden":false,"42wp_authors_list":[],"footnotes":""},"categories":[2],"tags":[31492,26271,209,5273,896,46648,2473,147,29516,29148,207,180,31425,28995,1322,873,34737,1491,28285,2834,30840,87,2470,45747,31473,35129,31470],"42wp_author":[47160],"class_list":["post-9455","post","type-post","status-publish","format-standard","has-post-thumbnail","hentry","category-f1","tag-autodromo-internacional-de-miami","tag-calendario-f1","tag-charles-leclerc","tag-classificacao-f1","tag-estados-unidos","tag-estados-unidos-2026","tag-estados-unidos-f1","tag-f1","tag-f1-2026","tag-f1-hoje","tag-ferrari","tag-formula-1","tag-formula-1-2026","tag-formula-1-hoje","tag-frederic-vasseur","tag-gp-de-miami","tag-gp-de-miami-f1","tag-grande-premio","tag-grandepremio","tag-hard-rock-stadium","tag-horarios-f1","tag-lewis-hamilton","tag-miami","tag-miami-2026","tag-miami-f1","tag-onde-assistir-f1","tag-temporada-2026-f1","42wp_author-vicente-soella"],"_links":{"self":[{"href":"https:\/\/grandepremio.com\/br\/wp-json\/wp\/v2\/posts\/9455","targetHints":{"allow":["GET"]}}],"collection":[{"href":"https:\/\/grandepremio.com\/br\/wp-json\/wp\/v2\/posts"}],"about":[{"href":"https:\/\/grandepremio.com\/br\/wp-json\/wp\/v2\/types\/post"}],"replies":[{"embeddable":true,"href":"https:\/\/grandepremio.com\/br\/wp-json\/wp\/v2\/comments?post=9455"}],"version-history":[{"count":0,"href":"https:\/\/grandepremio.com\/br\/wp-json\/wp\/v2\/posts\/9455\/revisions"}],"wp:featuredmedia":[{"embeddable":true,"href":"https:\/\/grandepremio.com\/br\/wp-json\/wp\/v2\/media\/1001082558"}],"wp:attachment":[{"href":"https:\/\/grandepremio.com\/br\/wp-json\/wp\/v2\/media?parent=9455"}],"wp:term":[{"taxonomy":"category","embeddable":true,"href":"https:\/\/grandepremio.com\/br\/wp-json\/wp\/v2\/categories?post=9455"},{"taxonomy":"post_tag","embeddable":true,"href":"https:\/\/grandepremio.com\/br\/wp-json\/wp\/v2\/tags?post=9455"},{"taxonomy":"42wp_author","embeddable":true,"href":"https:\/\/grandepremio.com\/br\/wp-json\/wp\/v2\/42wp_author?post=9455"}],"curies":[{"name":"wp","href":"https:\/\/api.w.org\/{rel}","templated":true}]}}