{"id":94572,"date":"2023-11-19T06:09:02","date_gmt":"2023-11-19T09:09:02","guid":{"rendered":"https:\/\/grandepremio.com\/br\/noticias\/red-bull-comemora-incrivel-empolgante-gp-las-vegas-otima-corrida\/"},"modified":"2023-11-19T06:09:17","modified_gmt":"2023-11-19T09:09:17","slug":"red-bull-comemora-incrivel-empolgante-gp-las-vegas-otima-corrida","status":"publish","type":"post","link":"https:\/\/grandepremio.com\/br\/f1\/red-bull-comemora-incrivel-empolgante-gp-las-vegas-otima-corrida\/","title":{"rendered":"Red Bull comemora &#8220;incr\u00edvel e empolgante&#8221; GP de Las Vegas: &#8220;\u00d3tima corrida&#8221;"},"content":{"rendered":"\n<p class=\"wp-block-paragraph\">O <strong>GP de Las Vegas<\/strong>, <a href=\"https:\/\/www.grandepremio.com\/br\/f1\/noticias\/max-verstappen-punido-passa-charles-leclerc-duas-vezes-vence-confuso-gp-de-las-vegas-formula-1\/\">realizado na madrugada deste domingo (19)<\/a>, contou com algumas reviravoltas, mas o resultado final foi o mesmo de quase toda a temporada: vit\u00f3ria de <strong>Max Verstappen<\/strong> e da <strong>Red Bull<\/strong>. Por\u00e9m, desta vez, o time austr\u00edaco ainda contou com <strong>Sergio P\u00e9rez <\/strong>no p\u00f3dio. <strong>Christian Horner<\/strong>, chefe da equipe, expressou a satisfa\u00e7\u00e3o com o resultado, mas tamb\u00e9m com o evento todo na cidade americana.<\/p>\n\n\n\n<p class=\"wp-block-paragraph\">\u201cFoi uma corrida incr\u00edvel e empolgante. Temos retas longas, zonas de frenagem intensas e pouca ader\u00eancia, o que torna tudo mais complicado para os pilotos. Achei que proporcionou uma \u00f3tima prova, e as velocidades por aqui s\u00e3o insanas&#8221;, elogiou Horner.<\/p>\n\n\n\n<p class=\"wp-block-paragraph\">&#8220;O layout do circuito e a pista super escorregadia nos trouxeram uma \u00f3tima corrida. Os pilotos realmente trabalharam muito hoje. Fechei os olhos por alguns momentos,. especialmente com os pneus estando t\u00e3o frios na relargada\u201d, completou.<\/p>\n\n\n\n<figure class=\"wp-block-image size-large\"><img decoding=\"async\" src=\"https:\/\/www.grandepremio.com\/br\/wp-content\/uploads\/2023\/11\/las-vegas-2023-f1-corrida-red-bull-max-verstappen-03-1024x683.jpg\" alt=\"\" class=\"wp-image-755877\"\/><figcaption class=\"wp-element-caption\">Max Verstappen venceu pela Red Bull e empatou com Sebastian Vettel nas estat\u00edsticas da F1 (Foto: Red Bull Content Pool)<\/figcaption><\/figure>\n\n\n\n<p class=\"wp-block-paragraph\">A vit\u00f3ria de Verstappen recebeu elogios especiais de Horner, apesar da puni\u00e7\u00e3o que o neerland\u00eas sofreu ao empurrar <strong>Charles Leclerc<\/strong> para fora da pista na largada.\u00a0&#8220;Max adora uma corrida assim, mesmo levando uma puni\u00e7\u00e3o. A forma como ele lutou ap\u00f3s isso foi fant\u00e1stica. Acho que ele mudou de ideia sobre Vegas&#8221;, disse o dirigente.<\/p>\n\n\n\n<p class=\"wp-block-paragraph\">Ainda, o resultado da prova americana foi importante para garantir o vice-campeonato do Mundial de Pilotos a P\u00e9rez. O terceiro lugar do mexicano, somado ao s\u00e9timo lugar de <strong>Lewis Hamilton<\/strong>, assegurou o segundo lugar em 2023, sendo a primeira vez que a Red Bull assegura as duas primeiras posi\u00e7\u00f5es na tabela.<\/p>\n\n\n\n<p class=\"wp-block-paragraph\">A&nbsp;<strong><a href=\"https:\/\/www.grandepremio.com\/formula-1\/\" target=\"_blank\" rel=\"noreferrer noopener\"><\/a><a href=\"https:\/\/www.grandepremio.com\/formula-1\/\" target=\"_blank\" rel=\"noreferrer noopener\">F\u00f3rmula 1<\/a><\/strong>&nbsp;retorna na semana que vem, entre os dias 24 e 26 de novembro, com o&nbsp;<strong>GP de Abu Dhabi<\/strong>, nos&nbsp;<strong>Emirados \u00c1rabes Unidos<\/strong>, 22\u00aa e \u00faltima etapa da temporada 2023. O&nbsp;<strong>GRANDE PR\u00caMIO<\/strong>&nbsp;acompanha tudo.<\/p>\n\n\n\n<p class=\"wp-block-paragraph\"><strong>\u25b6\ufe0f&nbsp;Inscreva-se nos dois canais do GRANDE PR\u00caMIO no YouTube:&nbsp;<a href=\"https:\/\/www.youtube.com\/channel\/UC9OlHEgxoaY6QY6nWPoiqQg?sub_confirmation=1\" target=\"_blank\" rel=\"noreferrer noopener\">GP<\/a>&nbsp;|&nbsp;<a href=\"https:\/\/www.youtube.com\/channel\/UC9csiS6q_C3C0FYhyr1rnFA?sub_confirmation=1\" target=\"_blank\" rel=\"noreferrer noopener\">GP2<\/a><\/strong><br><strong>\u25b6\ufe0f&nbsp;<a href=\"https:\/\/www.twitch.tv\/grandepremio\" target=\"_blank\" rel=\"noreferrer noopener\">Conhe\u00e7a o canal do GRANDE PR\u00caMIO na Twitch clicando aqui!<\/a><\/strong><\/p>\n\n\n\n<figure class=\"wp-block-embed is-type-video is-provider-youtube wp-block-embed-youtube wp-embed-aspect-16-9 wp-has-aspect-ratio\"><div class=\"wp-block-embed__wrapper\">\n<iframe loading=\"lazy\" title=\"VERSTAPPEN vence MOVIMENTADO GP de LAS VEGAS de F1. Leclerc 2\u00ba, P\u00e9rez 3\u00ba | Briefing\" width=\"500\" height=\"281\" src=\"https:\/\/www.youtube.com\/embed\/7u2zIjJ4cEo?feature=oembed\" frameborder=\"0\" allow=\"accelerometer; autoplay; clipboard-write; encrypted-media; gyroscope; picture-in-picture; web-share\" referrerpolicy=\"strict-origin-when-cross-origin\" allowfullscreen><\/iframe>\n<\/div><\/figure>\n","protected":false},"excerpt":{"rendered":"<p>Christian Horner, chefe de equipe da Red Bull, foi s\u00f3 elogios para o circuito nas ruas de Las Vegas e para Max Verstappen, vencedor da prova<\/p>\n","protected":false},"author":0,"featured_media":1000755960,"comment_status":"closed","ping_status":"closed","sticky":false,"template":"","format":"standard","meta":{"42wp_featured_image_caption":"","42wp_featured_image_credits":"","42wp_featured_video":"","42wp_featured_image_hidden":false,"42wp_authors_list":[],"footnotes":""},"categories":[2],"tags":[655,969,896,1983,147,6533,180,31212,37157,37156,1491,28285,203,204,3132],"42wp_author":[47157],"class_list":["post-94572","post","type-post","status-publish","format-standard","has-post-thumbnail","hentry","category-f1","tag-christian-horner","tag-corrida","tag-estados-unidos","tag-eua","tag-f1","tag-f1-2023","tag-formula-1","tag-gp-de-las-vegas","tag-gp-de-las-vegas-de-formula-1","tag-gp-de-las-vegas-f1","tag-grande-premio","tag-grandepremio","tag-max-verstappen","tag-red-bull","tag-sergio-perez","42wp_author-jonas-souza"],"_links":{"self":[{"href":"https:\/\/grandepremio.com\/br\/wp-json\/wp\/v2\/posts\/94572","targetHints":{"allow":["GET"]}}],"collection":[{"href":"https:\/\/grandepremio.com\/br\/wp-json\/wp\/v2\/posts"}],"about":[{"href":"https:\/\/grandepremio.com\/br\/wp-json\/wp\/v2\/types\/post"}],"replies":[{"embeddable":true,"href":"https:\/\/grandepremio.com\/br\/wp-json\/wp\/v2\/comments?post=94572"}],"version-history":[{"count":0,"href":"https:\/\/grandepremio.com\/br\/wp-json\/wp\/v2\/posts\/94572\/revisions"}],"wp:featuredmedia":[{"embeddable":true,"href":"https:\/\/grandepremio.com\/br\/wp-json\/wp\/v2\/media\/1000755960"}],"wp:attachment":[{"href":"https:\/\/grandepremio.com\/br\/wp-json\/wp\/v2\/media?parent=94572"}],"wp:term":[{"taxonomy":"category","embeddable":true,"href":"https:\/\/grandepremio.com\/br\/wp-json\/wp\/v2\/categories?post=94572"},{"taxonomy":"post_tag","embeddable":true,"href":"https:\/\/grandepremio.com\/br\/wp-json\/wp\/v2\/tags?post=94572"},{"taxonomy":"42wp_author","embeddable":true,"href":"https:\/\/grandepremio.com\/br\/wp-json\/wp\/v2\/42wp_author?post=94572"}],"curies":[{"name":"wp","href":"https:\/\/api.w.org\/{rel}","templated":true}]}}