{"id":94717,"date":"2023-11-18T08:47:27","date_gmt":"2023-11-18T11:47:27","guid":{"rendered":"https:\/\/grandepremio.com\/br\/noticias\/kevin-magnussen-vibra-com-briga-cima-quer-ver-carro-pode-fazer-las-vegas\/"},"modified":"2023-11-18T11:19:50","modified_gmt":"2023-11-18T14:19:50","slug":"kevin-magnussen-vibra-com-briga-cima-quer-ver-carro-pode-fazer-las-vegas","status":"publish","type":"post","link":"https:\/\/grandepremio.com\/br\/f1\/kevin-magnussen-vibra-com-briga-cima-quer-ver-carro-pode-fazer-las-vegas\/","title":{"rendered":"Magnussen vibra com &#8220;briga em cima&#8221; e quer &#8220;ver o que carro pode fazer&#8221; em Las Vegas"},"content":{"rendered":"\n<p class=\"wp-block-paragraph\">A <strong>Haas<\/strong> viveu um dia positivo neste s\u00e1bado (18) de <strong><a href=\"https:\/\/www.grandepremio.com\/br\/f1\/noticias\/charles-leclerc-domina-conquista-pole-gp-de-las-vegas-formula-1-lewis-hamilton-sergio-perez-caem-q2\/\" class=\"ek-link\">classifica\u00e7\u00e3o que definiu o grid de largada para o GP de Las Vegas<\/a><\/strong> da <strong>F\u00f3rmula 1<\/strong>: os dois pilotos nas primeiras 13 coloca\u00e7\u00f5es. <strong>Kevin Magnussen<\/strong> foi at\u00e9 o Q3, terminou com o nono lugar na pista, mas, <strong><a href=\"https:\/\/www.grandepremio.com\/br\/f1\/noticias\/fia-rejeita-pedido-ferrari-confirma-punicao-carlos-sainz-trocas-las-vegas\/\" class=\"ek-link\">gra\u00e7as a uma puni\u00e7\u00e3o<\/a><\/strong> a <strong>Carlos Sainz<\/strong>, larga no oitavo lugar. O suficiente para causar vibra\u00e7\u00e3o da parte do piloto dinamarqu\u00eas.<\/p>\n\n\n\n<p class=\"wp-block-paragraph\">Magnussen, que tem tido dificuldades recentemente com a Haas, valorizou o fato de estar entre os primeiros colocados. Lembrou, por\u00e9m, que n\u00e3o \u00e9 a primeira vez que a equipe consegue algo assim no ano, mas, normalmente, h\u00e1 queda brusca de rendimento entre classifica\u00e7\u00e3o e corrida. A busca \u00e9 por evitar que se repita.<\/p>\n\n\n\n<p class=\"wp-block-paragraph\">&#8220;\u00c9 bom estar na briga da parte de cima. Estou realmente feliz com isso&#8221;, afirmou.<\/p>\n\n\n\n<p class=\"wp-block-paragraph\">&#8220;Em termos de classifica\u00e7\u00e3o, j\u00e1 fomos bem antes e ca\u00edmos muito durante a corrida. \u00c9 o que tentaremos evitar amanh\u00e3&#8221;, seguiu.<\/p>\n\n\n\n<figure class=\"wp-block-image size-large\"><img decoding=\"async\" src=\"https:\/\/www.grandepremio.com\/br\/wp-content\/uploads\/2023\/11\/las-vegas-2023-f1-classificacao-haas-kevin-magnussen-01-1024x682.jpg\" alt=\"\" class=\"wp-image-755106\"\/><figcaption class=\"wp-element-caption\">Kevin Magnussen larga no oitavo lugar em Las Vegas (Foto: Haas F1 Team)<\/figcaption><\/figure>\n\n\n\n<p class=\"wp-block-paragraph\">&#8220;Ontem tinha muito desgaste com o esfarelamento dos pneus, ent\u00e3o vamos ver como faremos para gerenciar amanh\u00e3. Ser\u00e1 chave para a corrida. Faremos nosso melhor e, a\u00ed, vamos ver o que o carro pode fazer&#8221;, encerrou.<\/p>\n\n\n\n<p class=\"wp-block-paragraph\">O&nbsp;<strong>GRANDE PR\u00caMIO<\/strong>&nbsp;acompanha todas as atividades do GP de Las Vegas de&nbsp;<a href=\"https:\/\/www.grandepremio.com\/formula-1\/\" target=\"_blank\" rel=\"noreferrer noopener\">F\u00f3rmula 1<\/a>&nbsp;<a href=\"https:\/\/www.grandepremio.com\/br\/ao-vivo\/f1\/\" target=\"_blank\" rel=\"noreferrer noopener\"><strong>AO VIVO<\/strong>&nbsp;e&nbsp;<strong>EM&nbsp;<\/strong><\/a><strong><a href=\"https:\/\/www.grandepremio.com\/br\/ao-vivo\/\" target=\"_blank\" rel=\"noreferrer noopener\">TEMPO REAL<\/a><\/strong>. No domingo, a largada est\u00e1 marcada para as 3h (de Bras\u00edlia, GMT-3). Em&nbsp;<strong>SEGUNDA TELA<\/strong>, o&nbsp;<strong>GP&nbsp;<\/strong>acompanha a etapa com transmiss\u00f5es da classifica\u00e7\u00e3o, da sprint e da corrida. Na sexta-feira, no s\u00e1bado e no domingo, o&nbsp;<strong>BRIEFING&nbsp;<\/strong>repercute tudo que acontece na etapa estreante.<\/p>\n\n\n\n<p class=\"wp-block-paragraph\"><strong>\u25b6\ufe0f\u00a0Inscreva-se nos dois canais do GRANDE PR\u00caMIO no YouTube:\u00a0<a href=\"https:\/\/www.youtube.com\/channel\/UC9OlHEgxoaY6QY6nWPoiqQg?sub_confirmation=1\" target=\"_blank\" rel=\"noreferrer noopener\">GP<\/a>\u00a0|\u00a0<a href=\"https:\/\/www.youtube.com\/channel\/UC9csiS6q_C3C0FYhyr1rnFA?sub_confirmation=1\" target=\"_blank\" rel=\"noreferrer noopener\">GP2<\/a><\/strong><br><strong>\u25b6\ufe0f\u00a0<a href=\"https:\/\/www.twitch.tv\/grandepremio\" target=\"_blank\" rel=\"noreferrer noopener\">Conhe\u00e7a o canal do GRANDE PR\u00caMIO na Twitch clicando aqui!<\/a><\/strong><\/p>\n\n\n\n<figure class=\"wp-block-embed is-type-video is-provider-youtube wp-block-embed-youtube wp-embed-aspect-16-9 wp-has-aspect-ratio\"><div class=\"wp-block-embed__wrapper\">\n<iframe loading=\"lazy\" title=\"F1 2023: LECLERC POLE, VERSTAPPEN 2\u00ba, HAMILTON FALHA: grid de largada do GP de Las Vegas | Briefing\" width=\"500\" height=\"281\" src=\"https:\/\/www.youtube.com\/embed\/kF6ppyzc4Rg?feature=oembed\" frameborder=\"0\" allow=\"accelerometer; autoplay; clipboard-write; encrypted-media; gyroscope; picture-in-picture; web-share\" referrerpolicy=\"strict-origin-when-cross-origin\" allowfullscreen><\/iframe>\n<\/div><figcaption class=\"wp-element-caption\">\ud83d\udd34AO VIVO! Leclerc SOBRA e fica com POLE do GP de LAS VEGAS. Verstappen 2\u00ba | Briefing<\/figcaption><\/figure>\n","protected":false},"excerpt":{"rendered":"<p>Kevin Magnussen larga na oitava coloca\u00e7\u00e3o do GP de Las Vegas e tem meta clara: evitar que queda brusca de rendimento na corrida se repita<\/p>\n","protected":false},"author":0,"featured_media":1000755025,"comment_status":"closed","ping_status":"closed","sticky":false,"template":"","format":"standard","meta":{"42wp_featured_image_caption":"","42wp_featured_image_credits":"","42wp_featured_video":"","42wp_featured_image_hidden":false,"42wp_authors_list":[],"footnotes":""},"categories":[2],"tags":[6533,642,30722,37139,37141,31212,1491,26123,30103,28285,119,117,37042],"42wp_author":[47120],"class_list":["post-94717","post","type-post","status-publish","format-standard","has-post-thumbnail","hentry","category-f1","tag-f1-2023","tag-f1-ao-vivo","tag-formula-1-2023","tag-formula-1-eua","tag-formula-1-las-vegas","tag-gp-de-las-vegas","tag-grande-premio","tag-grande-premio-ao-vivo","tag-grande-premio-f1","tag-grandepremio","tag-haas","tag-kevin-magnussen","tag-transmissao-ao-vivo-f1","42wp_author-pedro-henrique-marum"],"_links":{"self":[{"href":"https:\/\/grandepremio.com\/br\/wp-json\/wp\/v2\/posts\/94717","targetHints":{"allow":["GET"]}}],"collection":[{"href":"https:\/\/grandepremio.com\/br\/wp-json\/wp\/v2\/posts"}],"about":[{"href":"https:\/\/grandepremio.com\/br\/wp-json\/wp\/v2\/types\/post"}],"replies":[{"embeddable":true,"href":"https:\/\/grandepremio.com\/br\/wp-json\/wp\/v2\/comments?post=94717"}],"version-history":[{"count":0,"href":"https:\/\/grandepremio.com\/br\/wp-json\/wp\/v2\/posts\/94717\/revisions"}],"wp:featuredmedia":[{"embeddable":true,"href":"https:\/\/grandepremio.com\/br\/wp-json\/wp\/v2\/media\/1000755025"}],"wp:attachment":[{"href":"https:\/\/grandepremio.com\/br\/wp-json\/wp\/v2\/media?parent=94717"}],"wp:term":[{"taxonomy":"category","embeddable":true,"href":"https:\/\/grandepremio.com\/br\/wp-json\/wp\/v2\/categories?post=94717"},{"taxonomy":"post_tag","embeddable":true,"href":"https:\/\/grandepremio.com\/br\/wp-json\/wp\/v2\/tags?post=94717"},{"taxonomy":"42wp_author","embeddable":true,"href":"https:\/\/grandepremio.com\/br\/wp-json\/wp\/v2\/42wp_author?post=94717"}],"curies":[{"name":"wp","href":"https:\/\/api.w.org\/{rel}","templated":true}]}}