{"id":94747,"date":"2023-11-18T07:11:35","date_gmt":"2023-11-18T10:11:35","guid":{"rendered":"https:\/\/grandepremio.com\/br\/noticias\/sergio-perez-terminar-q2-estrategia-original-classificacao-las-vegas-formula-1\/"},"modified":"2023-11-18T11:20:57","modified_gmt":"2023-11-18T14:20:57","slug":"sergio-perez-terminar-q2-estrategia-original-classificacao-las-vegas-formula-1","status":"publish","type":"post","link":"https:\/\/grandepremio.com\/br\/f1\/sergio-perez-terminar-q2-estrategia-original-classificacao-las-vegas-formula-1\/","title":{"rendered":"P\u00e9rez diz que terminar Q2 cedo era &#8220;estrat\u00e9gia original&#8221; para classifica\u00e7\u00e3o em Las Vegas"},"content":{"rendered":"\n<p class=\"wp-block-paragraph\">Em mais uma oportunidade da temporada 2023, <strong>Sergio P\u00e9rez<\/strong> ficou fora da fase decisiva de uma classifica\u00e7\u00e3o. Aconteceu neste s\u00e1bado (18), em <strong>Las Vegas<\/strong>, quando o piloto da <strong>Red Bull<\/strong> <strong><a href=\"https:\/\/www.grandepremio.com\/br\/f1\/noticias\/charles-leclerc-domina-conquista-pole-gp-de-las-vegas-formula-1-lewis-hamilton-sergio-perez-caem-q2\/\" class=\"ek-link\">caiu no Q2 com o 12\u00ba tempo<\/a><\/strong>. E a queda veio com estrat\u00e9gia diferente, que deu errado. Segundo P\u00e9rez, por\u00e9m, era o plano.<\/p>\n\n\n\n<p class=\"wp-block-paragraph\">P\u00e9rez recolheu o carro e encerrou a participa\u00e7\u00e3o no Q2 ainda com tr\u00eas minutos pela frente naquela fase da forma\u00e7\u00e3o de grid, quando estava na sexta posi\u00e7\u00e3o. De dentro dos boxes, viu uma por\u00e7\u00e3o de gente melhorar volta e ficou eliminado. Como <strong>Carlos Sainz<\/strong> recebeu puni\u00e7\u00e3o, P\u00e9rez subiu de 12\u00ba para 11\u00ba no grid de largada.<\/p>\n\n\n\n<p class=\"wp-block-paragraph\">No r\u00e1dio, ainda questionou. &#8220;Terminamos cedo demais, n\u00e3o?&#8221;, falou. A reposta do engenheiro foi exatamente que aquilo era o combinado. Ap\u00f3s sair do carro, corroborou.<\/p>\n\n\n\n<p class=\"wp-block-paragraph\">&#8220;Sab\u00edamos que aquela era nossa estrat\u00e9gia desde o in\u00edcio&#8221;, afirmou.<\/p>\n\n\n\n<figure class=\"wp-block-image size-large\"><img decoding=\"async\" src=\"https:\/\/www.grandepremio.com\/br\/wp-content\/uploads\/2023\/11\/las-vegas-2023-f1-treino-livre-red-bull-sergioperez-afp-01-3-1024x682.jpg\" alt=\"\" class=\"wp-image-754954\"\/><figcaption class=\"wp-element-caption\">Sergio P\u00e9rez larga na 11\u00aa posi\u00e7\u00e3o (Foto: AFP) <\/figcaption><\/figure>\n\n\n\n<p class=\"wp-block-paragraph\">&#8220;\u00c9 uma pista nova e fomos pegos. J\u00e1 n\u00e3o est\u00e1vamos bem no Q1, ent\u00e3o s\u00e3o v\u00e1rias coisas para discutir internamente&#8221;, seguiu.<\/p>\n\n\n\n<p class=\"wp-block-paragraph\">&#8220;A corrida de amanh\u00e3 ser\u00e1 interessante. \u00c9 poss\u00edvel que aconte\u00e7a muita coisa, de verdade&#8221;, finalizou.<\/p>\n\n\n\n<p class=\"wp-block-paragraph\">O\u00a0<strong>GRANDE PR\u00caMIO<\/strong>\u00a0acompanha todas as atividades do GP de Las Vegas de\u00a0<a href=\"https:\/\/www.grandepremio.com\/formula-1\/\" target=\"_blank\" rel=\"noreferrer noopener\">F\u00f3rmula 1<\/a>\u00a0<a href=\"https:\/\/www.grandepremio.com\/br\/ao-vivo\/f1\/\" target=\"_blank\" rel=\"noreferrer noopener\"><strong>AO VIVO<\/strong>\u00a0e\u00a0<strong>EM\u00a0<\/strong><\/a><strong><a href=\"https:\/\/www.grandepremio.com\/br\/ao-vivo\/\" target=\"_blank\" rel=\"noreferrer noopener\">TEMPO REAL<\/a><\/strong>. No domingo, a largada est\u00e1 marcada para as 3h (de Bras\u00edlia, GMT-3). Em\u00a0<strong>SEGUNDA TELA<\/strong>, o\u00a0<strong>GP\u00a0<\/strong>acompanha a etapa com transmiss\u00f5es da classifica\u00e7\u00e3o, da sprint e da corrida. Na sexta-feira, no s\u00e1bado e no domingo, o\u00a0<strong>BRIEFING\u00a0<\/strong>repercute tudo que acontece na etapa estreante.<\/p>\n\n\n\n<p class=\"wp-block-paragraph\"><strong>\u25b6\ufe0f\u00a0Inscreva-se nos dois canais do GRANDE PR\u00caMIO no YouTube:\u00a0<a href=\"https:\/\/www.youtube.com\/channel\/UC9OlHEgxoaY6QY6nWPoiqQg?sub_confirmation=1\" target=\"_blank\" rel=\"noreferrer noopener\">GP<\/a>\u00a0|\u00a0<a href=\"https:\/\/www.youtube.com\/channel\/UC9csiS6q_C3C0FYhyr1rnFA?sub_confirmation=1\" target=\"_blank\" rel=\"noreferrer noopener\">GP2<\/a><\/strong><br><strong>\u25b6\ufe0f\u00a0<a href=\"https:\/\/www.twitch.tv\/grandepremio\" target=\"_blank\" rel=\"noreferrer noopener\">Conhe\u00e7a o canal do GRANDE PR\u00caMIO na Twitch clicando aqui!<\/a><\/strong><\/p>\n\n\n\n<figure class=\"wp-block-embed is-type-video is-provider-youtube wp-block-embed-youtube wp-embed-aspect-16-9 wp-has-aspect-ratio\"><div class=\"wp-block-embed__wrapper\">\n<iframe loading=\"lazy\" title=\"F1 2023: LECLERC POLE, VERSTAPPEN 2\u00ba, HAMILTON FALHA: grid de largada do GP de Las Vegas | Briefing\" width=\"500\" height=\"281\" src=\"https:\/\/www.youtube.com\/embed\/kF6ppyzc4Rg?feature=oembed\" frameborder=\"0\" allow=\"accelerometer; autoplay; clipboard-write; encrypted-media; gyroscope; picture-in-picture; web-share\" referrerpolicy=\"strict-origin-when-cross-origin\" allowfullscreen><\/iframe>\n<\/div><figcaption class=\"wp-element-caption\">\ud83d\udd34AO VIVO! Leclerc SOBRA e fica com POLE do GP de LAS VEGAS. Verstappen 2\u00ba | Briefing<\/figcaption><\/figure>\n","protected":false},"excerpt":{"rendered":"<p>Sergio P\u00e9rez foi eliminado no Q2 do GP de Las Vegas com uma t\u00e1tica diferente. Mas, segundo ele, era aquele o combinado previamente<\/p>\n","protected":false},"author":0,"featured_media":1000755136,"comment_status":"closed","ping_status":"closed","sticky":false,"template":"","format":"standard","meta":{"42wp_featured_image_caption":"","42wp_featured_image_credits":"","42wp_featured_video":"","42wp_featured_image_hidden":false,"42wp_authors_list":[],"footnotes":""},"categories":[2],"tags":[6533,642,30722,37139,37141,31212,1491,26123,30103,28285,204,3132,37042],"42wp_author":[47120],"class_list":["post-94747","post","type-post","status-publish","format-standard","has-post-thumbnail","hentry","category-f1","tag-f1-2023","tag-f1-ao-vivo","tag-formula-1-2023","tag-formula-1-eua","tag-formula-1-las-vegas","tag-gp-de-las-vegas","tag-grande-premio","tag-grande-premio-ao-vivo","tag-grande-premio-f1","tag-grandepremio","tag-red-bull","tag-sergio-perez","tag-transmissao-ao-vivo-f1","42wp_author-pedro-henrique-marum"],"_links":{"self":[{"href":"https:\/\/grandepremio.com\/br\/wp-json\/wp\/v2\/posts\/94747","targetHints":{"allow":["GET"]}}],"collection":[{"href":"https:\/\/grandepremio.com\/br\/wp-json\/wp\/v2\/posts"}],"about":[{"href":"https:\/\/grandepremio.com\/br\/wp-json\/wp\/v2\/types\/post"}],"replies":[{"embeddable":true,"href":"https:\/\/grandepremio.com\/br\/wp-json\/wp\/v2\/comments?post=94747"}],"version-history":[{"count":0,"href":"https:\/\/grandepremio.com\/br\/wp-json\/wp\/v2\/posts\/94747\/revisions"}],"wp:featuredmedia":[{"embeddable":true,"href":"https:\/\/grandepremio.com\/br\/wp-json\/wp\/v2\/media\/1000755136"}],"wp:attachment":[{"href":"https:\/\/grandepremio.com\/br\/wp-json\/wp\/v2\/media?parent=94747"}],"wp:term":[{"taxonomy":"category","embeddable":true,"href":"https:\/\/grandepremio.com\/br\/wp-json\/wp\/v2\/categories?post=94747"},{"taxonomy":"post_tag","embeddable":true,"href":"https:\/\/grandepremio.com\/br\/wp-json\/wp\/v2\/tags?post=94747"},{"taxonomy":"42wp_author","embeddable":true,"href":"https:\/\/grandepremio.com\/br\/wp-json\/wp\/v2\/42wp_author?post=94747"}],"curies":[{"name":"wp","href":"https:\/\/api.w.org\/{rel}","templated":true}]}}