{"id":94889,"date":"2023-11-17T09:01:02","date_gmt":"2023-11-17T12:01:02","guid":{"rendered":"https:\/\/grandepremio.com\/br\/noticias\/charles-leclerc-lidera-tl2-chacota-dia-formula-1-perdida-personagem-las-vegas\/"},"modified":"2023-11-19T05:33:59","modified_gmt":"2023-11-19T08:33:59","slug":"charles-leclerc-lidera-tl2-chacota-dia-formula-1-perdida-personagem-las-vegas","status":"publish","type":"post","link":"https:\/\/grandepremio.com\/br\/f1\/charles-leclerc-lidera-tl2-chacota-dia-formula-1-perdida-personagem-las-vegas\/","title":{"rendered":"Leclerc lidera TL2 da chacota em dia de F1 perdida no personagem em Las Vegas"},"content":{"rendered":"\n<p class=\"wp-block-paragraph\"><strong>F\u00f3rmula 1<\/strong> e <strong>FIA<\/strong> t\u00eam cada uma a sua cota de decis\u00f5es contest\u00e1veis e dias que gostariam fazer todo mundo esquecer. Mas o que aconteceu na madrugada desta sexta-feira (17) se aproximou de uma chacota no j\u00e1 por natureza buf\u00e3o <strong>GP de Las Vegas<\/strong>. O rel\u00f3gio local apontava 2h30 (7h30 de Bras\u00edlia, GMT-3), quando finalmente o treino livre 2 come\u00e7ou. E <strong>Charles Leclerc<\/strong> foi o l\u00edder, mas pouco importou o que aconteceu na tabela de tempos. <\/p>\n\n\n\n<p class=\"wp-block-paragraph\">O motivo pelo atraso foi seguran\u00e7a. Durante o TL1, ap\u00f3s cerca de dez minutos de bandeira verde, <strong>Carlos Sainz<\/strong> <strong><a href=\"https:\/\/www.grandepremio.com\/br\/f1\/noticias\/formula-1-faz-vergonha-cancela-tl1-gp-de-las-vegas-apos-carlos-sainz-trombar-bueiro\/\" class=\"ek-link\">se chocou contra uma tampa solta de bueiro<\/a><\/strong> na reta e destruiu a parte inferior do carro, causando bandeira vermelha e, em seguida, o cancelamento do treino ap\u00f3s apenas alguns minutos. <strong>Esteban Ocon<\/strong> tamb\u00e9m bateu ali e danificou gravemente o chassi, que teve de ser mudado.<\/p>\n\n\n\n<p class=\"wp-block-paragraph\">Come\u00e7ou, ent\u00e3o, uma for\u00e7a-tarefa entre FIA, F1 e organiza\u00e7\u00e3o da prova para analisar todos os bueiros da pista e trabalhar ativamente em 30 destes para adequ\u00e1-los \u00e0s necessidades de seguran\u00e7a no tra\u00e7ado.<\/p>\n\n\n\n<p class=\"wp-block-paragraph\">\u201cAp\u00f3s a inspe\u00e7\u00e3o, detectamos que foi o molde de concreto que cerca a tampa do bueiro que falhou. Temos de checar todos os outros bueiros, o que vai levar algum tempo\u201d, afirmou A FIA em comunicado \u00e0quela altura.<\/p>\n\n\n\n<p class=\"wp-block-paragraph\">O TL2 come\u00e7ou a ser assunto. Decis\u00e3o inicial foi aumentar a sess\u00e3o em 30 minutos, para 1h30min, tentando compensar o cancelamento do TL1. Mas <strong><a href=\"https:\/\/www.grandepremio.com\/br\/f1\/noticias\/fia-confirma-atraso-inicio-tl2-las-vegas-incidente-tampa-bueiro\/\" class=\"ek-link\">a atividade foi adiada e empurrada<\/a><\/strong> da 0h local (5h de Bras\u00edlia) para 2h. Depois, 2h15; a\u00ed, 2h30. Como a F1 deveria entregar a pista para voltar a fazer parte da conviv\u00eancia di\u00e1ria de Las Vegas \u00e0s 4h, o hor\u00e1rio ficou apertado.<\/p>\n\n\n\n<p class=\"wp-block-paragraph\">No meio da busca por realizar o treino e sem tempo para escoar as pessoas antes das 4h, a organiza\u00e7\u00e3o decidiu <strong><a href=\"https:\/\/www.grandepremio.com\/br\/f1\/noticias\/gp-las-vegas-manda-torcedores-casa-realiza-tl2-portoes-fechados\/\" class=\"ek-link\">esvaziar as arquibancadas antes do TL2<\/a><\/strong> e realizar o treino sem p\u00fablico. Faltava saber se haveria, de fato, o treino. E teve, mesmo com gente mexendo nos buracos at\u00e9 instantes antes da bandeira verde. Mas, completamente perdida no personagem, a F1 expulsou at\u00e9 mesmo os fot\u00f3grafos ap\u00f3s metade do treino.<\/p>\n\n\n\n<p class=\"wp-block-paragraph\">O&nbsp;<strong>GRANDE PR\u00caMIO<\/strong>&nbsp;acompanha todas as atividades do GP de Las Vegas de&nbsp;<a href=\"https:\/\/www.grandepremio.com\/formula-1\/\" target=\"_blank\" rel=\"noreferrer noopener\">F\u00f3rmula 1<\/a>&nbsp;<a href=\"https:\/\/www.grandepremio.com\/br\/ao-vivo\/f1\/\" target=\"_blank\" rel=\"noreferrer noopener\"><strong>AO VIVO<\/strong>&nbsp;e&nbsp;<strong>EM&nbsp;<\/strong><\/a><strong><a href=\"https:\/\/www.grandepremio.com\/br\/ao-vivo\/\" target=\"_blank\" rel=\"noreferrer noopener\">TEMPO REAL<\/a><\/strong>. No s\u00e1bado, o TL3 est\u00e1 marcado para as 1h30 (de Bras\u00edlia, GMT-3), enquanto a classifica\u00e7\u00e3o come\u00e7a \u00e0s 5h. Em&nbsp;<strong>SEGUNDA TELA<\/strong>, o&nbsp;<strong>GP&nbsp;<\/strong>acompanha a etapa com transmiss\u00f5es da classifica\u00e7\u00e3o, da sprint e da corrida. Na sexta-feira, no s\u00e1bado e no domingo, o&nbsp;<strong>BRIEFING&nbsp;<\/strong>repercute tudo que acontece na etapa estreante.<\/p>\n\n\n\n<figure class=\"wp-block-image size-large\"><img decoding=\"async\" src=\"https:\/\/www.grandepremio.com\/br\/wp-content\/uploads\/2023\/11\/las-vegas-2023-f1-treino-livre-buraco-afp-01-1024x742.jpg\" alt=\"\" class=\"wp-image-754388\"\/><figcaption class=\"wp-element-caption\">O trabalho da organiza\u00e7\u00e3o, com FIA 1 F1 para resolver o problema dos bueiros (Foto: AFP)<\/figcaption><\/figure>\n\n\n\n<h2 class=\"wp-block-heading\" id=\"h-confira-como-foi-o-tl2\">Confira como foi o TL2: <\/h2>\n\n\n\n<p class=\"wp-block-paragraph\">Todo o cen\u00e1rio ca\u00f3tico descrito na introdu\u00e7\u00e3o do texto levou \u00e0 probabilidade de cancelamento do treino, mas a F1, mesmo contra o bom senso, resolveu ir ao tra\u00e7ado de Las Vegas no meio da madrugada na &#8216;Cidade do Pecado&#8217;. A temperatura ambiente era de 14\u00b0C, enquanto a sensa\u00e7\u00e3o t\u00e9rmica chegava a 16\u00b0C.<\/p>\n\n\n\n<p class=\"wp-block-paragraph\">Enfim, ap\u00f3s cerca de seis horas de interrup\u00e7\u00e3o, a categoria voltou a receber bandeira verde. Carlos Sainz e Esteban Ocon, que tiveram os carros danificados pelo bueiro, contaram com r\u00e1pido trabalho de reparos e estavam prontos. Ocon teve de mudar o chassi, enquanto Sainz, al\u00e9m do chassi, viu mudan\u00e7as de bateria e motor. Acabou punido com cinco posi\u00e7\u00f5es do grid de largada por exceder o limite de componentes por temporadas.<\/p>\n\n\n\n<p class=\"wp-block-paragraph\">A atividade de uma hora e meia de dura\u00e7\u00e3o, foi a cabo, ent\u00e3o. Logo de cara, Lando Norris avisou no r\u00e1dio que o carro entrara em modo de &#8216;mancar para casa&#8217;. Pouco depois, o CEO da McLaren, Zak Brown, diria que fora apenas um modo no carro, n\u00e3o um problema. Suficiente para Fernando Alonso receber o aviso de que Norris estava lento demais.<\/p>\n\n\n\n<p class=\"wp-block-paragraph\">A falta de ader\u00eancia aparecia novamente. Escapadas de Sergio P\u00e9rez na curva 12 e de Lance Stroll, que rodou na 14, foram as principais. Nada grave, portanto. Enquanto isso, George Russell avisava que estava &#8220;sem traseira&#8221;; Logan Sargeant e Alonso, por outro lado, registravam a maneira como o pneu se desgastava.<\/p>\n\n\n\n<p class=\"wp-block-paragraph\">Com as voltas r\u00e1pidas se somando, nada demorou para o tempo de Charles Leclerc no TL1 come\u00e7ar a cair: o pr\u00f3prio Charles liderou, mas Max Verstappen logo passou por ali com 1min38s209 e assumiu a ponta.<\/p>\n\n\n\n<figure class=\"wp-block-image size-large\"><img decoding=\"async\" src=\"https:\/\/www.grandepremio.com\/br\/wp-content\/uploads\/2023\/11\/las-vegas-2023-f1-treino-livre-aston-martin-fernando-alonso-02-1024x683.jpg\" alt=\"\" class=\"wp-image-754546\"\/><figcaption class=\"wp-element-caption\">Fernando Alonso e a Esfera vestida de Aston Martin (Foto: Aston Martin)<\/figcaption><\/figure>\n\n\n\n<p class=\"wp-block-paragraph\">Ap\u00f3s a primeira meia hora, Verstappen liderava com Leclerc somente 0s116 atr\u00e1s. Alexander Albon, Sainz, P\u00e9rez, Lewis Hamilton, Kevin Magnussen, Sargeant e Alonso formavam o top-10.<\/p>\n\n\n\n<p class=\"wp-block-paragraph\">&#8220;Verstappen j\u00e1 est\u00e1 na corrida&#8221;, avisou Sainz \u00e0 equipe ap\u00f3s o tricampe\u00e3o vir para cima como quem faz uma ultrapassagem. Outro momento de quase confus\u00e3o foi quando Daniel Ricciardo lamentou ter p\u00eago tr\u00e1fego. A AlphaTauri respondeu &#8220;Hamilton, n\u00e9? Ele n\u00e3o devia estar a\u00ed&#8221;, falou o engenheiro.<\/p>\n\n\n\n<p class=\"wp-block-paragraph\">Os tempos de volta come\u00e7avam a cair bastante. Na pr\u00f3xima rodada de giros velozes, Leclerc virou 1min36s660, enquanto Sainz, de chassi novo, veio a reboque e andou somente 0s082 atr\u00e1s.<\/p>\n\n\n\n<p class=\"wp-block-paragraph\">Nico H\u00fclkenberg recebeu notifica\u00e7\u00e3o por ignorar as ordens da dire\u00e7\u00e3o de prova ao se posicionar no lugar errado daquele indicado pelo diretor para a sa\u00edda do pit-lane. Alonso, por sua vez, era outro a reclamar de Hamilton, por ter sido bloqueado.<\/p>\n\n\n\n<p class=\"wp-block-paragraph\">As equipes se somavam com voltas competitivas e pr\u00f3ximas a partir do momento em que puseram pneus macios. Alonso foi para a frente, com 1min36s657. Leclerc estava somente 0s003 atr\u00e1s, em segundo, enquanto Hamilton tinha 0s006 de desvantagem. Albon aparecia somente 0s031 mais lento, ao passo que P\u00e9rez e Sainz pintavam 0s053 e 0s085 atr\u00e1s, respectivamente. Seis pilotos no mesmo d\u00e9cimo, com direito a cinco equipes diferentes.<\/p>\n\n\n\n<p class=\"wp-block-paragraph\">Mas era dif\u00edcil, mesmo, conter Leclerc, que a cada chance renovava a lideran\u00e7a. Foi com ele que a Ferrari baixou para a casa de 1min35s e Sainz logo embarcou. Ap\u00f3s uma hora, os dois eram primeiro e segundo, enquanto P\u00e9rez, Valtteri Bottas, Verstappen, H\u00fclkenberg, Alonso, Hamilton, Albon e Norris fechavam o top-10.<\/p>\n\n\n\n<p class=\"wp-block-paragraph\">Em seguida, H\u00fclkenberg parou nos boxes e saiu do carro para a Haas mexer. O piloto alem\u00e3o desistiu de utilizar o carro atualizado e voltou para a vers\u00e3o anterior do b\u00f3lido de 2023, mas o problema foi atr\u00e1s.<\/p>\n\n\n\n<p class=\"wp-block-paragraph\">&#8220;Ainda temos alguns ajustes para fazer. D\u00e1 para fazer ainda hoje?&#8221;, questionou Hamilton, apenas para ouvir que n\u00e3o haveria tempo, uma vez que o TL2 s\u00f3 tinha mais 20 minutos pela frente. Na McLaren, a quest\u00e3o era de superaquecimento tanto para Norris quanto para Oscar Piastri, mas nenhum deles ficava tempo demais fora da pista.<\/p>\n\n\n\n<figure class=\"wp-block-image size-large\"><img decoding=\"async\" src=\"https:\/\/www.grandepremio.com\/br\/wp-content\/uploads\/2023\/11\/las-vegas-2023-f1-treino-livre-red-bull-max-verstappen-01-1024x576.jpg\" alt=\"\" class=\"wp-image-754555\"\/><figcaption class=\"wp-element-caption\">Max Verstappen foi sexto colocado no TL2 (Foto: Red Bull Content Pool)<\/figcaption><\/figure>\n\n\n\n<p class=\"wp-block-paragraph\">Nos minutos derradeiros, Sargeant saiu para tentar encontrar uma volta arrasa-quarteir\u00e3o, mas passou direto, foi para a \u00e1rea de escape e se desculpou com a Williams, que n\u00e3o se importou muito. O outro carro da equipe inglesa foi usado para Piastri pegar v\u00e1cuo em seguida: um indicativo do que vem pela frente na classifica\u00e7\u00e3o.<\/p>\n\n\n\n<p class=\"wp-block-paragraph\">Nos minutos derradeiros, Sargeant saiu para tentar encontrar uma volta arrasa-quarteir\u00e3o, mas passou direto, foi para a \u00e1rea de escape e se desculpou com a Williams, que n\u00e3o se importou muito. O outro carro da equipe inglesa foi usado para Piastri pegar v\u00e1cuo em seguida: um indicativo do que vem pela frente na classifica\u00e7\u00e3o.<\/p>\n\n\n\n<p class=\"wp-block-paragraph\">N\u00e3o havia muito mais a mudar, contudo: Leclerc liderou com 1min35s265 e ficou seguido por Sainz, Alonso, P\u00e9rez, Bottas, Verstappen, H\u00fclkenberg, Lance Stroll, Hamilton e Albon.<\/p>\n\n\n\n<h2 class=\"wp-block-heading\" id=\"h-f1-2023-gp-de-las-vegas-eua-tl2\">F1 2023, GP de Las Vegas, EUA, TL2:<\/h2>\n\n\n\n<figure class=\"wp-block-table\"><table><tbody><tr><td>1<\/td><td>C LECLERC<\/td><td>Ferrari<\/td><td>1:35.265<\/td><td>&nbsp;<\/td><td>39<\/td><\/tr><tr><td>2<\/td><td>C SAINZ<\/td><td>Ferrari<\/td><td>1:35.782<\/td><td>+0.517<\/td><td>39<\/td><\/tr><tr><td>3<\/td><td>F ALONSO<\/td><td>Aston Martin Mercedes<\/td><td>1:35.793<\/td><td>+0.528<\/td><td>38<\/td><\/tr><tr><td>4<\/td><td>S P\u00c9REZ<\/td><td>Red Bull Honda<\/td><td>1:36.085<\/td><td>+0.820<\/td><td>36<\/td><\/tr><tr><td>5<\/td><td>V BOTTAS<\/td><td>Alfa Romeo Ferrari<\/td><td>1:36.129<\/td><td>+0.864<\/td><td>36<\/td><\/tr><tr><td>6<\/td><td>M VERSTAPPEN<\/td><td>Red Bull Honda<\/td><td>1:36.183<\/td><td>+0.918<\/td><td>37<\/td><\/tr><tr><td>7<\/td><td>N H\u00dcLKENBERG<\/td><td>Haas Ferrari<\/td><td>1:36.489<\/td><td>+1.224<\/td><td>33<\/td><\/tr><tr><td>8<\/td><td>L STROLL<\/td><td>Aston Martin Mercedes<\/td><td>1:36.496<\/td><td>+1.231<\/td><td>41<\/td><\/tr><tr><td>9<\/td><td>L HAMILTON<\/td><td>Mercedes<\/td><td>1:36.663<\/td><td>+1.398<\/td><td>42<\/td><\/tr><tr><td>10<\/td><td>A ALBON<\/td><td>Williams Mercedes<\/td><td>1:36.688<\/td><td>+1.423<\/td><td>42<\/td><\/tr><tr><td>11<\/td><td>L NORRIS<\/td><td>McLaren Mercedes<\/td><td>1:36.864<\/td><td>+1.599<\/td><td>33<\/td><\/tr><tr><td>12<\/td><td>G RUSSELL<\/td><td>Mercedes<\/td><td>1:36.890<\/td><td>+1.625<\/td><td>37<\/td><\/tr><tr><td>13<\/td><td>K MAGNUSSEN<\/td><td>Haas Ferrari<\/td><td>1:36.917<\/td><td>+1.652<\/td><td>37<\/td><\/tr><tr><td>14<\/td><td>O PIASTRI<\/td><td>McLaren Mercedes<\/td><td>1:36.987<\/td><td>+1.722<\/td><td>35<\/td><\/tr><tr><td>15<\/td><td>P GASLY<\/td><td>Alpine<\/td><td>1:37.134<\/td><td>+1.869<\/td><td>33<\/td><\/tr><tr><td>16<\/td><td>E OCON<\/td><td>Alpine<\/td><td>1:37.241<\/td><td>+1.976<\/td><td>37<\/td><\/tr><tr><td>17<\/td><td>Y TSUNODA<\/td><td>AlphaTauri Honda<\/td><td>1:37.412<\/td><td>+2.147<\/td><td>41<\/td><\/tr><tr><td>18<\/td><td>G ZHOU<\/td><td>Alfa Romeo Ferrari<\/td><td>1:37.656<\/td><td>+2.391<\/td><td>36<\/td><\/tr><tr><td>19<\/td><td>D RICCIARDO<\/td><td>AlphaTauri Honda<\/td><td>1:37.680<\/td><td>+2.415<\/td><td>40<\/td><\/tr><tr><td>20<\/td><td>L SARGEANT<\/td><td>Williams Mercedes<\/td><td>1:38.140<\/td><td>+2.875<\/td><td>42<\/td><\/tr><\/tbody><\/table><\/figure>\n\n\n\n<figure class=\"wp-block-embed is-type-video is-provider-youtube wp-block-embed-youtube wp-embed-aspect-16-9 wp-has-aspect-ratio\"><div class=\"wp-block-embed__wrapper\">\n<iframe loading=\"lazy\" title=\"F1 passa VERGONHA no GP de LAS VEGAS: como foram os treinos livres | Briefing\" width=\"500\" height=\"281\" src=\"https:\/\/www.youtube.com\/embed\/qkQ8KEDih04?feature=oembed\" frameborder=\"0\" allow=\"accelerometer; autoplay; clipboard-write; encrypted-media; gyroscope; picture-in-picture; web-share\" referrerpolicy=\"strict-origin-when-cross-origin\" allowfullscreen><\/iframe>\n<\/div><\/figure>\n","protected":false},"excerpt":{"rendered":"<p>Uma bagun\u00e7a que mais parecia a tentativa de salvar uma piada perdida. Foi assim que a F\u00f3rmula 1 encerrou o primeiro dia de pista no GP de Las Vegas. Charles Leclerc liderou o TL2<\/p>\n","protected":false},"author":0,"featured_media":1000754517,"comment_status":"closed","ping_status":"closed","sticky":false,"template":"","format":"standard","meta":{"42wp_featured_image_caption":"","42wp_featured_image_credits":"","42wp_featured_video":"","42wp_featured_image_hidden":false,"42wp_authors_list":[],"footnotes":""},"categories":[2],"tags":[487,457,524,20491,309,546,209,211,302,6533,642,176,207,30722,37139,37141,800,31212,1491,26123,30103,28285,3746,119,117,485,547,87,25553,203,90,82,1521,2916,676,204,3132,37042,612,215,597],"42wp_author":[47120],"class_list":["post-94889","post","type-post","status-publish","format-standard","has-post-thumbnail","hentry","category-f1","tag-acidente","tag-alfa-romeo","tag-alphatauri","tag-alpine","tag-aston-martin","tag-carlos-sainz","tag-charles-leclerc","tag-daniel-ricciardo","tag-esteban-ocon","tag-f1-2023","tag-f1-ao-vivo","tag-fernando-alonso","tag-ferrari","tag-formula-1-2023","tag-formula-1-eua","tag-formula-1-las-vegas","tag-george-russell","tag-gp-de-las-vegas","tag-grande-premio","tag-grande-premio-ao-vivo","tag-grande-premio-f1","tag-grandepremio","tag-guanyu-zhou","tag-haas","tag-kevin-magnussen","tag-lance-stroll","tag-lando-norris","tag-lewis-hamilton","tag-logan-sargeant","tag-max-verstappen","tag-mclaren","tag-mercedes","tag-nico-hulkenberg","tag-oscar-piastri","tag-pierre-gasly","tag-red-bull","tag-sergio-perez","tag-transmissao-ao-vivo-f1","tag-valtteri-bottas","tag-williams","tag-yuki-tsunoda","42wp_author-pedro-henrique-marum"],"_links":{"self":[{"href":"https:\/\/grandepremio.com\/br\/wp-json\/wp\/v2\/posts\/94889","targetHints":{"allow":["GET"]}}],"collection":[{"href":"https:\/\/grandepremio.com\/br\/wp-json\/wp\/v2\/posts"}],"about":[{"href":"https:\/\/grandepremio.com\/br\/wp-json\/wp\/v2\/types\/post"}],"replies":[{"embeddable":true,"href":"https:\/\/grandepremio.com\/br\/wp-json\/wp\/v2\/comments?post=94889"}],"version-history":[{"count":0,"href":"https:\/\/grandepremio.com\/br\/wp-json\/wp\/v2\/posts\/94889\/revisions"}],"wp:featuredmedia":[{"embeddable":true,"href":"https:\/\/grandepremio.com\/br\/wp-json\/wp\/v2\/media\/1000754517"}],"wp:attachment":[{"href":"https:\/\/grandepremio.com\/br\/wp-json\/wp\/v2\/media?parent=94889"}],"wp:term":[{"taxonomy":"category","embeddable":true,"href":"https:\/\/grandepremio.com\/br\/wp-json\/wp\/v2\/categories?post=94889"},{"taxonomy":"post_tag","embeddable":true,"href":"https:\/\/grandepremio.com\/br\/wp-json\/wp\/v2\/tags?post=94889"},{"taxonomy":"42wp_author","embeddable":true,"href":"https:\/\/grandepremio.com\/br\/wp-json\/wp\/v2\/42wp_author?post=94889"}],"curies":[{"name":"wp","href":"https:\/\/api.w.org\/{rel}","templated":true}]}}