{"id":9491,"date":"2026-05-02T09:00:00","date_gmt":"2026-05-02T12:00:00","guid":{"rendered":"https:\/\/grandepremio.com\/br\/noticias\/formula-1-vai-passar-tv-hoje-onde-assistir-corrida-sprint-gp-miami-2026\/"},"modified":"2026-05-02T00:41:31","modified_gmt":"2026-05-02T03:41:31","slug":"formula-1-vai-passar-tv-hoje-onde-assistir-corrida-sprint-gp-miami-2026","status":"publish","type":"post","link":"https:\/\/grandepremio.com\/br\/f1\/formula-1-vai-passar-tv-hoje-onde-assistir-corrida-sprint-gp-miami-2026\/","title":{"rendered":"F\u00f3rmula 1 vai passar na TV hoje? Onde assistir \u00e0 corrida sprint do GP de Miami"},"content":{"rendered":"\n<p class=\"wp-block-paragraph\">A\u00a0<strong>F\u00f3rmula 1<\/strong>\u00a0est\u00e1 em\u00a0<strong>Miami<\/strong> neste fim de semana, e o s\u00e1bado (2) \u00e9 dedicado \u00e0 sprint e \u00e0 classifica\u00e7\u00e3o que define o grid de largada da corrida principal, quarta etapa da temporada 2026. Portanto, confira a seguir a programa\u00e7\u00e3o do dia.<\/p>\n\n\n\n<p class=\"wp-block-paragraph\">Embora <strong>Charles Leclerc<\/strong> tenha esbo\u00e7ado um certo protagonismo da <strong>Ferrari<\/strong> no <a href=\"https:\/\/www.grandepremio.com\/br\/f1\/noticias\/charles-leclerc-danca-macarena-ferrari-lidera-treino-livre-gp-miami-gabriel-bortoleto-14o\/\">\u00fanico treino livre dispon\u00edvel<\/a>, <strong>Lando Norris<\/strong> levou a melhor na hora que mais importava e <a href=\"https:\/\/www.grandepremio.com\/br\/f1\/noticias\/lando-norris-voa-poe-mclaren-pole-corrida-sprint-gp-miami-gabriel-bortoleto-11o\/\">conquistou a pole-position<\/a>. Agora, ao ter <strong>Andrea Kimi Antonelli<\/strong> bem ao lado no grid, a disputa entre <strong>McLaren<\/strong> e <strong>Mercedes<\/strong> promete.<\/p>\n\n\n\n<figure class=\"wp-block-embed is-type-video is-provider-youtube wp-block-embed-youtube wp-embed-aspect-16-9 wp-has-aspect-ratio\"><div class=\"wp-block-embed__wrapper\">\n<iframe loading=\"lazy\" title=\"\ud83d\udd34AO VIVO! F1 2026 EM MIAMI: NORRIS POLE, ANTONELLI 2\u00ba NO GRID DA CORRIDA SPRINT [narra\u00e7\u00e3o +Briefing]\" width=\"500\" height=\"281\" src=\"https:\/\/www.youtube.com\/embed\/FTAGmKDOJmw?feature=oembed\" frameborder=\"0\" allow=\"accelerometer; autoplay; clipboard-write; encrypted-media; gyroscope; picture-in-picture; web-share\" referrerpolicy=\"strict-origin-when-cross-origin\" allowfullscreen><\/iframe>\n<\/div><\/figure>\n\n\n\n<h3 class=\"wp-block-heading has-vivid-red-color has-text-color has-link-color wp-elements-1\" id=\"h-gp-experience-o-novo-produto-do-grande-premio-conecta-voce-aos-maiores-eventos-de-esporte-a-motor-do-mundo-va-para-indianapolis-com-a-gente-saiba-aqui-todos-os-detalhes\"><strong>+ GP EXPERIENCE: o novo produto do GRANDE PR\u00caMIO conecta voc\u00ea aos maiores eventos de esporte a motor do mundo. V\u00e1 para Indian\u00e1polis com a gente:\u00a0<a href=\"https:\/\/gpexperience.tur.br\/\">saiba aqui todos os detalhes<\/a>.<\/strong><\/h3>\n\n\n\n<p class=\"wp-block-paragraph\">A largada da sprint, que ter\u00e1 19 voltas, est\u00e1 marcada para 13h deste s\u00e1bado (hor\u00e1rio de Bras\u00edlia, GMT-3). Mais tarde, \u00e0s 17h, ser\u00e1 realizada a classifica\u00e7\u00e3o para definir o grid de largada da corrida principal.<\/p>\n\n\n\n<p class=\"wp-block-paragraph\">Todas as sess\u00f5es podem ser acompanhadas atrav\u00e9s do&nbsp;<strong>sportv3<\/strong>&nbsp;ou pela&nbsp;<strong>F1 TV<\/strong>, streaming oficial da categoria. A&nbsp;<strong>Globo<\/strong>&nbsp;n\u00e3o vai transmitir a quarta etapa da temporada 2026 na TV aberta.<\/p>\n\n\n\n<p class=\"wp-block-paragraph\">O&nbsp;<strong>GRANDE PR\u00caMIO<\/strong>&nbsp;acompanha todas as atividades do&nbsp;<strong>GP de Miami<\/strong>&nbsp;<a href=\"https:\/\/www.grandepremio.com\/br\/ao-vivo\/f1\/\"><strong>AO VIVO E EM&nbsp;<\/strong><\/a><strong><a href=\"https:\/\/www.grandepremio.com\/br\/ao-vivo\/\" target=\"_blank\" rel=\"noreferrer noopener\">TEMPO REAL<\/a><\/strong>,&nbsp;<a href=\"https:\/\/www.youtube.com\/@GrandePremio1\/streams\">al\u00e9m de classifica\u00e7\u00f5es e corridas em&nbsp;<strong>SEGUNDA TELA&nbsp;<\/strong>no YouTube<\/a>, em parceria com a&nbsp;<strong>Voz do Esporte<\/strong>. O&nbsp;<strong>Briefing&nbsp;<\/strong>chega para analisar ap\u00f3s o fim de cada dia de atividades nas redes sociais e na&nbsp;<strong>GPTV<\/strong>.<\/p>\n\n\n\n<p class=\"wp-block-paragraph\">Al\u00e9m disso, o&nbsp;<strong>GRANDE PR\u00caMIO<\/strong>&nbsp;est\u00e1 in loco em Miami com os rep\u00f3rteres&nbsp;<strong>Bernardo Castro<\/strong>&nbsp;e&nbsp;<strong>Leonid Kliuev<\/strong>.<\/p>\n\n\n\n<h2 class=\"wp-block-heading\" id=\"h-gp-de-miami-de-f1-veja-os-horarios-em-brasil-cabo-verde-portugal-angola-e-mocambique\">GP de Miami de F1: veja os hor\u00e1rios em Brasil, Cabo Verde, Portugal, Angola e Mo\u00e7ambique:<\/h2>\n\n\n\n<figure class=\"wp-block-table\"><table class=\"has-fixed-layout\"><tbody><tr><td class=\"has-text-align-left\" data-align=\"left\"><strong>Sess\u00e3o<\/strong><\/td><td class=\"has-text-align-left\" data-align=\"left\"><strong>BRA*<\/strong><\/td><td class=\"has-text-align-left\" data-align=\"left\"><strong>CBV<\/strong><\/td><td class=\"has-text-align-left\" data-align=\"left\"><strong>POR<\/strong><br><strong>ANG<\/strong><\/td><td class=\"has-text-align-left\" data-align=\"left\"><strong>MOZ<\/strong><\/td><\/tr><tr><td class=\"has-text-align-left\" data-align=\"left\">Corrida Sprint<\/td><td class=\"has-text-align-left\" data-align=\"left\">13:00<\/td><td class=\"has-text-align-left\" data-align=\"left\">15:00<\/td><td class=\"has-text-align-left\" data-align=\"left\">17:00<\/td><td class=\"has-text-align-left\" data-align=\"left\">18:00<\/td><\/tr><tr><td class=\"has-text-align-left\" data-align=\"left\">Classifica\u00e7\u00e3o<\/td><td class=\"has-text-align-left\" data-align=\"left\">17:00<\/td><td class=\"has-text-align-left\" data-align=\"left\">19:00<\/td><td class=\"has-text-align-left\" data-align=\"left\">21:00<\/td><td class=\"has-text-align-left\" data-align=\"left\">22:00<\/td><\/tr><tr><td class=\"has-text-align-left\" data-align=\"left\">Corrida<\/td><td class=\"has-text-align-left\" data-align=\"left\">17:00<\/td><td class=\"has-text-align-left\" data-align=\"left\">19:00<\/td><td class=\"has-text-align-left\" data-align=\"left\">21:00<\/td><td class=\"has-text-align-left\" data-align=\"left\">22:00<\/td><\/tr><\/tbody><\/table><\/figure>\n\n\n\n<p class=\"wp-block-paragraph\">\u25b6\ufe0f\u00a0<strong>Inscreva-se nos dois canais do GRANDE PR\u00caMIO no YouTube:\u00a0<a href=\"https:\/\/www.youtube.com\/channel\/UC9OlHEgxoaY6QY6nWPoiqQg?sub_confirmation=1\">GP<\/a>\u00a0|\u00a0<a href=\"https:\/\/www.youtube.com\/channel\/UC9csiS6q_C3C0FYhyr1rnFA?sub_confirmation=1\">GPTV<\/a><\/strong><\/p>\n\n\n\n<h2 class=\"wp-block-heading\" id=\"h-f1-hoje-saiba-aqui-as-noticias-mais-importantes-do-dia-da-formula-1\">F1 hoje: saiba aqui as not\u00edcias mais importantes do dia da F\u00f3rmula 1<\/h2>\n\n\n\n<p class=\"wp-block-paragraph\">A reda\u00e7\u00e3o do&nbsp;<strong>GRANDE PR\u00caMIO<\/strong>&nbsp;selecionou as not\u00edcias mais importantes das \u00faltimas horas para voc\u00ea ficar por dentro de tudo que acontece na F1.<\/p>\n\n\n\n<p class=\"wp-block-paragraph\">\u25b6\ufe0f\u00a0<strong><a href=\"https:\/\/www.grandepremio.com\/br\/f1\/noticias\/por-que-protocolo-raios-coloca-realizacao-gp-miami-f1-risco\/\"><\/a><a href=\"https:\/\/www.grandepremio.com\/br\/f1\/noticias\/lando-norris-voa-poe-mclaren-pole-corrida-sprint-gp-miami-bortoleto-11o\/\">Norris voa e p\u00f5e McLaren na pole da corrida sprint do GP de Miami. Bortoleto \u00e9 11\u00ba<\/a><\/strong><br>\u25b6\ufe0f\u00a0<strong><a href=\"https:\/\/www.grandepremio.com\/br\/f1\/noticias\/charles-leclerc-danca-macarena-ferrari-lidera-treino-livre-gp-miami-gabriel-bortoleto-14o\/\">Leclerc dan\u00e7a Macarena com Ferrari e lidera treino livre do GP de Miami. Bortoleto \u00e9 14\u00ba<\/a><\/strong><br>\u25b6\ufe0f\u00a0<strong><a href=\"https:\/\/www.grandepremio.com\/br\/f1\/noticias\/ceo-f1-revela-conversa-faz-apelo-por-fico-max-verstappen-espero-que-continue\/\"><\/a><a href=\"https:\/\/www.grandepremio.com\/br\/f1\/noticias\/mclaren-red-bull-ferrari-comecam-zero-atualizacoes-equipes-gp-miami\/\">McLaren, Red Bull e Ferrari come\u00e7am do zero: atualiza\u00e7\u00f5es das equipes para GP de Miami<\/a><\/strong><br>\u25b6\ufe0f\u00a0<a href=\"https:\/\/www.grandepremio.com\/br\/f1\/noticias\/lando-norris-celebra-pole-perfeita-sprint-miami-mas-contem-expectativa\/\"><strong>Norris atribui pole \u201cperfeita\u201d em sprint de Miami \u00e0 McLaren: \u201cC\u00e1lculos foram corretos\u201d<\/strong><\/a><br>\u25b6\ufe0f\u00a0<a href=\"https:\/\/www.grandepremio.com\/br\/f1\/noticias\/f1-2026-como-ficou-grid-largada-corrida-sprint-gp-miami\/\"><strong>F1 2026: como ficou o grid de largada da corrida sprint do GP de Miami<\/strong><\/a><\/p>\n","protected":false},"excerpt":{"rendered":"<p>A F\u00f3rmula 1 realiza, neste s\u00e1bado (2), a corrida sprint do GP de Miami, al\u00e9m da classifica\u00e7\u00e3o da prova de domingo. Confira a programa\u00e7\u00e3o<\/p>\n","protected":false},"author":0,"featured_media":1001081830,"comment_status":"closed","ping_status":"closed","sticky":false,"template":"","format":"standard","meta":{"42wp_featured_image_caption":"","42wp_featured_image_credits":"","42wp_featured_video":"","42wp_featured_image_hidden":false,"42wp_authors_list":[],"footnotes":""},"categories":[2],"tags":[26271,5273,896,147,29516,29148,180,31425,28995,873,34737,1491,28285,2834,30840,2470,45747,31473,35129,31470],"42wp_author":[47160],"class_list":["post-9491","post","type-post","status-publish","format-standard","has-post-thumbnail","hentry","category-f1","tag-calendario-f1","tag-classificacao-f1","tag-estados-unidos","tag-f1","tag-f1-2026","tag-f1-hoje","tag-formula-1","tag-formula-1-2026","tag-formula-1-hoje","tag-gp-de-miami","tag-gp-de-miami-f1","tag-grande-premio","tag-grandepremio","tag-hard-rock-stadium","tag-horarios-f1","tag-miami","tag-miami-2026","tag-miami-f1","tag-onde-assistir-f1","tag-temporada-2026-f1","42wp_author-vicente-soella"],"_links":{"self":[{"href":"https:\/\/grandepremio.com\/br\/wp-json\/wp\/v2\/posts\/9491","targetHints":{"allow":["GET"]}}],"collection":[{"href":"https:\/\/grandepremio.com\/br\/wp-json\/wp\/v2\/posts"}],"about":[{"href":"https:\/\/grandepremio.com\/br\/wp-json\/wp\/v2\/types\/post"}],"replies":[{"embeddable":true,"href":"https:\/\/grandepremio.com\/br\/wp-json\/wp\/v2\/comments?post=9491"}],"version-history":[{"count":0,"href":"https:\/\/grandepremio.com\/br\/wp-json\/wp\/v2\/posts\/9491\/revisions"}],"wp:featuredmedia":[{"embeddable":true,"href":"https:\/\/grandepremio.com\/br\/wp-json\/wp\/v2\/media\/1001081830"}],"wp:attachment":[{"href":"https:\/\/grandepremio.com\/br\/wp-json\/wp\/v2\/media?parent=9491"}],"wp:term":[{"taxonomy":"category","embeddable":true,"href":"https:\/\/grandepremio.com\/br\/wp-json\/wp\/v2\/categories?post=9491"},{"taxonomy":"post_tag","embeddable":true,"href":"https:\/\/grandepremio.com\/br\/wp-json\/wp\/v2\/tags?post=9491"},{"taxonomy":"42wp_author","embeddable":true,"href":"https:\/\/grandepremio.com\/br\/wp-json\/wp\/v2\/42wp_author?post=9491"}],"curies":[{"name":"wp","href":"https:\/\/api.w.org\/{rel}","templated":true}]}}