{"id":95016,"date":"2023-11-16T10:00:00","date_gmt":"2023-11-16T13:00:00","guid":{"rendered":"https:\/\/grandepremio.com\/br\/noticias\/andretti-ja-equipe-formula-1-australia-agora-falta-confirmar\/"},"modified":"2023-11-16T06:28:54","modified_gmt":"2023-11-16T09:28:54","slug":"andretti-ja-equipe-formula-1-australia-agora-falta-confirmar","status":"publish","type":"post","link":"https:\/\/grandepremio.com\/br\/f1\/andretti-ja-equipe-formula-1-australia-agora-falta-confirmar\/","title":{"rendered":"Andretti j\u00e1 \u00e9 equipe de F\u00f3rmula 1 na Austr\u00e1lia! Agora s\u00f3 falta confirmar"},"content":{"rendered":"\n<p class=\"wp-block-paragraph\">O an\u00fancio da <strong>GM\/Cadillac<\/strong> de que <strong><a href=\"https:\/\/www.grandepremio.com\/br\/f1\/noticias\/gm-anuncia-registro-junto-fia-fabricante-motor-formula-1-2028\/\" class=\"ek-link\">vai assumir o papel de fabricante de motor<\/a><\/strong> na <strong><a href=\"https:\/\/www.grandepremio.com\/br\/f1\/\" class=\"ek-link\">F\u00f3rmula 1<\/a><\/strong> a partir da temporada 2028, caso a <strong>Andretti<\/strong> entre na categoria, conclui as d\u00favidas envolvendo o desejo dos americanos de ingressarem no grid. A t\u00e3o procurada mais-valia, est\u00e1 a\u00ed: a GM, uma das maiores montadoras do mundo, de mala e cuia. <strong>Pedro Henrique Marum<\/strong> opina que \u00e9 a garantia da Andretti.<\/p>\n\n\n\n<p class=\"wp-block-paragraph\">Portanto, pode esperar a confirma\u00e7\u00e3o. A F1 ainda far\u00e1 jogo duro, meia d\u00fazia de caretas, mas ficou num beco sem sa\u00edda: n\u00e3o tem como rejeitar a Andretti, que j\u00e1 \u00e9 equipe oficial de F\u00f3rmula 1 na Austr\u00e1lia.<\/p>\n\n\n\n<figure class=\"wp-block-embed is-type-rich is-provider-incorporar-manipulador wp-block-embed-incorporar-manipulador wp-embed-aspect-16-9 wp-has-aspect-ratio\"><div class=\"wp-block-embed__wrapper\">\n<iframe loading=\"lazy\" title=\"Andretti J\u00c1 \u00c9 EQUIPE DE F1 na Austr\u00e1lia! Agora s\u00f3 falta confirmar | GP \u00e0s 10\" width=\"500\" height=\"281\" src=\"https:\/\/www.youtube.com\/embed\/q0t_Z75D0DA?feature=oembed\" frameborder=\"0\" allow=\"accelerometer; autoplay; clipboard-write; encrypted-media; gyroscope; picture-in-picture; web-share\" referrerpolicy=\"strict-origin-when-cross-origin\" allowfullscreen><\/iframe>\n<\/div><\/figure>\n\n\n\n<p class=\"wp-block-paragraph\"><strong>\u25b6\ufe0f&nbsp;Inscreva-se nos dois canais do GRANDE PR\u00caMIO no YouTube:&nbsp;<a href=\"https:\/\/www.youtube.com\/channel\/UC9OlHEgxoaY6QY6nWPoiqQg?sub_confirmation=1\" target=\"_blank\" rel=\"noreferrer noopener\">GP<\/a>&nbsp;|&nbsp;<a href=\"https:\/\/www.youtube.com\/channel\/UC9csiS6q_C3C0FYhyr1rnFA?sub_confirmation=1\" target=\"_blank\" rel=\"noreferrer noopener\">GP2<\/a><\/strong><br><strong>\u25b6\ufe0f&nbsp;<a href=\"https:\/\/www.twitch.tv\/grandepremio\" target=\"_blank\" rel=\"noreferrer noopener\">Conhe\u00e7a o canal do GRANDE PR\u00caMIO na Twitch clicando aqui!<\/a><\/strong><\/p>\n","protected":false},"excerpt":{"rendered":"<p>Agora \u00e9 s\u00f3 esperar o an\u00fancio oficial, mas a F\u00f3rmula 1 n\u00e3o tem mais como negar uma vaga do grid para Andretti e Cadillac\/GM <\/p>\n","protected":false},"author":0,"featured_media":1000753815,"comment_status":"closed","ping_status":"closed","sticky":false,"template":"","format":"standard","meta":{"42wp_featured_image_caption":"","42wp_featured_image_credits":"","42wp_featured_video":"","42wp_featured_image_hidden":false,"42wp_authors_list":[],"footnotes":""},"categories":[2],"tags":[417,729,6533,642,30722,30123,30124,1491,26123,30103,28285,1181,24912,570,37042],"42wp_author":[47120],"class_list":["post-95016","post","type-post","status-publish","format-standard","has-post-thumbnail","hentry","category-f1","tag-andretti","tag-cadillac","tag-f1-2023","tag-f1-ao-vivo","tag-formula-1-2023","tag-general-motors","tag-gm","tag-grande-premio","tag-grande-premio-ao-vivo","tag-grande-premio-f1","tag-grandepremio","tag-michael-andretti","tag-opiniao","tag-pedro-henrique-marum","tag-transmissao-ao-vivo-f1","42wp_author-pedro-henrique-marum"],"_links":{"self":[{"href":"https:\/\/grandepremio.com\/br\/wp-json\/wp\/v2\/posts\/95016","targetHints":{"allow":["GET"]}}],"collection":[{"href":"https:\/\/grandepremio.com\/br\/wp-json\/wp\/v2\/posts"}],"about":[{"href":"https:\/\/grandepremio.com\/br\/wp-json\/wp\/v2\/types\/post"}],"replies":[{"embeddable":true,"href":"https:\/\/grandepremio.com\/br\/wp-json\/wp\/v2\/comments?post=95016"}],"version-history":[{"count":0,"href":"https:\/\/grandepremio.com\/br\/wp-json\/wp\/v2\/posts\/95016\/revisions"}],"wp:featuredmedia":[{"embeddable":true,"href":"https:\/\/grandepremio.com\/br\/wp-json\/wp\/v2\/media\/1000753815"}],"wp:attachment":[{"href":"https:\/\/grandepremio.com\/br\/wp-json\/wp\/v2\/media?parent=95016"}],"wp:term":[{"taxonomy":"category","embeddable":true,"href":"https:\/\/grandepremio.com\/br\/wp-json\/wp\/v2\/categories?post=95016"},{"taxonomy":"post_tag","embeddable":true,"href":"https:\/\/grandepremio.com\/br\/wp-json\/wp\/v2\/tags?post=95016"},{"taxonomy":"42wp_author","embeddable":true,"href":"https:\/\/grandepremio.com\/br\/wp-json\/wp\/v2\/42wp_author?post=95016"}],"curies":[{"name":"wp","href":"https:\/\/api.w.org\/{rel}","templated":true}]}}