{"id":9505,"date":"2026-05-02T01:25:44","date_gmt":"2026-05-02T04:25:44","guid":{"rendered":"https:\/\/grandepremio.com\/br\/noticias\/fia-alivia-desempenho-acima-107-libera-aston-martin-sprint-miami\/"},"modified":"2026-05-02T01:28:52","modified_gmt":"2026-05-02T04:28:52","slug":"fia-alivia-desempenho-acima-107-libera-aston-martin-sprint-miami","status":"publish","type":"post","link":"https:\/\/grandepremio.com\/br\/f1\/fia-alivia-desempenho-acima-107-libera-aston-martin-sprint-miami\/","title":{"rendered":"FIA alivia desempenho acima de 107% e libera Aston Martin na sprint de Miami"},"content":{"rendered":"\n<p class=\"wp-block-paragraph\"><strong>Fernando Alonso<\/strong> e <strong>Lance Stroll<\/strong> passaram vergonha nesta sexta-feira (1\u00ba) mais uma vez ap\u00f3s amargarem o fundo do grid da classifica\u00e7\u00e3o sprint do <strong>GP de Miami<\/strong> de <strong>F1<\/strong> com a <strong>Aston Martin<\/strong>. Longe da marca dos 107%, a dupla da equipe de <strong>Silverstone <\/strong>precisou de autoriza\u00e7\u00e3o da <strong>Federa\u00e7\u00e3o Internacional de Automobilismo<\/strong> (<strong>FIA<\/strong>) para largar na corrida sprint do s\u00e1bado (2). <\/p>\n\n\n\n<p class=\"wp-block-paragraph\">Depois que a sess\u00e3o foi finalizada, a Aston Martin entrou com um pedido na FIA para que pudesse participar da corrida curta em Miami. A entidade, em resposta, autorizou as participa\u00e7\u00f5es de Alonso e Stroll apesar de ambos n\u00e3o cumprirem a regra que obriga todos os pilotos a estarem dentro de 107% do tempo mais r\u00e1pido do SQ1. <\/p>\n\n\n\n<figure class=\"wp-block-embed is-type-video is-provider-youtube wp-block-embed-youtube wp-embed-aspect-16-9 wp-has-aspect-ratio\"><div class=\"wp-block-embed__wrapper\">\n<iframe loading=\"lazy\" title=\"\ud83d\udd34AO VIVO! F1 2026 EM MIAMI: NORRIS POLE, ANTONELLI 2\u00ba NO GRID DA CORRIDA SPRINT [narra\u00e7\u00e3o +Briefing]\" width=\"500\" height=\"281\" src=\"https:\/\/www.youtube.com\/embed\/FTAGmKDOJmw?feature=oembed\" frameborder=\"0\" allow=\"accelerometer; autoplay; clipboard-write; encrypted-media; gyroscope; picture-in-picture; web-share\" referrerpolicy=\"strict-origin-when-cross-origin\" allowfullscreen><\/iframe>\n<\/div><\/figure>\n\n\n\n<p class=\"wp-block-paragraph\">Ao final do <strong>SQ1<\/strong>, Stroll estava sem tempo marcado e chegou a ficar parado na pista ainda nas primeiras movimenta\u00e7\u00f5es da classifica\u00e7\u00e3o sprint. J\u00e1 Alonso registrou um tempo nada competitivo, de 1min41s311 \u2014 quase 10s mais lento que <strong>Valtteri Bottas<\/strong>, 20\u00ba colocado \u2014 e at\u00e9 inferior ao pior tempo da classifica\u00e7\u00e3o da <strong>F2<\/strong>, na casa de 1min41s157, marcado por <strong>Cian Shields<\/strong>.<\/p>\n\n\n\n<p class=\"wp-block-paragraph\">\u201cOs comiss\u00e1rios receberam um pedido da Aston Martin para permitir que os carros<strong> #14<\/strong> e <strong>#18<\/strong> larguem na sprint, apesar de n\u00e3o ter registrado um tempo de classifica\u00e7\u00e3o dentro de 107% do melhor tempo marcado no SQ1&#8243;, explicou o documento emitido pela FIA. <\/p>\n\n\n\n<p class=\"wp-block-paragraph\">&#8220;De acordo com o Artigo B2.2.3b do Regulamento da FIA F1, os comiss\u00e1rios concedem permiss\u00e3o para que os carros #14, Fernando Alonso, e #18, Lance Stroll, larguem na sprint, j\u00e1 que os pilotos registraram tempos satisfat\u00f3rios no treino desta rodada. Os carros ser\u00e3o posicionados no grid de acordo com o Artigo B2.3.4 do Regulamento da FIA F1\u201d, encerrou. <\/p>\n\n\n\n<p class=\"wp-block-paragraph\">No \u00fanico treino livre do final de semana, o cen\u00e1rio para a Aston Martin foi um pouco melhor, com Alonso em 19\u00ba e Stroll na lanterna, mas a 3s649 do tempo refer\u00eancia de <strong>Charles Leclerc<\/strong>. <\/p>\n\n\n\n<p class=\"wp-block-paragraph\">O&nbsp;<strong>GRANDE PR\u00caMIO<\/strong>&nbsp;acompanha todas as atividades do&nbsp;<strong>GP de Miami<\/strong>&nbsp;<a href=\"https:\/\/www.grandepremio.com\/br\/ao-vivo\/f1\/\"><strong>AO VIVO E EM&nbsp;<\/strong><\/a><strong><a href=\"https:\/\/www.grandepremio.com\/br\/ao-vivo\/\" target=\"_blank\" rel=\"noreferrer noopener\">TEMPO REAL<\/a><\/strong>,&nbsp;<a href=\"https:\/\/www.youtube.com\/@GrandePremio1\/streams\">al\u00e9m de classifica\u00e7\u00f5es e corridas em&nbsp;<strong>SEGUNDA TELA&nbsp;<\/strong>no YouTube<\/a>, em parceria com a&nbsp;<strong>Voz do Esporte<\/strong>. O&nbsp;<strong>Briefing&nbsp;<\/strong>chega para analisar ap\u00f3s o fim de cada dia de atividades nas redes sociais e na&nbsp;<strong>GPTV<\/strong>.<\/p>\n\n\n\n<p class=\"wp-block-paragraph\">Al\u00e9m disso, o&nbsp;<strong>GRANDE PR\u00caMIO<\/strong>&nbsp;est\u00e1 in loco em Miami com os rep\u00f3rteres&nbsp;<strong>Bernardo Castro<\/strong>&nbsp;e&nbsp;<strong>Leonid Kliuev<\/strong>.<\/p>\n\n\n\n<h2 class=\"wp-block-heading\" id=\"h-gp-de-miami-de-f1-veja-os-horarios-em-brasil-cabo-verde-portugal-angola-e-mocambique\">GP de Miami de F1: veja os hor\u00e1rios em Brasil, Cabo Verde, Portugal, Angola e Mo\u00e7ambique:<\/h2>\n\n\n\n<figure class=\"wp-block-table\"><table class=\"has-fixed-layout\"><tbody><tr><td class=\"has-text-align-left\" data-align=\"left\"><strong>Sess\u00e3o<\/strong><\/td><td class=\"has-text-align-left\" data-align=\"left\"><strong>BRA*<\/strong><\/td><td class=\"has-text-align-left\" data-align=\"left\"><strong>CBV<\/strong><\/td><td class=\"has-text-align-left\" data-align=\"left\"><strong>POR<\/strong><br><strong>ANG<\/strong><\/td><td class=\"has-text-align-left\" data-align=\"left\"><strong>MOZ<\/strong><\/td><\/tr><tr><td class=\"has-text-align-left\" data-align=\"left\">Corrida Sprint<\/td><td class=\"has-text-align-left\" data-align=\"left\">13:00<\/td><td class=\"has-text-align-left\" data-align=\"left\">15:00<\/td><td class=\"has-text-align-left\" data-align=\"left\">17:00<\/td><td class=\"has-text-align-left\" data-align=\"left\">18:00<\/td><\/tr><tr><td class=\"has-text-align-left\" data-align=\"left\">Classifica\u00e7\u00e3o<\/td><td class=\"has-text-align-left\" data-align=\"left\">17:00<\/td><td class=\"has-text-align-left\" data-align=\"left\">19:00<\/td><td class=\"has-text-align-left\" data-align=\"left\">21:00<\/td><td class=\"has-text-align-left\" data-align=\"left\">22:00<\/td><\/tr><tr><td class=\"has-text-align-left\" data-align=\"left\">Corrida<\/td><td class=\"has-text-align-left\" data-align=\"left\">17:00<\/td><td class=\"has-text-align-left\" data-align=\"left\">19:00<\/td><td class=\"has-text-align-left\" data-align=\"left\">21:00<\/td><td class=\"has-text-align-left\" data-align=\"left\">22:00<\/td><\/tr><\/tbody><\/table><\/figure>\n\n\n\n<p class=\"wp-block-paragraph\"><strong>Inscreva-se nos dois canais do GRANDE PR\u00caMIO no YouTube:&nbsp;<a href=\"https:\/\/www.youtube.com\/channel\/UC9OlHEgxoaY6QY6nWPoiqQg?sub_confirmation=1\">GP<\/a>&nbsp;|&nbsp;<a href=\"https:\/\/www.youtube.com\/channel\/UC9csiS6q_C3C0FYhyr1rnFA?sub_confirmation=1\">GPTV<\/a><\/strong><\/p>\n\n\n\n<h2 class=\"wp-block-heading\" id=\"h-f1-hoje-saiba-aqui-as-noticias-mais-importantes-do-dia-da-formula-1\">F1 hoje: saiba aqui as not\u00edcias mais importantes do dia da F\u00f3rmula 1<\/h2>\n\n\n\n<p class=\"wp-block-paragraph\">A reda\u00e7\u00e3o do&nbsp;<strong>GRANDE PR\u00caMIO<\/strong>&nbsp;selecionou as not\u00edcias mais importantes das \u00faltimas horas para voc\u00ea ficar por dentro de tudo que acontece na F1.<\/p>\n\n\n\n<p class=\"wp-block-paragraph\">\u00a0<strong><a href=\"https:\/\/www.grandepremio.com\/br\/f1\/noticias\/por-que-protocolo-raios-coloca-realizacao-gp-miami-f1-risco\/\"><\/a><a href=\"https:\/\/www.grandepremio.com\/br\/f1\/noticias\/lando-norris-voa-poe-mclaren-pole-corrida-sprint-gp-miami-bortoleto-11o\/\">Norris voa e p\u00f5e McLaren na pole da corrida sprint do GP de Miami. Bortoleto \u00e9 11\u00ba<\/a><\/strong><br>\u00a0<strong><a href=\"https:\/\/www.grandepremio.com\/br\/f1\/noticias\/charles-leclerc-danca-macarena-ferrari-lidera-treino-livre-gp-miami-gabriel-bortoleto-14o\/\">Leclerc dan\u00e7a Macarena com Ferrari e lidera treino livre do GP de Miami. Bortoleto \u00e9 14\u00ba<\/a><\/strong><br><strong><a href=\"https:\/\/www.grandepremio.com\/br\/f1\/noticias\/mclaren-red-bull-ferrari-comecam-zero-atualizacoes-equipes-gp-miami\/\">McLaren, Red Bull e Ferrari come\u00e7am do zero: atualiza\u00e7\u00f5es das equipes para GP de Miami<\/a><\/strong><br>\u00a0<a href=\"https:\/\/www.grandepremio.com\/br\/f1\/noticias\/lando-norris-celebra-pole-perfeita-sprint-miami-mas-contem-expectativa\/\"><strong>Norris atribui pole \u201cperfeita\u201d em sprint de Miami \u00e0 McLaren: \u201cC\u00e1lculos foram corretos\u201d<\/strong><\/a><br>\u00a0<a href=\"https:\/\/www.grandepremio.com\/br\/f1\/noticias\/f1-2026-como-ficou-grid-largada-corrida-sprint-gp-miami\/\"><strong>F1 2026: como ficou o grid de largada da corrida sprint do GP de Miami<\/strong><\/a><a href=\"https:\/\/www.grandepremio.com\/br\/chefao\/\" target=\"_blank\" rel=\"noreferrer noopener\"><\/a><\/p>\n","protected":false},"excerpt":{"rendered":"<p>A Aston Martin n\u00e3o conseguiu cumprir a regra que obriga todos os pilotos a fecharem a melhor volta da classifica\u00e7\u00e3o dentro de 107% do melhor tempo do SQ1. Ainda assim, a FIA autorizou a equipe a participar da corrida sprint em Miami<\/p>\n","protected":false},"author":0,"featured_media":1001081520,"comment_status":"closed","ping_status":"closed","sticky":false,"template":"","format":"standard","meta":{"42wp_featured_image_caption":"","42wp_featured_image_credits":"","42wp_featured_video":"","42wp_featured_image_hidden":false,"42wp_authors_list":[],"footnotes":""},"categories":[2],"tags":[309,26271,5273,896,147,29516,29148,176,180,31425,28995,873,34737,1491,28285,2834,30840,2470,45747,31473,35129,31470],"42wp_author":[47162],"class_list":["post-9505","post","type-post","status-publish","format-standard","has-post-thumbnail","hentry","category-f1","tag-aston-martin","tag-calendario-f1","tag-classificacao-f1","tag-estados-unidos","tag-f1","tag-f1-2026","tag-f1-hoje","tag-fernando-alonso","tag-formula-1","tag-formula-1-2026","tag-formula-1-hoje","tag-gp-de-miami","tag-gp-de-miami-f1","tag-grande-premio","tag-grandepremio","tag-hard-rock-stadium","tag-horarios-f1","tag-miami","tag-miami-2026","tag-miami-f1","tag-onde-assistir-f1","tag-temporada-2026-f1","42wp_author-giovani-danjo"],"_links":{"self":[{"href":"https:\/\/grandepremio.com\/br\/wp-json\/wp\/v2\/posts\/9505","targetHints":{"allow":["GET"]}}],"collection":[{"href":"https:\/\/grandepremio.com\/br\/wp-json\/wp\/v2\/posts"}],"about":[{"href":"https:\/\/grandepremio.com\/br\/wp-json\/wp\/v2\/types\/post"}],"replies":[{"embeddable":true,"href":"https:\/\/grandepremio.com\/br\/wp-json\/wp\/v2\/comments?post=9505"}],"version-history":[{"count":0,"href":"https:\/\/grandepremio.com\/br\/wp-json\/wp\/v2\/posts\/9505\/revisions"}],"wp:featuredmedia":[{"embeddable":true,"href":"https:\/\/grandepremio.com\/br\/wp-json\/wp\/v2\/media\/1001081520"}],"wp:attachment":[{"href":"https:\/\/grandepremio.com\/br\/wp-json\/wp\/v2\/media?parent=9505"}],"wp:term":[{"taxonomy":"category","embeddable":true,"href":"https:\/\/grandepremio.com\/br\/wp-json\/wp\/v2\/categories?post=9505"},{"taxonomy":"post_tag","embeddable":true,"href":"https:\/\/grandepremio.com\/br\/wp-json\/wp\/v2\/tags?post=9505"},{"taxonomy":"42wp_author","embeddable":true,"href":"https:\/\/grandepremio.com\/br\/wp-json\/wp\/v2\/42wp_author?post=9505"}],"curies":[{"name":"wp","href":"https:\/\/api.w.org\/{rel}","templated":true}]}}