{"id":9513,"date":"2026-05-01T21:42:35","date_gmt":"2026-05-02T00:42:35","guid":{"rendered":"https:\/\/grandepremio.com\/br\/noticias\/audi-destaca-ritmo-encorajador-gabriel-bortoleto-nico-hulkenberg-miami-ha-muito-em-jogo\/"},"modified":"2026-05-01T21:44:07","modified_gmt":"2026-05-02T00:44:07","slug":"audi-destaca-ritmo-encorajador-gabriel-bortoleto-nico-hulkenberg-miami-ha-muito-em-jogo","status":"publish","type":"post","link":"https:\/\/grandepremio.com\/br\/f1\/audi-destaca-ritmo-encorajador-gabriel-bortoleto-nico-hulkenberg-miami-ha-muito-em-jogo\/","title":{"rendered":"Audi destaca ritmo &#8220;encorajador&#8221; de Bortoleto e H\u00fclkenberg em Miami: &#8220;H\u00e1 muito em jogo&#8221;"},"content":{"rendered":"\n<p class=\"wp-block-paragraph\"><a href=\"https:\/\/www.grandepremio.com\/br\/f1\/noticias\/audi-confirma-reestruturacao-anuncia-allan-mcnish-diretor-corrida-f1\/\">Rec\u00e9m-nomeado diretor de corridas<\/a> da <strong>Audi<\/strong>, <strong>Allan McNish<\/strong> admitiu que deixou a sexta-feira (1\u00ba) em <strong>Miami<\/strong> com sentimentos mistos, j\u00e1 que acreditava ser poss\u00edvel avan\u00e7ar at\u00e9 o SQ3 da <a href=\"https:\/\/www.grandepremio.com\/br\/f1\/noticias\/lando-norris-voa-poe-mclaren-pole-corrida-sprint-gp-miami-gabriel-bortoleto-11o\/\">classifica\u00e7\u00e3o sprint<\/a>. De qualquer maneira, o dirigente ficou satisfeito com o fato de tanto <strong>Gabriel Bortoleto<\/strong> quanto <strong>Nico H\u00fclkenberg<\/strong> terem aprovado a performance do <strong>R26<\/strong>, que <a href=\"https:\/\/www.grandepremio.com\/br\/f1\/noticias\/mclaren-red-bull-ferrari-comecam-zero-atualizacoes-equipes-gp-miami\/\">recebeu algumas atualiza\u00e7\u00f5es<\/a>.<\/p>\n\n\n\n<p class=\"wp-block-paragraph\">Embora o desempenho da dupla n\u00e3o tenha sido t\u00e3o satisfat\u00f3rio assim no <a href=\"https:\/\/www.grandepremio.com\/br\/f1\/noticias\/charles-leclerc-danca-macarena-ferrari-lidera-treino-livre-gp-miami-gabriel-bortoleto-14o\/\">\u00fanico treino livre do fim de semana<\/a>, a equipe alem\u00e3 deu a volta por cima horas depois. Ao anotar 1min29s994 como melhor tempo, o brasileiro garantiu a 11\u00aa posi\u00e7\u00e3o no grid de largada da prova curta, logo \u00e0 frente do colega de garagem, que se contentou com o 12\u00ba lugar ao cravar 1min30s019 no cron\u00f4metro.<\/p>\n\n\n\n<figure class=\"wp-block-embed is-type-video is-provider-youtube wp-block-embed-youtube wp-embed-aspect-16-9 wp-has-aspect-ratio\"><div class=\"wp-block-embed__wrapper\">\n<iframe loading=\"lazy\" title=\"\ud83d\udd34AO VIVO! F1 2026 EM MIAMI: NORRIS POLE, ANTONELLI 2\u00ba NO GRID DA CORRIDA SPRINT [narra\u00e7\u00e3o +Briefing]\" width=\"500\" height=\"281\" src=\"https:\/\/www.youtube.com\/embed\/FTAGmKDOJmw?feature=oembed\" frameborder=\"0\" allow=\"accelerometer; autoplay; clipboard-write; encrypted-media; gyroscope; picture-in-picture; web-share\" referrerpolicy=\"strict-origin-when-cross-origin\" allowfullscreen><\/iframe>\n<\/div><\/figure>\n\n\n\n<h3 class=\"wp-block-heading has-vivid-red-color has-text-color has-link-color wp-elements-1\" id=\"h-gp-experience-o-novo-produto-do-grande-premio-conecta-voce-aos-maiores-eventos-de-esporte-a-motor-do-mundo-va-para-indianapolis-com-a-gente-saiba-aqui-todos-os-detalhes\"><strong>+ GP EXPERIENCE: o novo produto do GRANDE PR\u00caMIO conecta voc\u00ea aos maiores eventos de esporte a motor do mundo. V\u00e1 para Indian\u00e1polis com a gente:\u00a0<a href=\"https:\/\/gpexperience.tur.br\/\">saiba aqui todos os detalhes<\/a>.<\/strong><\/h3>\n\n\n\n<p class=\"wp-block-paragraph\">&#8220;Foi uma boa recupera\u00e7\u00e3o ap\u00f3s um TL que n\u00e3o foi o ideal e, no geral, uma classifica\u00e7\u00e3o muito apertada. Ambos os pilotos ficaram fora do SQ3 por apenas alguns cent\u00e9simos de segundo, o que mostra como as diferen\u00e7as s\u00e3o m\u00ednimas. Entramos na sess\u00e3o sabendo que, se tudo se encaixasse, poder\u00edamos estar nessa briga \u2014 e, no fim, ficamos exatamente no limite disso&#8221;, come\u00e7ou McNish.<\/p>\n\n\n\n<p class=\"wp-block-paragraph\">&#8220;Embora seja frustrante ficar de fora por diferen\u00e7as t\u00e3o pequenas, isso tamb\u00e9m destaca o qu\u00e3o competitivo est\u00e1 o grid e onde precisamos focar para dar o pr\u00f3ximo passo. Pelo lado positivo, o feedback de ambos os pilotos sobre o equil\u00edbrio do carro foi encorajador, e estamos em uma posi\u00e7\u00e3o razo\u00e1vel para amanh\u00e3. Ainda h\u00e1 muita coisa em jogo&#8221;, encerrou o diretor da Audi.<\/p>\n\n\n\n<p class=\"wp-block-paragraph\">O&nbsp;<strong>GRANDE PR\u00caMIO<\/strong>&nbsp;acompanha todas as atividades do&nbsp;<strong>GP de Miami<\/strong>&nbsp;<a href=\"https:\/\/www.grandepremio.com\/br\/ao-vivo\/f1\/\"><strong>AO VIVO E EM&nbsp;<\/strong><\/a><strong><a href=\"https:\/\/www.grandepremio.com\/br\/ao-vivo\/\" target=\"_blank\" rel=\"noreferrer noopener\">TEMPO REAL<\/a><\/strong>,&nbsp;<a href=\"https:\/\/www.youtube.com\/@GrandePremio1\/streams\">al\u00e9m de classifica\u00e7\u00f5es e corridas em&nbsp;<strong>SEGUNDA TELA&nbsp;<\/strong>no YouTube<\/a>, em parceria com a&nbsp;<strong>Voz do Esporte<\/strong>. O&nbsp;<strong>Briefing&nbsp;<\/strong>chega para analisar ap\u00f3s o fim de cada dia de atividades nas redes sociais e na&nbsp;<strong>GPTV<\/strong>.<\/p>\n\n\n\n<p class=\"wp-block-paragraph\">Al\u00e9m disso, o&nbsp;<strong>GRANDE PR\u00caMIO<\/strong>&nbsp;est\u00e1 in loco em Miami com os rep\u00f3rteres&nbsp;<strong>Bernardo Castro<\/strong>&nbsp;e&nbsp;<strong>Leonid Kliuev<\/strong>.<\/p>\n\n\n\n<h2 class=\"wp-block-heading\" id=\"h-gp-de-miami-de-f1-veja-os-horarios-em-brasil-cabo-verde-portugal-angola-e-mocambique\">GP de Miami de F1: veja os hor\u00e1rios em Brasil, Cabo Verde, Portugal, Angola e Mo\u00e7ambique:<\/h2>\n\n\n\n<figure class=\"wp-block-table\"><table class=\"has-fixed-layout\"><tbody><tr><td class=\"has-text-align-left\" data-align=\"left\"><strong>Sess\u00e3o<\/strong><\/td><td class=\"has-text-align-left\" data-align=\"left\"><strong>BRA*<\/strong><\/td><td class=\"has-text-align-left\" data-align=\"left\"><strong>CBV<\/strong><\/td><td class=\"has-text-align-left\" data-align=\"left\"><strong>POR<\/strong><br><strong>ANG<\/strong><\/td><td class=\"has-text-align-left\" data-align=\"left\"><strong>MOZ<\/strong><\/td><\/tr><tr><td class=\"has-text-align-left\" data-align=\"left\">Corrida Sprint<\/td><td class=\"has-text-align-left\" data-align=\"left\">13:00<\/td><td class=\"has-text-align-left\" data-align=\"left\">15:00<\/td><td class=\"has-text-align-left\" data-align=\"left\">17:00<\/td><td class=\"has-text-align-left\" data-align=\"left\">18:00<\/td><\/tr><tr><td class=\"has-text-align-left\" data-align=\"left\">Classifica\u00e7\u00e3o<\/td><td class=\"has-text-align-left\" data-align=\"left\">17:00<\/td><td class=\"has-text-align-left\" data-align=\"left\">19:00<\/td><td class=\"has-text-align-left\" data-align=\"left\">21:00<\/td><td class=\"has-text-align-left\" data-align=\"left\">22:00<\/td><\/tr><tr><td class=\"has-text-align-left\" data-align=\"left\">Corrida<\/td><td class=\"has-text-align-left\" data-align=\"left\">17:00<\/td><td class=\"has-text-align-left\" data-align=\"left\">19:00<\/td><td class=\"has-text-align-left\" data-align=\"left\">21:00<\/td><td class=\"has-text-align-left\" data-align=\"left\">22:00<\/td><\/tr><\/tbody><\/table><\/figure>\n\n\n\n<p class=\"wp-block-paragraph\">\u25b6\ufe0f\u00a0<strong>Inscreva-se nos dois canais do GRANDE PR\u00caMIO no YouTube:\u00a0<a href=\"https:\/\/www.youtube.com\/channel\/UC9OlHEgxoaY6QY6nWPoiqQg?sub_confirmation=1\">GP<\/a>\u00a0|\u00a0<a href=\"https:\/\/www.youtube.com\/channel\/UC9csiS6q_C3C0FYhyr1rnFA?sub_confirmation=1\">GPTV<\/a><\/strong><\/p>\n\n\n\n<h2 class=\"wp-block-heading\" id=\"h-f1-hoje-saiba-aqui-as-noticias-mais-importantes-do-dia-da-formula-1\">F1 hoje: saiba aqui as not\u00edcias mais importantes do dia da F\u00f3rmula 1<\/h2>\n\n\n\n<p class=\"wp-block-paragraph\">A reda\u00e7\u00e3o do&nbsp;<strong>GRANDE PR\u00caMIO<\/strong>&nbsp;selecionou as not\u00edcias mais importantes das \u00faltimas horas para voc\u00ea ficar por dentro de tudo que acontece na F1.<\/p>\n\n\n\n<p class=\"wp-block-paragraph\">\u25b6\ufe0f\u00a0<strong><a href=\"https:\/\/www.grandepremio.com\/br\/f1\/noticias\/por-que-protocolo-raios-coloca-realizacao-gp-miami-f1-risco\/\"><\/a><a href=\"https:\/\/www.grandepremio.com\/br\/f1\/noticias\/lando-norris-voa-poe-mclaren-pole-corrida-sprint-gp-miami-bortoleto-11o\/\">Norris voa e p\u00f5e McLaren na pole da corrida sprint do GP de Miami. Bortoleto \u00e9 11\u00ba<\/a><\/strong><br>\u25b6\ufe0f\u00a0<strong><a href=\"https:\/\/www.grandepremio.com\/br\/f1\/noticias\/charles-leclerc-danca-macarena-ferrari-lidera-treino-livre-gp-miami-gabriel-bortoleto-14o\/\">Leclerc dan\u00e7a Macarena com Ferrari e lidera treino livre do GP de Miami. Bortoleto \u00e9 14\u00ba<\/a><\/strong><br>\u25b6\ufe0f\u00a0<strong><a href=\"https:\/\/www.grandepremio.com\/br\/f1\/noticias\/ceo-f1-revela-conversa-faz-apelo-por-fico-max-verstappen-espero-que-continue\/\"><\/a><a href=\"https:\/\/www.grandepremio.com\/br\/f1\/noticias\/mclaren-red-bull-ferrari-comecam-zero-atualizacoes-equipes-gp-miami\/\">McLaren, Red Bull e Ferrari come\u00e7am do zero: atualiza\u00e7\u00f5es das equipes para GP de Miami<\/a><\/strong><br>\u25b6\ufe0f\u00a0<a href=\"https:\/\/www.grandepremio.com\/br\/f1\/noticias\/lando-norris-celebra-pole-perfeita-sprint-miami-mas-contem-expectativa\/\"><strong>Norris atribui pole \u201cperfeita\u201d em sprint de Miami \u00e0 McLaren: \u201cC\u00e1lculos foram corretos\u201d<\/strong><\/a><br>\u25b6\ufe0f\u00a0<a href=\"https:\/\/www.grandepremio.com\/br\/f1\/noticias\/f1-2026-como-ficou-grid-largada-corrida-sprint-gp-miami\/\"><strong>F1 2026: como ficou o grid de largada da corrida sprint do GP de Miami<\/strong><\/a><\/p>\n","protected":false},"excerpt":{"rendered":"<p>Allan McNish ficou feliz com a recupera\u00e7\u00e3o da Audi ap\u00f3s um treino livre abaixo do esperado, mas reconheceu que a equipe poderia ter chegado mais longe na classifica\u00e7\u00e3o sprint<\/p>\n","protected":false},"author":0,"featured_media":1001081639,"comment_status":"closed","ping_status":"closed","sticky":false,"template":"","format":"standard","meta":{"42wp_featured_image_caption":"","42wp_featured_image_credits":"","42wp_featured_video":"","42wp_featured_image_hidden":false,"42wp_authors_list":[],"footnotes":""},"categories":[2],"tags":[4867,970,26271,5273,896,147,29516,29148,180,31425,28995,350,873,34737,1491,28285,2834,30840,2470,45747,31473,1521,35129,31470],"42wp_author":[47160],"class_list":["post-9513","post","type-post","status-publish","format-standard","has-post-thumbnail","hentry","category-f1","tag-allan-mcnish","tag-audi","tag-calendario-f1","tag-classificacao-f1","tag-estados-unidos","tag-f1","tag-f1-2026","tag-f1-hoje","tag-formula-1","tag-formula-1-2026","tag-formula-1-hoje","tag-gabriel-bortoleto","tag-gp-de-miami","tag-gp-de-miami-f1","tag-grande-premio","tag-grandepremio","tag-hard-rock-stadium","tag-horarios-f1","tag-miami","tag-miami-2026","tag-miami-f1","tag-nico-hulkenberg","tag-onde-assistir-f1","tag-temporada-2026-f1","42wp_author-vicente-soella"],"_links":{"self":[{"href":"https:\/\/grandepremio.com\/br\/wp-json\/wp\/v2\/posts\/9513","targetHints":{"allow":["GET"]}}],"collection":[{"href":"https:\/\/grandepremio.com\/br\/wp-json\/wp\/v2\/posts"}],"about":[{"href":"https:\/\/grandepremio.com\/br\/wp-json\/wp\/v2\/types\/post"}],"replies":[{"embeddable":true,"href":"https:\/\/grandepremio.com\/br\/wp-json\/wp\/v2\/comments?post=9513"}],"version-history":[{"count":0,"href":"https:\/\/grandepremio.com\/br\/wp-json\/wp\/v2\/posts\/9513\/revisions"}],"wp:featuredmedia":[{"embeddable":true,"href":"https:\/\/grandepremio.com\/br\/wp-json\/wp\/v2\/media\/1001081639"}],"wp:attachment":[{"href":"https:\/\/grandepremio.com\/br\/wp-json\/wp\/v2\/media?parent=9513"}],"wp:term":[{"taxonomy":"category","embeddable":true,"href":"https:\/\/grandepremio.com\/br\/wp-json\/wp\/v2\/categories?post=9513"},{"taxonomy":"post_tag","embeddable":true,"href":"https:\/\/grandepremio.com\/br\/wp-json\/wp\/v2\/tags?post=9513"},{"taxonomy":"42wp_author","embeddable":true,"href":"https:\/\/grandepremio.com\/br\/wp-json\/wp\/v2\/42wp_author?post=9513"}],"curies":[{"name":"wp","href":"https:\/\/api.w.org\/{rel}","templated":true}]}}